{"id":3826,"date":"2013-09-17T14:04:33","date_gmt":"2013-09-17T11:04:33","guid":{"rendered":"http:\/\/www.ced.org.tr\/?p=3826"},"modified":"2013-09-17T14:04:33","modified_gmt":"2013-09-17T11:04:33","slug":"savasa-zemin-hazirlayan-kosullar-ve-savaslar-saglik-icin-en-buyuk-tehdittir-icerde-disarda-savasa-hayir","status":"publish","type":"post","link":"http:\/\/www.ced.org.tr\/?p=3826","title":{"rendered":"Sava\u015fa Zemin Haz\u0131rlayan Ko\u015fullar ve Sava\u015flar Sa\u011fl\u0131k \u0130\u00e7in En B\u00fcy\u00fck Tehdittir: \u0130\u00e7erde, D\u0131\u015farda Sava\u015fa Hay\u0131r!"},"content":{"rendered":"<div style=\"color: #222222; font-family: arial, sans-serif; font-size: 12.800000190734863px;\">TTB Merkez Konseyi Ba\u015fkan\u0131 Prof. Dr. \u00d6zdemir Aktan, sava\u015f\u0131n bir halk sa\u011fl\u0131\u011f\u0131 problemi oldu\u011funu belirtti, \u201cBug\u00fcn yan\u0131 ba\u015f\u0131m\u0131zda bir sava\u015f ya\u015fan\u0131yor. Rojava\u2019n\u0131n d\u00f6rt bir taraf\u0131 ku\u015fat\u0131lm\u0131\u015f durumda ve sa\u011fl\u0131\u011fa ula\u015f\u0131mda zorluk \u00e7ekiyor.&#8221; dedi.<\/p>\n<\/div>\n<div style=\"color: #222222; font-family: arial, sans-serif; font-size: 12.800000190734863px;\"><\/div>\n<div style=\"color: #222222; font-family: arial, sans-serif; font-size: 12.800000190734863px;\"><a href=\"http:\/\/www.ttb.org.tr\/index.php\/Haberler\/savas-4014.html\" target=\"_blank\" style=\"color: #1155cc;\">http:\/\/www.ttb.org.tr\/index.php\/Haberler\/savas-4014.html<\/a><\/div>\n<div style=\"color: #222222; font-family: arial, sans-serif; font-size: 12.800000190734863px;\"><\/div>\n<div style=\"color: #222222; font-family: arial, sans-serif; font-size: 12.800000190734863px;\">\n<div><strong>Bas\u0131n A\u00e7\u0131klamas\u0131<\/strong><\/div>\n<p align=\"center\"><strong>15.09.2013<\/strong><\/p>\n<p style=\"text-align: center;\"><span style=\"font-size: 18px;\"><strong>Sava\u015fa Zemin Haz\u0131rlayan Ko\u015fullar ve Sava\u015flar Sa\u011fl\u0131k \u0130\u00e7in En B\u00fcy\u00fck Tehdittir: \u0130\u00e7erde, D\u0131\u015farda Sava\u015fa Hay\u0131r!<\/strong><\/span><\/p>\n<p>Sava\u015flar ve buna zemin haz\u0131rlayan ko\u015fullar yol a\u00e7t\u0131\u011f\u0131 do\u011fa ve insani tahribatlar nedeniyle halk sa\u011fl\u0131\u011f\u0131n\u0131 tehdit eden en \u00f6nemli sorundur. Sava\u015flar do\u011fa tahribat\u0131n\u0131n yan\u0131nda fiziksel, ruhsal, sosyal ve siyasal sa\u011fl\u0131k a\u00e7\u0131s\u0131ndan onar\u0131lmaz devasa sorunlarla sadece mevcut ku\u015fa\u011f\u0131 etkilemekle kalmaz gelecek ku\u015faklar\u0131m\u0131z\u0131n sa\u011fl\u0131\u011f\u0131nda da kal\u0131c\u0131 olumsuz etkilere sahip olma ger\u00e7ekli\u011fi ile hem g\u00fcn\u00fcm\u00fcz hem de gelece\u011fimiz a\u00e7\u0131s\u0131ndan en b\u00fcy\u00fck tehdittir.\u00a0<strong>Say\u0131larla ifade ederek yabanc\u0131la\u015ft\u0131rd\u0131\u011f\u0131m\u0131z \u00f6l\u00fcmler, sakatl\u0131klar, hastal\u0131klar, rahats\u0131zl\u0131klar hem yak\u0131nlar\u0131 olarak bizler i\u00e7in hem de t\u00fcm toplum i\u00e7in ola\u011fan ko\u015fullarla k\u0131yaslanmayacak kadar katlan\u0131lmaz boyuttad\u0131r.<\/strong> Do\u011frudan silahlara ba\u011fl\u0131 yaralanmalar\u0131n ve \u00f6l\u00fcmlerin yan\u0131 s\u0131ra sava\u015f ortam\u0131n\u0131n yaratt\u0131\u011f\u0131 bar\u0131nma, beslenme, temiz su ve at\u0131klar gibi \u00e7evre ko\u015fullar\u0131, toplu ya\u015fam, ula\u015f\u0131m, insan onuruna yak\u0131\u015fmayan bask\u0131lar vb. olumsuzluklar ile dolayl\u0131 olarak sa\u011fl\u0131\u011f\u0131m\u0131z \u00fczerindeki tehdit kendini devam ettirir.\u00a0\u00a0<strong>Biz hekimler, sa\u011fl\u0131k\u00e7\u0131lar i\u00e7in ac\u0131maz olan ger\u00e7eklik sava\u015fa zemin haz\u0131rlayan ko\u015fullar\u0131n ve sava\u015flar\u0131n insan eliyle olu\u015fturulan halk sa\u011fl\u0131\u011f\u0131 ve do\u011fa \u00fczerindeki felaketler olmas\u0131d\u0131r; dolay\u0131s\u0131yla \u00d6NLENEB\u0130L\u0130R olmas\u0131d\u0131r.<\/strong> \u00d6nlemenin yolu bar\u0131\u015f ortam\u0131 ve demokrasinin in\u015fas\u0131ndan ge\u00e7mektedir. Sava\u015fa taraf olan Ortado\u011fu halklar\u0131 de\u011fildir. Ortado\u011fu halklar\u0131 i\u00e7in \u00e7\u00f6z\u00fcm bar\u0131\u015ft\u0131r, demokrasidir, emperyalist-kapitalist politikalar\u0131n ortadan kald\u0131r\u0131ld\u0131\u011f\u0131 insanca ya\u015faman\u0131n m\u00fcmk\u00fcn oldu\u011fu \u00d6zg\u00fcr, e\u015fit, s\u00f6m\u00fcr\u00fcs\u00fcz, her t\u00fcrl\u00fc tahakk\u00fcm\u00fcn ortadan kalkt\u0131\u011f\u0131 bir d\u00fcnya ve toplumsal d\u00fczendir. Biz burada bir kez daha T\u00fcrkiye\u2019li hekimler olarak t\u00fcm hekimler ad\u0131na bu \u00f6nlenebilir soruna sessiz kalman\u0131n, demokratik \u00e7\u00f6z\u00fcm yollar\u0131n\u0131 kapaman\u0131n, halklar\u0131n \u00e7\u00f6z\u00fcm i\u00e7in harekete ge\u00e7mesinin engellenmesinin bir insanl\u0131k su\u00e7u oldu\u011funu, bu soruna sessiz kalmad\u0131\u011f\u0131m\u0131z\u0131, kalmayaca\u011f\u0131m\u0131z\u0131 her t\u00fcrl\u00fc demokratik m\u00fccadele y\u00f6ntemlerini kullanaca\u011f\u0131m\u0131z\u0131 ilan ediyoruz.<\/p>\n<p><strong>\u0130LA\u00c7 TIBB\u0130 MALZEME VE GIDA YARDIMINA AMBARGO \u0130NSANLIK SU\u00c7UDUR<\/strong><\/p>\n<p>Sava\u015f ortam\u0131n\u0131n yol a\u00e7t\u0131\u011f\u0131 \u00f6nemli bir soruna, sa\u011fl\u0131k hizmetine eri\u015fim sorununa dikkat \u00e7ekmek istiyoruz. Bug\u00fcn Suriye\u2019de sava\u015f\u0131n yol a\u00e7t\u0131\u011f\u0131 tahribat, ekolojik y\u0131k\u0131m, yoksulluk, ya\u015fan\u0131lan topraklar\u0131n terke zorlanmas\u0131, bar\u0131nma olanaklar\u0131n\u0131n ortadan kalkmas\u0131 ve ya\u015fanmaz hale gelmesi, \u00e7evre sa\u011fl\u0131\u011f\u0131na y\u00f6nelik artan tehditler, bula\u015f\u0131c\u0131 hastal\u0131k tehditleri, sa\u011fl\u0131k hizmetlerinin tahrip olmas\u0131, ila\u00e7 ba\u015fta olmak \u00fczere t\u0131bbi olanaklara eri\u015fememe sava\u015f\u0131n yol a\u00e7t\u0131\u011f\u0131 ac\u0131lar\u0131n yaln\u0131zca bir b\u00f6l\u00fcm\u00fcd\u00fcr. S\u0131cak \u00e7at\u0131\u015fma ortam\u0131nda, sava\u015f\u0131n etkiledi\u011fi olumsuz ortamlarda ve sava\u015fa ba\u011fl\u0131 g\u00f6\u00e7\u00fcn ger\u00e7ekle\u015fti\u011fi her yerde sa\u011fl\u0131k hizmetlerini en \u00fcst d\u00fczeyde s\u00fcrd\u00fcrmek, ola\u011fan durumlar\u0131 a\u015fan bir \u00e7aba ile sa\u011fl\u0131k hizmeti vermek hekimler, sa\u011fl\u0131k\u00e7\u0131lar i\u00e7in vazge\u00e7ilmez, ikame edilemez bir sorumluluktur. Ne yaz\u0131k ki, hekimler ve sa\u011fl\u0131k\u00e7\u0131lar olarak sa\u011fl\u0131k hizmetlerinin niceli\u011fi ve niteli\u011fi ve sa\u011fl\u0131k hizmetine eri\u015fimle ilgili ya\u015fanan ciddi sorunlar\u0131n tan\u0131klar\u0131y\u0131z. T\u00fcrkiye, Suriye ve Irak K\u00fcrt Federe devletinin Rojava\u2019ya uygulad\u0131\u011f\u0131 ila\u00e7,\u00a0 t\u0131bbi ve g\u0131da yard\u0131m\u0131n\u0131 da i\u00e7eren ambargosu biz hekimler i\u00e7in kabul edilemezdir. Ambargonun yol a\u00e7t\u0131\u011f\u0131 sorunlar\u0131 g\u00f6z \u00f6n\u00fcnde bulundu\u011fumuzda bir insanl\u0131k su\u00e7u ile kar\u015f\u0131 kar\u015f\u0131yay\u0131z. \u0130la\u00e7, t\u0131bbi ve g\u0131da yard\u0131m\u0131na ambargonun yol a\u00e7t\u0131\u011f\u0131 \u00f6l\u00fcmler, sakatl\u0131klar ve hastal\u0131klar vicdanlar\u0131m\u0131z\u0131 s\u0131zlat\u0131yor. Anestezik ila\u00e7lar, kan \u00fcr\u00fcnleri, diyaliz s\u0131v\u0131s\u0131, antibiyotik, kanser ila\u00e7lar\u0131, a\u011fr\u0131 kesiciler, \u015eeker ve tansiyon vb. kronik hastal\u0131klar i\u00e7in gerekli ila\u00e7lara; klor, mama, g\u0131da, vb. maddelerine eri\u015filememesi; elektrik olmad\u0131\u011f\u0131 i\u00e7in bu\u011fdaylar\u0131n \u00f6\u011f\u00fct\u00fclememesi, sa\u011fl\u0131k hizmetine sunulamamas\u0131 vb. nedenlerle ger\u00e7ekle\u015fen \u00f6l\u00fcmler, sakatl\u0131klar ve hastal\u0131klar \u00f6nlenebilirdir, \u00f6nlemek i\u00e7in \u00e7aba g\u00f6sterilmemesi, sessiz kal\u0131nmas\u0131 sa\u011fl\u0131k\u00e7\u0131lar i\u00e7in anla\u015f\u0131lmazd\u0131r. \u0130nsanl\u0131k su\u00e7u niteli\u011findedir. Biz T\u00fcrkiye\u2019li hekimler olarak s\u0131n\u0131ra kom\u015fu olan t\u00fcm \u00fclkelerin kap\u0131lar\u0131n\u0131 ila\u00e7, t\u0131bbi ve g\u0131da yard\u0131mlar\u0131 i\u00e7in a\u00e7mas\u0131n\u0131 talep ediyoruz. Bu talep t\u00fcm insanl\u0131k ad\u0131nad\u0131r. Yine TTB ve B\u00f6lge tabip odalar\u0131 olarak Rojava i\u00e7in ba\u015flat\u0131lan ila\u00e7, t\u0131bbi ve g\u0131da yard\u0131m\u0131 kampanyas\u0131n\u0131 t\u00fcm tabip odalar\u0131na yayd\u0131\u011f\u0131m\u0131z\u0131, toplanan yard\u0131mlar\u0131 kendi ellerimizle s\u0131n\u0131r illerimizdeki kap\u0131lardan teslim edece\u011fimizi ilan ediyoruz.<\/p>\n<p>T\u00dcM SI\u011eINMACILARI G\u00d6ZETEN B\u00dcT\u00dcNC\u00dcL YER\u0130NDE SA\u011eLIK H\u0130ZMET\u0130<\/p>\n<p>\u00dclkede her ge\u00e7en g\u00fcn artan s\u0131\u011f\u0131nmac\u0131 ger\u00e7e\u011fine dikkat \u00e7ekmek istiyoruz. Devlet kurumlar\u0131n\u0131n ula\u015fmad\u0131\u011f\u0131 s\u0131\u011f\u0131nmac\u0131 n\u00fcfusu her ge\u00e7en g\u00fcn artmaktad\u0131r. Parklarda ve kentin varo\u015flar\u0131nda, harabe ve y\u0131k\u0131lm\u0131\u015f binalarda her t\u00fcrl\u00fc olanaktan yoksun \u00e7ok say\u0131da s\u0131\u011f\u0131nmac\u0131 ya\u015famaktad\u0131r. Kamp d\u0131\u015f\u0131nda ya\u015fayanlar i\u00e7in ayakta durmak olduk\u00e7a zordur. Ba\u015fta bar\u0131nma, beslenme, i\u015f, gelir olmak \u00fczere sa\u011fl\u0131k ve e\u011fitim alan\u0131nda da ciddi sorunlar ya\u015fanmaktad\u0131r. \u00d6zellikle ya\u015fam ko\u015fullar\u0131 da d\u00fc\u015f\u00fcn\u00fcld\u00fc\u011f\u00fcnde koruyucu hizmetlerin kamp d\u0131\u015f\u0131nda ya\u015fayanlarda da s\u00fcrekli bir \u015fekilde verilmesi zorunluluktur. Ge\u00e7en y\u0131l ya\u015fad\u0131\u011f\u0131m\u0131z k\u0131zam\u0131k, s\u0131tma, \u015fark \u00e7\u0131ban\u0131 salg\u0131nlar\u0131n\u0131n daha da artarak kar\u015f\u0131m\u0131za \u00e7\u0131kmas\u0131 kimseyi \u015fa\u015f\u0131rtmamal\u0131d\u0131r. Tifo, dizanteri, polio gibi hastal\u0131klar\u0131nda ortaya \u00e7\u0131kma potansiyeli mevcuttur. S\u0131\u011f\u0131nmac\u0131lara y\u00f6nelik ko\u015fullar\u0131n\u0131n d\u00fczeltilmedi\u011fi takdirde bebek, \u00e7ocuk, anne \u00f6l\u00fcmleri ve kronik hastal\u0131klar\u0131n komplikasyonlar\u0131 ka\u00e7\u0131n\u0131lmaz olacakt\u0131r. Bir an \u00f6nce t\u00fcm s\u0131\u011f\u0131nmac\u0131lar\u0131 g\u00f6zeten, b\u00fct\u00fcnc\u00fcl bir sa\u011fl\u0131k hizmetini yerinde sunma anlay\u0131\u015f\u0131na ge\u00e7ilmelidir. TTB taraf\u0131ndan olu\u015fturulan Halk sa\u011fl\u0131\u011f\u0131 ekibi s\u0131\u011f\u0131nmac\u0131lar\u0131n yo\u011fun olarak ya\u015fad\u0131klar\u0131 s\u0131n\u0131r illerinde incelemelerde bulunarak tespit ve \u00f6nerilerini i\u00e7eren bir rapor \u00f6n\u00fcm\u00fczdeki g\u00fcnlerde kamuoyu ile payla\u015f\u0131lacakt\u0131r.<\/p>\n<p>K\u00dcRT SORUNUNDA \u00c7\u00d6Z\u00dcM: T\u00dcRK\u0130YEN\u0130N DEMOKRAT\u0130KLE\u015eMES\u0130<\/p>\n<p>Son olarak K\u00fcrt sorunun \u00e7\u00f6z\u00fcm\u00fcnde g\u00fcndeme gelen bar\u0131\u015f ve m\u00fczakere s\u00fcreci ile ilgili kayg\u0131 ve endi\u015felerimiz silahl\u0131 g\u00fc\u00e7lerin geri \u00e7ekilmeyi durdurmas\u0131 ile birlikte her ge\u00e7en g\u00fcn daha da art\u0131yor. S\u00fcre\u00e7le ilgili \u015feffaf bir ortam\u0131n sa\u011flanmamas\u0131, siyasi muhalefetin ve taraflar\u0131n e\u015fit kat\u0131lmamas\u0131, toplumsal muhalefetin dahil edilmemesi, bar\u0131\u015f\u0131 in\u015fa edecek ad\u0131mlar\u0131n at\u0131lmamas\u0131, bar\u0131\u015f s\u00fcre\u00e7leri ile ilgili d\u00fcnya birikimlerinin ve akademinin katk\u0131lar\u0131n\u0131n g\u00f6z ard\u0131 edilmesi ciddi engeller olarak kar\u015f\u0131m\u0131za \u00e7\u0131k\u0131yor. Bar\u0131\u015f s\u00fcrecinin \u00f6n\u00fcndeki engellerin ortadan kald\u0131r\u0131lmas\u0131 i\u00e7in ba\u015fta AKP h\u00fck\u00fcmeti olmak \u00fczere, t\u00fcm kesimler ellerinden geleni yapma iradesini g\u00f6stermelidir. K\u00fcrt halk\u0131n\u0131n temel taleplerini kar\u015f\u0131layarak toplumsal bir bar\u0131\u015f\u0131 kurmak; kimli\u011fi, k\u00fclt\u00fcr\u00fc, dili, dini, mezhebi, g\u00f6r\u00fc\u015f\u00fc ne olursa olsun, \u00fczerinde e\u015fit haklara sahip yurtta\u015flar olarak ya\u015fayaca\u011f\u0131m\u0131z, demokratik, e\u015fitlik\u00e7i ve \u00f6zg\u00fcrl\u00fck\u00e7\u00fc bir T\u00fcrkiye sorunlar\u0131n ger\u00e7ek \u00e7\u00f6z\u00fcm\u00fcd\u00fcr.\u00a0 T\u00fcrkiye demokrasi g\u00fc\u00e7leri her zaman \u015fiddetin, sava\u015f\u0131n kar\u015f\u0131s\u0131nda olmu\u015ftur. Bug\u00fcn de t\u00fcm g\u00fcc\u00fcyle halklar i\u00e7in ac\u0131, zul\u00fcm, bask\u0131, yoksulluk, s\u00f6m\u00fcr\u00fc anlam\u0131na gelecek sava\u015fa kar\u015f\u0131 bar\u0131\u015f\u0131n sesini y\u00fckseltiyor. Bir kez daha vurguluyoruz biz sa\u011fl\u0131k\u00e7\u0131lar sava\u015f\u0131n en b\u00fcy\u00fck sa\u011fl\u0131k sorunu oldu\u011fu bilinciyle b\u00f6lgede bar\u0131\u015f ortam\u0131n\u0131n tesis edilmesi i\u00e7in T\u00fcrkiye demokrasi g\u00fc\u00e7leri ile birlikte m\u00fccadeleye devam edece\u011fiz.<\/p>\n<p>TTB Merkez Konseyi<\/p>\n<p>B\u00f6lge Tabip Odalar\u0131<\/p>\n<\/div>\n","protected":false},"excerpt":{"rendered":"<p>TTB Merkez Konseyi Ba\u015fkan\u0131 Prof. Dr. \u00d6zdemir Aktan, sava\u015f\u0131n bir halk sa\u011fl\u0131\u011f\u0131 problemi oldu\u011funu belirtti, \u201cBug\u00fcn yan\u0131 ba\u015f\u0131m\u0131zda bir sava\u015f&#46;&#46;&#46;<\/p>\n","protected":false},"author":1,"featured_media":0,"comment_status":"closed","ping_status":"closed","sticky":false,"template":"","format":"standard","meta":{"_jetpack_memberships_contains_paid_content":false,"footnotes":""},"categories":[1],"tags":[],"class_list":["post-3826","post","type-post","status-publish","format-standard","hentry","category-ced"],"aioseo_notices":[],"jetpack_featured_media_url":"","jetpack_sharing_enabled":true,"jetpack-related-posts":[],"_links":{"self":[{"href":"http:\/\/www.ced.org.tr\/index.php?rest_route=\/wp\/v2\/posts\/3826","targetHints":{"allow":["GET"]}}],"collection":[{"href":"http:\/\/www.ced.org.tr\/index.php?rest_route=\/wp\/v2\/posts"}],"about":[{"href":"http:\/\/www.ced.org.tr\/index.php?rest_route=\/wp\/v2\/types\/post"}],"author":[{"embeddable":true,"href":"http:\/\/www.ced.org.tr\/index.php?rest_route=\/wp\/v2\/users\/1"}],"replies":[{"embeddable":true,"href":"http:\/\/www.ced.org.tr\/index.php?rest_route=%2Fwp%2Fv2%2Fcomments&post=3826"}],"version-history":[{"count":0,"href":"http:\/\/www.ced.org.tr\/index.php?rest_route=\/wp\/v2\/posts\/3826\/revisions"}],"wp:attachment":[{"href":"http:\/\/www.ced.org.tr\/index.php?rest_route=%2Fwp%2Fv2%2Fmedia&parent=3826"}],"wp:term":[{"taxonomy":"category","embeddable":true,"href":"http:\/\/www.ced.org.tr\/index.php?rest_route=%2Fwp%2Fv2%2Fcategories&post=3826"},{"taxonomy":"post_tag","embeddable":true,"href":"http:\/\/www.ced.org.tr\/index.php?rest_route=%2Fwp%2Fv2%2Ftags&post=3826"}],"curies":[{"name":"wp","href":"https:\/\/api.w.org\/{rel}","templated":true}]}}