{"id":3829,"date":"2013-09-27T07:44:32","date_gmt":"2013-09-27T04:44:32","guid":{"rendered":"http:\/\/www.ced.org.tr\/?p=3829"},"modified":"2013-09-27T07:44:32","modified_gmt":"2013-09-27T04:44:32","slug":"doktorlardan-cok-sert-gezi-raporu","status":"publish","type":"post","link":"http:\/\/www.ced.org.tr\/?p=3829","title":{"rendered":"Doktorlardan \u00e7ok sert Gezi raporu"},"content":{"rendered":"<p><span style=\"color: #222222; font-family: arial, sans-serif; font-size: 12.800000190734863px;\">ABD merkezli \u0130nsan Haklar\u0131 Savunucusu Doktorlar (PHR) \u00f6rg\u00fct\u00fc, yay\u0131nlad\u0131\u011f\u0131 32 sayfal\u0131k bir raporla, T\u00fcrkiye&#8217;de polisin Gezi Park\u0131 protestolar\u0131nda biber gaz\u0131n\u0131 halka kar\u015f\u0131 silah olarak kulland\u0131\u011f\u0131n\u0131 belirtti.<\/span><\/p>\n<div style=\"color: #222222; font-family: arial, sans-serif; font-size: 12.800000190734863px;\">\n<p>Radikal, 26.09.2013<\/p>\n<p><a href=\"http:\/\/www.radikal.com.tr\/turkiye\/doktorlardan_cok_sert_gezi_raporu-1152590\" target=\"_blank\" style=\"color: #1155cc;\">http:\/\/www.radikal.com.tr\/turkiye\/doktorlardan_cok_sert_gezi_raporu-1152590<\/a><\/p>\n<p><a href=\"http:\/\/www.radikal.com.tr\/index\/ABD\" target=\"_blank\" style=\"color: #1155cc;\">ABD<\/a> \u2019nin \u00f6nde gelen sivil toplum kurulu\u015flar\u0131ndan, d\u00fcnyada sa\u011fl\u0131k alan\u0131nda ya\u015fanan insan hakk\u0131 ihlallerini ara\u015ft\u0131ran \u0130nsan Haklar\u0131 Savunucusu Doktorlar (PHR) \u00f6rg\u00fct\u00fc,<a href=\"http:\/\/www.radikal.com.tr\/index\/Turkiye\" target=\"_blank\" style=\"color: #1155cc;\">T\u00fcrkiye<\/a> \u2019deki Gezi Park\u0131 protestolar\u0131 s\u0131ras\u0131nda polisin olaylara m\u00fcdahale \u015feklini ele\u015ftiren sert bir rapor yay\u0131nlad\u0131.\u00a0<\/p>\n<p>H\u00fcrriyet gazetesinden Tolga Tn\u0131\u015f\u2019\u0131n haberine g\u00f6re raporda, polisin orant\u0131s\u0131z \u015fiddet uygulad\u0131\u011f\u0131, biber gaz\u0131n\u0131 halka kar\u015f\u0131 silah olarak kulland\u0131\u011f\u0131 ve kasti olarak da sa\u011fl\u0131k kurulu\u015flar\u0131n\u0131, personelini hedef ald\u0131\u011f\u0131n\u0131 belirtildi.<\/p>\n<p>DeDe Dunevant, Eliza Young, Michele Heisler, Vincent Iacopino\u2019dan olu\u015fan d\u00f6rt ki\u015filik bir doktor heyetinin haziran sonunda T\u00fcrkiye\u2019de yapt\u0131\u011f\u0131 bir haftal\u0131k incelemelerden sonra haz\u0131rlanan ve d\u00fcn yay\u0131nlanan 32 sayfal\u0131k raporda, PHR,\u00a0<a href=\"http:\/\/www.radikal.com.tr\/index\/istanbul\" target=\"_blank\" style=\"color: #1155cc;\">\u0130stanbul<\/a> \u2019daki Gezi Park\u0131\u2019n\u0131n y\u0131k\u0131m\u0131n\u0131 protesto i\u00e7in ba\u015flayan bar\u0131\u015f\u00e7\u0131l g\u00f6sterilerin uluslararas\u0131 hukuka ayk\u0131r\u0131 \u015fekilde bast\u0131r\u0131ld\u0131\u011f\u0131n\u0131 ifade ediyor. Polisin biber gaz\u0131, plastik mermi, tazyikli su, darp ve silah kullanarak uygulad\u0131\u011f\u0131 \u015fiddetin de, 8000\u2019den fazla ki\u015finin yaralanmas\u0131yla sonu\u00e7land\u0131\u011f\u0131n\u0131 belirtiyor.<\/p>\n<p><strong>130 B\u0130N KAPS\u00dcL B\u0130BER GAZI<\/strong> <br \/>Ma\u011fdur ve g\u00f6rg\u00fc tan\u0131klar\u0131yla yap\u0131lan g\u00f6r\u00fc\u015fmeler sonucu yaz\u0131lan raporda, T\u00fcrk Tabipleri Birli\u011fi (TTB) ve \u0130nsan Haklar\u0131 Derne\u011fi (\u0130HD) gibi sivil toplum kurulu\u015flar\u0131n\u0131n olaylarla ilgili a\u00e7\u0131klad\u0131\u011f\u0131 verilerden de yararlan\u0131l\u0131yor. Buna g\u00f6re g\u00f6sterilerin ba\u015flang\u0131c\u0131ndan itibaren g\u00fcvenlik g\u00fc\u00e7lerinin resmi verilere g\u00f6re 130 bin kaps\u00fcl biber gaz\u0131 kullanarak \u00fclkenin y\u0131ll\u0131k biber gaz\u0131 rezervini 20 g\u00fcnde bitirdi\u011fi hat\u0131rlat\u0131l\u0131yor.<\/p>\n<p><strong>169 MA\u011eDUR VAKASI<\/strong> <br \/>PHR\u2019\u0131n inceledi\u011fi 169 ma\u011fdurun fiziksel ve psikolojik verilerine g\u00f6re bu ma\u011fdurlar\u0131n t\u00fcm\u00fcn\u00fcn biber gaz\u0131na maruz kald\u0131\u011f\u0131 ve \u00e7e\u015fitli hastal\u0131k belirtileri g\u00f6sterdikleri ifade ediliyor. Bu belirtiler aras\u0131nda da solunum problemleri, alerji ve deri ka\u015f\u0131nt\u0131lar\u0131, i\u015fitme kayb\u0131, y\u00fcksek tansiyon yer al\u0131yor.<\/p>\n<p>Raporda, protestolara kat\u0131lan sa\u011fl\u0131k g\u00f6revlilerine ve g\u00f6stericilerin bak\u0131m\u0131n\u0131 \u00fcstlenen sa\u011fl\u0131k kurulu\u015flar\u0131na yap\u0131lan m\u00fcdahaleler de detayl\u0131 olarak inceleniyor. Ve yaralanan g\u00f6stericilere m\u00fcdahale eden sa\u011fl\u0131k personelinin g\u00f6zalt\u0131na al\u0131nmas\u0131, revirlere yap\u0131lan sald\u0131r\u0131lar s\u0131ralan\u0131yor. Ayr\u0131ca sa\u011fl\u0131k bakanl\u0131\u011f\u0131 taraf\u0131ndan Temmuz ay\u0131nda parlamentoya sunulan, acil sa\u011fl\u0131k hizmetlerinin baz\u0131 gereklerini su\u00e7 kapsam\u0131na alan yasa tasla\u011f\u0131n\u0131n mevcut yasama y\u0131l\u0131nda kabul edilme ihtimali oldu\u011fu hat\u0131rlat\u0131l\u0131yor.<\/p>\n<p><strong>KULLANIM YASAKLANMALI<\/strong> <br \/>Raporu haz\u0131rlayanlardan Dr. Iacopino, \u00e7al\u0131\u015fmayla ilgili yapt\u0131\u011f\u0131 a\u00e7\u0131klamada \u015funlar\u0131 s\u00f6yledi: \u201cGezi Park\u0131 g\u00f6sterileri s\u0131ras\u0131nda T\u00fcrkiyeli yetkililer taraf\u0131ndan hem g\u00f6stericilere hem de g\u00f6stericileri tedavi eden sa\u011fl\u0131k personeline kar\u015f\u0131 kullan\u0131lan g\u00fcc\u00fcn bi\u00e7imi ve \u015fiddeti orant\u0131s\u0131zd\u0131r ve kabul edilemez. T\u00fcrkiye\u2019de biber gaz\u0131n\u0131n her t\u00fcrl\u00fc kullan\u0131m\u0131 yasaklanmal\u0131 ve h\u00fck\u00fcmet yetkilileri bu tarz istismarlar\u0131n \u00f6nlenmesinin garantisini vermelidir.\u201d<\/p>\n<p><strong>TASARI REDDED\u0130LMEL\u0130<\/strong><br \/>PHR\u2019\u0131n y\u00f6netim kurulu \u00fcyesi Dr. Heisler ise raporla ilgili \u015f\u00f6yle konu\u015ftu: \u201cT\u00fcrkiyeli yetkililer yaral\u0131lar\u0131 tedavi eden doktorlar\u0131 ve revirleri kas\u0131tl\u0131 olarak hedef almakla kalmay\u0131p \u015fimdi de bu sa\u011fl\u0131k hizmetlerini su\u00e7 unsuruna d\u00f6n\u00fc\u015ft\u00fcrmek i\u00e7in \u00e7aba sarf ediyorlar. Sa\u011fl\u0131k Bakanl\u0131\u011f\u0131\u2019n\u0131n T\u00fcrk Ceza Kanunu\u2019nu ihlal edecek bu yasa tasar\u0131s\u0131 sa\u011fl\u0131k \u00e7al\u0131\u015fanlar\u0131n\u0131n yaral\u0131lara korkusuzca ve tarafs\u0131zca sa\u011fl\u0131k hizmeti sa\u011flayabilmeleri ad\u0131na reddedilmelidir.\u201d<\/p>\n<p><strong>BASKI REJ\u0130MLER\u0130N\u0130 ARA\u015eTIRIYOR<\/strong> <br \/>1986\u2019da kurulan PHR, \u015eili\u2019deki Pinochet diktat\u00f6rl\u00fc\u011f\u00fcn\u00fcn sa\u011fl\u0131k g\u00f6revlilerine uygulad\u0131\u011f\u0131 bask\u0131lar\u0131 ara\u015ft\u0131rm\u0131\u015f, ard\u0131ndan 1988\u2019de Irak\u2019ta Saddam rejiminin kimyasal silah kullan\u0131m\u0131n\u0131 belgelemi\u015fti. \u00d6rg\u00fct, Bahreyn\u2019de doktorlara yap\u0131lan sistematik sald\u0131r\u0131lar, \u0130ran\u2019daki doktor tutuklamalar\u0131,\u00a0<a href=\"http:\/\/www.radikal.com.tr\/index\/Suriye\" target=\"_blank\" style=\"color: #1155cc;\">Suriye<\/a> ve eski Yugoslavya\u2019daki sa\u011fl\u0131k kurulu\u015flar\u0131n\u0131n hedef g\u00f6sterilmesi gibi konular\u0131 da ara\u015ft\u0131rd\u0131.<\/p>\n<\/div>\n","protected":false},"excerpt":{"rendered":"<p>ABD merkezli \u0130nsan Haklar\u0131 Savunucusu Doktorlar (PHR) \u00f6rg\u00fct\u00fc, yay\u0131nlad\u0131\u011f\u0131 32 sayfal\u0131k bir raporla, T\u00fcrkiye&#8217;de polisin Gezi Park\u0131 protestolar\u0131nda biber gaz\u0131n\u0131&#46;&#46;&#46;<\/p>\n","protected":false},"author":1,"featured_media":0,"comment_status":"closed","ping_status":"closed","sticky":false,"template":"","format":"standard","meta":{"_jetpack_memberships_contains_paid_content":false,"footnotes":""},"categories":[1],"tags":[],"class_list":["post-3829","post","type-post","status-publish","format-standard","hentry","category-ced"],"aioseo_notices":[],"jetpack_featured_media_url":"","jetpack_sharing_enabled":true,"jetpack-related-posts":[],"_links":{"self":[{"href":"http:\/\/www.ced.org.tr\/index.php?rest_route=\/wp\/v2\/posts\/3829","targetHints":{"allow":["GET"]}}],"collection":[{"href":"http:\/\/www.ced.org.tr\/index.php?rest_route=\/wp\/v2\/posts"}],"about":[{"href":"http:\/\/www.ced.org.tr\/index.php?rest_route=\/wp\/v2\/types\/post"}],"author":[{"embeddable":true,"href":"http:\/\/www.ced.org.tr\/index.php?rest_route=\/wp\/v2\/users\/1"}],"replies":[{"embeddable":true,"href":"http:\/\/www.ced.org.tr\/index.php?rest_route=%2Fwp%2Fv2%2Fcomments&post=3829"}],"version-history":[{"count":0,"href":"http:\/\/www.ced.org.tr\/index.php?rest_route=\/wp\/v2\/posts\/3829\/revisions"}],"wp:attachment":[{"href":"http:\/\/www.ced.org.tr\/index.php?rest_route=%2Fwp%2Fv2%2Fmedia&parent=3829"}],"wp:term":[{"taxonomy":"category","embeddable":true,"href":"http:\/\/www.ced.org.tr\/index.php?rest_route=%2Fwp%2Fv2%2Fcategories&post=3829"},{"taxonomy":"post_tag","embeddable":true,"href":"http:\/\/www.ced.org.tr\/index.php?rest_route=%2Fwp%2Fv2%2Ftags&post=3829"}],"curies":[{"name":"wp","href":"https:\/\/api.w.org\/{rel}","templated":true}]}}