{"id":3830,"date":"2013-09-27T07:47:29","date_gmt":"2013-09-27T04:47:29","guid":{"rendered":"http:\/\/www.ced.org.tr\/?p=3830"},"modified":"2013-09-27T07:47:29","modified_gmt":"2013-09-27T04:47:29","slug":"bakanlik-gezi-eylemcilerine-ilac-veren-eczacilarin-pesine-dustu","status":"publish","type":"post","link":"http:\/\/www.ced.org.tr\/?p=3830","title":{"rendered":"Bakanl\u0131k Gezi eylemcilerine ila\u00e7 veren eczac\u0131lar\u0131n pe\u015fine d\u00fc\u015ft\u00fc"},"content":{"rendered":"<p><span style=\"color: #222222; font-family: arial, sans-serif; font-size: 12.800000190734863px;\">Sa\u011fl\u0131k Bakanl\u0131\u011f\u0131, Gezi eylemleri s\u0131ras\u0131nda kullan\u0131lan ve polislerin el koydu\u011fu ila\u00e7lar i\u00e7in eczac\u0131lar hakk\u0131nda soru\u015fturma ba\u015flatt\u0131.<\/span><\/p>\n<div style=\"color: #222222; font-family: arial, sans-serif; font-size: 12.800000190734863px;\">\n<div>\n<div style=\"background-image: none;\">Radikal, 26.09.2013<\/p>\n<\/div>\n<\/div>\n<div>\n<div style=\"background-image: none;\"><\/div>\n<div style=\"background-image: none;\">Gezi olaylar\u0131 s\u0131ras\u0131nda kurulan revirlerinde g\u00f6rev alan g\u00f6n\u00fcll\u00fc doktorlar hakk\u0131nda soru\u015fturma ba\u015flatan Sa\u011fl\u0131k Bakanl\u0131\u011f\u0131, eylemlerde ele ge\u00e7irilen ve daha \u00f6nce sergilenen ila\u00e7larla ilgili de inceleme ba\u015flatt\u0131.<\/p>\n<p>Birg\u00fcn gazetesinden Burcu Cansu\u2019nun haberine g\u00f6re Sa\u011fl\u0131k Bakanl\u0131\u011f\u0131 taraf\u0131ndan g\u00f6revlendirilen m\u00fcfetti\u015fler, olaylarda yaralananlar\u0131n tedavisi i\u00e7in ila\u00e7 deste\u011fi veren eczane ve hastanelerle ilgili rapor haz\u0131rlad\u0131.<\/p>\n<p><strong>\u0130LA\u00c7 VERMEN\u0130N CEZASI\u00a0450 TL<\/strong><br \/>\u0130la\u00e7 ve T\u0131bbi Cihaz Kurumu Ba\u015fkanl\u0131\u011f\u0131 taraf\u0131ndan g\u00f6revlendirilen m\u00fcfetti\u015fler karekod sistemi \u00fczerinden ele ge\u00e7irilen ila\u00e7lar\u0131n hangi noktalardan sat\u0131ld\u0131\u011f\u0131n\u0131 tespit ederek, s\u00f6z konusu eczane ve hastanelerde incelemeler yapt\u0131.<\/p>\n<p>Eczanelere re\u00e7etesiz ila\u00e7 vermekten \u00f6t\u00fcr\u00fc 450 TL&#8217;den ba\u015flayan miktarlarda para cezalar\u0131 kesilece\u011fi, sa\u011fl\u0131k personeli hakk\u0131nda ise hastane mal\u0131n\u0131 izinsiz \u00e7\u0131kartt\u0131klar\u0131 gerek\u00e7esiyle idari i\u015flem yap\u0131laca\u011f\u0131 a\u00e7\u0131kland\u0131.<\/p>\n<p><strong>&#8220;EN \u00c7OK TALC\u0130D SATTIK&#8221;<\/strong><br \/>Soru\u015fturmaya tepki g\u00f6steren eczac\u0131lar eylemler s\u0131ras\u0131nda en fazla, Talcid, rennie, pansuman malzemesi, ameliyat maskesi satt\u0131klar\u0131n\u0131 ve bunlar\u0131n da zaten re\u00e7etesiz sat\u0131lan \u00fcr\u00fcnler oldu\u011funu s\u00f6yledi.<\/p>\n<p>Uygulamay\u0131 de\u011ferlendiren T\u00fcrk Eczac\u0131lar Birli\u011fi Ba\u015fkan\u0131 Erdo\u011fan \u00c7olak, \u201cBizler eczac\u0131lar olarak, sa\u011fl\u0131k mensubuyuz. Eczaneye gelen hastan\u0131n dilini, dinini, ideolojisini, etnik yap\u0131s\u0131n\u0131 incelemeyiz. Sa\u011fl\u0131k a\u00e7\u0131s\u0131ndan yakla\u015f\u0131r\u0131z. Gezi olaylar\u0131 da sosyal bir durumdur. Eczac\u0131lar gezi olaylar\u0131nda ya\u015fanan ola\u011fan\u00fcst\u00fc duruma sa\u011fl\u0131k\u00e7\u0131 olarak yakla\u015farak, sosyal i\u015flevini yerine getirmi\u015ftir\u201d ifadelerini kulland\u0131.<\/p>\n<p><strong>&#8216;SU\u00c7LU \u00d6GES\u0130 YARATMAK YANLI\u015e&#8217;<\/strong><br \/>\u201c\u0130lac\u0131 ve eczac\u0131y\u0131 sistematik davran\u0131\u015fa ta\u015f\u0131mak ve su\u00e7lu \u00f6\u011fesi yaratmak do\u011fru de\u011fildir\u201d diyen \u00c7olak, \u015funlar\u0131 kaydetti:\u00a0<\/p>\n<p>\u0130la\u00e7 takip sistemi sahte ilac\u0131n piyasaya \u00e7\u0131kmamas\u0131 i\u00e7in kurulmu\u015f, bizim de destekledi\u011fimiz bir sistemdir. \u0130la\u00e7 takip sistemi \u00fczerinden Bakanl\u0131k ila\u00e7lar\u0131n akibetini soruyor. Fakat gezi olaylar\u0131 ola\u011fan\u00fcst\u00fc bir s\u00fcre\u00e7ti. Eczac\u0131n\u0131n ilac\u0131 vermesi zorunluluktu. \u0130la\u00e7 takip sistemi amac\u0131na hizmet etmelidir. Bakanl\u0131k yapt\u0131\u011f\u0131 bu soru\u015fturmay\u0131 tekrar g\u00f6zden ge\u00e7irmelidir<\/p><\/div>\n<\/div>\n<\/div>\n","protected":false},"excerpt":{"rendered":"<p>Sa\u011fl\u0131k Bakanl\u0131\u011f\u0131, Gezi eylemleri s\u0131ras\u0131nda kullan\u0131lan ve polislerin el koydu\u011fu ila\u00e7lar i\u00e7in eczac\u0131lar hakk\u0131nda soru\u015fturma ba\u015flatt\u0131. Radikal, 26.09.2013 Gezi olaylar\u0131&#46;&#46;&#46;<\/p>\n","protected":false},"author":1,"featured_media":0,"comment_status":"closed","ping_status":"closed","sticky":false,"template":"","format":"standard","meta":{"_jetpack_memberships_contains_paid_content":false,"footnotes":""},"categories":[1],"tags":[],"class_list":["post-3830","post","type-post","status-publish","format-standard","hentry","category-ced"],"aioseo_notices":[],"jetpack_featured_media_url":"","jetpack_sharing_enabled":true,"jetpack-related-posts":[],"_links":{"self":[{"href":"http:\/\/www.ced.org.tr\/index.php?rest_route=\/wp\/v2\/posts\/3830","targetHints":{"allow":["GET"]}}],"collection":[{"href":"http:\/\/www.ced.org.tr\/index.php?rest_route=\/wp\/v2\/posts"}],"about":[{"href":"http:\/\/www.ced.org.tr\/index.php?rest_route=\/wp\/v2\/types\/post"}],"author":[{"embeddable":true,"href":"http:\/\/www.ced.org.tr\/index.php?rest_route=\/wp\/v2\/users\/1"}],"replies":[{"embeddable":true,"href":"http:\/\/www.ced.org.tr\/index.php?rest_route=%2Fwp%2Fv2%2Fcomments&post=3830"}],"version-history":[{"count":0,"href":"http:\/\/www.ced.org.tr\/index.php?rest_route=\/wp\/v2\/posts\/3830\/revisions"}],"wp:attachment":[{"href":"http:\/\/www.ced.org.tr\/index.php?rest_route=%2Fwp%2Fv2%2Fmedia&parent=3830"}],"wp:term":[{"taxonomy":"category","embeddable":true,"href":"http:\/\/www.ced.org.tr\/index.php?rest_route=%2Fwp%2Fv2%2Fcategories&post=3830"},{"taxonomy":"post_tag","embeddable":true,"href":"http:\/\/www.ced.org.tr\/index.php?rest_route=%2Fwp%2Fv2%2Ftags&post=3830"}],"curies":[{"name":"wp","href":"https:\/\/api.w.org\/{rel}","templated":true}]}}