{"id":3831,"date":"2013-10-02T12:06:40","date_gmt":"2013-10-02T09:06:40","guid":{"rendered":"http:\/\/www.ced.org.tr\/?p=3831"},"modified":"2014-07-26T12:41:42","modified_gmt":"2014-07-26T09:41:42","slug":"istanbul-eczaci-odasi-secimleri-6-ekim-2013-tarihinde-yapilacak","status":"publish","type":"post","link":"http:\/\/www.ced.org.tr\/?p=3831","title":{"rendered":"\u0130stanbul Eczac\u0131 Odas\u0131 Se\u00e7imleri 6 Ekim 2013 tarihinde yap\u0131lacak"},"content":{"rendered":"<p>\u0130stanbul Eczac\u0131 Odas\u0131 Se\u00e7imli Ola\u011fan Genel Kurulu , <strong>5 Ekim 2013 Cumartesi g\u00fcn\u00fc Saat: 10.00-18.00 saatleri aras\u0131 Divan \u0130stanbul Otel<\/strong>\u2019de (Elmada\u011f-Taksim\/\u0130stanbul) \u0130stanbul Eczac\u0131 Odas\u0131 \u00a0kurullar\u0131n se\u00e7imi ise <strong>6 Ekim 2013 pazar g\u00fcn\u00fc Saat: 09.00-17.00 saatleri aras\u0131nda Ni\u015fanta\u015f\u0131 Nuri Ak\u0131n Anadolu Lisesi<\/strong>&#8216;nde (Ma\u00e7ka) yap\u0131lacakt\u0131r.<\/p>\n<p>\u00c7a\u011fda\u015f Eczac\u0131lar se\u00e7ime a\u015fa\u011f\u0131daki liste ile kat\u0131lmaktad\u0131r.<\/p>\n<p><strong>Y\u00f6netim Kurulu Asil<br \/>\n<\/strong>Ecz. Ahmet Semih G\u00dcNG\u00d6R<br \/>\nEcz. Levent \u015eadi ALEMDAR<br \/>\nEcz. Selma Ferda G\u00d6\u00c7ENER<br \/>\nEcz. Mehtap PALACI<br \/>\nEcz. Murat DURMAZ<br \/>\nEcz. Sevgi KAVAK<br \/>\nEcz. Bilge \u00dcST\u00dcNER<\/p>\n<p><strong>Denetleme Kurulu Asil<br \/>\n<\/strong>Ecz. Ayi\u015fe CO\u015eKUN KARATA\u015e<br \/>\nEcz. Fatma Nesrin \u00dcNAL<br \/>\nEcz. Ahmet Ula\u015f BULDANLIO\u011eLU<\/p>\n<p><strong>Onur Kurulu Asil<br \/>\n<\/strong>Prof. Dr. Ecz. Faik \u00d6mer ERSOY<br \/>\nEcz. Erdo\u011fan ARDA<br \/>\nEcz. Erol N\u0130Z\u0130PL\u0130<br \/>\nEcz. \u0130brahim Ertan ALTAN<br \/>\nEcz. Cemile Ferhan SER\u0130N<\/p>\n<p><strong>TEB B\u00fcy\u00fck Kongre Delegeleri Asil<br \/>\n<\/strong>Ecz. Rafet \u015eAH\u0130N<br \/>\nEcz. Abdurrahman ASLAN<br \/>\nEcz. Adnan G\u00dcN\u00dc\u015eEN<br \/>\nEcz. Nurg\u00fcl AKTAY<br \/>\nEcz. Ahmet Ru\u015fen D\u00dcNDAR<br \/>\nEcz. F\u00fcsun \u00c7A\u011eLAR<br \/>\nEcz. Nejat BALTACI<br \/>\nEcz. Nurdan DEM\u0130RKAN<br \/>\nEcz. \u00d6z\u00fcn BAYAR \u00d6ZKAYA<br \/>\nEcz. \u015eadiye Asuman ALKAN<br \/>\nEcz. Mustafa Turgay KORKMAZ<br \/>\nEcz. Sidar D\u0130KEN<br \/>\nEcz. Mehmet Sait Y\u00dcCEL<br \/>\nEcz. Kamer \u0130LTER<br \/>\nEcz. Server KILI\u00c7PARLAR<br \/>\nEcz. Murat KARADEN\u0130Z<br \/>\nEcz. Ersin SEV\u0130N\u00c7<br \/>\nEcz. Erdal F\u0130L\u0130K<br \/>\nEcz. Esin MERAL BAYER<br \/>\nProf. Dr. Ecz. Filiz MER\u0130\u00c7L\u0130<br \/>\nEcz. Fatma \u0130pek TUNA ALKAN<br \/>\nEcz. Ahmet Semih G\u00dcNG\u00d6R<\/p>\n<p><strong>Y\u00f6netim Kurulu Yedek<br \/>\n<\/strong>Ecz. Harika AYDIN ATAL<br \/>\nEcz. Erdem DEM\u0130R<br \/>\nEcz. \u00d6zcan SEVER<br \/>\nEcz. Fatma AK\u015e\u0130T D\u0130KEN<br \/>\nEcz. Ahmet Semih CANAN<br \/>\nEcz. U\u011fur G\u00dcLERCE<br \/>\nEcz. Durmu\u015f Ali DO\u011eAN<\/p>\n<p><strong>Denetleme Kurulu Yedek<br \/>\n<\/strong>Ecz. Feridun SERT<br \/>\nEcz. Fatma Selda KUYUMCU<br \/>\nEcz. G\u00fclay AYTU\u011eRUL<\/p>\n<p><strong>Onur Kurulu Yedek<br \/>\n<\/strong>Ecz. Erol EL\u0130 SAADE<br \/>\nEcz. Mehmet SEYMEN<br \/>\nEcz. Fatma AYDIN<br \/>\nEcz. Cemile Serap SOYSAL<br \/>\nEcz. Sevim EK\u015e\u0130<\/p>\n<p><strong>TEB B\u00fcy\u00fck Kongre Delegeleri Yedek<br \/>\n<\/strong>Ecz. Nermin \u00c7\u0130LO\u011eLU \u015eENEL<br \/>\nEcz. Ak\u0131n \u00d6NDER<br \/>\nEcz. Erdal AK\u00c7AMLI<br \/>\nEcz. Serhat BALKAN<br \/>\nEcz. Ziya Alpay \u015eENER<br \/>\nEcz. Firdes \u00d6ZCAN<br \/>\nEcz. Turap GED\u0130KO\u011eLU<br \/>\nEcz. Jale BAYRAK\u00c7IO\u011eLU<br \/>\nEcz. Serap KARADEN\u0130Z<br \/>\nEcz. Hakk\u0131 Cumhur NAMO\u011eLU<br \/>\nEcz. Yekta GEM\u0130C\u0130<br \/>\nEcz. Hakk\u0131 KAYA<br \/>\nEcz. \u0130smail \u00c7EL\u0130K<br \/>\nEcz. Taner DO\u011eAN<br \/>\nEcz. Rabia P\u0131nar \u00dcNSOY CENG\u0130Z<br \/>\nEcz. H\u00fclya \u00d6ZCAN ORU\u00c7<br \/>\nEcz. Zuhal ATE\u015e<br \/>\nEcz. Peruze \u015eENOL<br \/>\nEcz. Rojda ANIK<br \/>\nEcz. Mirsat \u015eAH\u0130N<br \/>\nEcz. Berna TOYRAN<br \/>\nEcz. Seher Eylem KAYA<\/p>\n<p>&nbsp;<\/p>\n","protected":false},"excerpt":{"rendered":"<p>\u0130stanbul Eczac\u0131 Odas\u0131 Se\u00e7imli Ola\u011fan Genel Kurulu , 5 Ekim 2013 Cumartesi g\u00fcn\u00fc Saat: 10.00-18.00 saatleri aras\u0131 Divan \u0130stanbul Otel\u2019de&#46;&#46;&#46;<\/p>\n","protected":false},"author":1,"featured_media":0,"comment_status":"closed","ping_status":"closed","sticky":false,"template":"","format":"standard","meta":{"_jetpack_memberships_contains_paid_content":false,"footnotes":""},"categories":[1],"tags":[],"class_list":["post-3831","post","type-post","status-publish","format-standard","hentry","category-ced"],"aioseo_notices":[],"jetpack_featured_media_url":"","jetpack_sharing_enabled":true,"jetpack-related-posts":[],"_links":{"self":[{"href":"http:\/\/www.ced.org.tr\/index.php?rest_route=\/wp\/v2\/posts\/3831","targetHints":{"allow":["GET"]}}],"collection":[{"href":"http:\/\/www.ced.org.tr\/index.php?rest_route=\/wp\/v2\/posts"}],"about":[{"href":"http:\/\/www.ced.org.tr\/index.php?rest_route=\/wp\/v2\/types\/post"}],"author":[{"embeddable":true,"href":"http:\/\/www.ced.org.tr\/index.php?rest_route=\/wp\/v2\/users\/1"}],"replies":[{"embeddable":true,"href":"http:\/\/www.ced.org.tr\/index.php?rest_route=%2Fwp%2Fv2%2Fcomments&post=3831"}],"version-history":[{"count":8,"href":"http:\/\/www.ced.org.tr\/index.php?rest_route=\/wp\/v2\/posts\/3831\/revisions"}],"predecessor-version":[{"id":4385,"href":"http:\/\/www.ced.org.tr\/index.php?rest_route=\/wp\/v2\/posts\/3831\/revisions\/4385"}],"wp:attachment":[{"href":"http:\/\/www.ced.org.tr\/index.php?rest_route=%2Fwp%2Fv2%2Fmedia&parent=3831"}],"wp:term":[{"taxonomy":"category","embeddable":true,"href":"http:\/\/www.ced.org.tr\/index.php?rest_route=%2Fwp%2Fv2%2Fcategories&post=3831"},{"taxonomy":"post_tag","embeddable":true,"href":"http:\/\/www.ced.org.tr\/index.php?rest_route=%2Fwp%2Fv2%2Ftags&post=3831"}],"curies":[{"name":"wp","href":"https:\/\/api.w.org\/{rel}","templated":true}]}}