{"id":3832,"date":"2013-10-04T12:14:41","date_gmt":"2013-10-04T09:14:41","guid":{"rendered":"http:\/\/www.ced.org.tr\/?p=3832"},"modified":"2013-10-04T12:14:41","modified_gmt":"2013-10-04T09:14:41","slug":"aksam-ve-skyturk-ethem-sancaka-satildi","status":"publish","type":"post","link":"http:\/\/www.ced.org.tr\/?p=3832","title":{"rendered":"Ak\u015fam ve SkyT\u00fcrk Ethem Sancak&#8217;a sat\u0131ld\u0131"},"content":{"rendered":"<div style=\"color: #222222; font-family: arial, sans-serif; font-size: 12.800000190734863px;\"><\/div>\n<div style=\"color: #222222; font-family: arial, sans-serif; font-size: 12.800000190734863px;\"><span style=\"font-family: arial, helvetica, sans-serif;\">Ak\u015fam Gazetesi b\u00fcnyesinde bulunan Skyt\u00fcrk360 ve dergileriyle birlikte i\u015fadam\u0131 Ethem Sancak&#8217;a sat\u0131ld\u0131.<\/span><\/div>\n<p style=\"color: #222222; font-family: arial, sans-serif; font-size: 12.800000190734863px;\"><span style=\"font-size: 12px;\"><span style=\"font-family: arial, helvetica, sans-serif;\">Gazete ve televizyon kanal\u0131n\u0131 sat\u0131n alabilece\u011finin ilk sinyalleri ge\u00e7ti\u011fimiz g\u00fcnlerde Skyturk360&#8217;da kat\u0131ld\u0131\u011f\u0131 bir programa veren Sancak, stratejik sekt\u00f6r olarak nitelendirdi\u011fi medyaya yeniden d\u00f6nmek istedi\u011fini belirtmi\u015fti.<\/p>\n<p><\/span><\/span><\/p>\n<p style=\"color: #222222; font-family: arial, sans-serif; font-size: 12.800000190734863px;\"><span style=\"font-size: 12px;\"><span style=\"font-family: arial, helvetica, sans-serif;\">Ak\u015fam Gazetesi Y\u00f6netim Kurulu Ba\u015fkan\u0131 Mehemet Ali \u0130slamo\u011flu da kulsilerde konu\u015fulan iddiay\u0131 do\u011frulayarak resmi anla\u015fman\u0131n \u00f6n\u00fcm\u00fczdeki g\u00fcnlerde imzalanaca\u011f\u0131n\u0131 belirtti.<\/span><\/span><\/p>\n<p style=\"color: #222222; font-family: arial, sans-serif; font-size: 12.800000190734863px;\"><span style=\"font-size: 12px;\"><span style=\"font-family: arial, helvetica, sans-serif;\">Kendisini &#8220;Tayyip Erdo\u011fan sevdal\u0131s\u0131&#8221; olarak niteleyen Sancak, tarihe ve ineklere merakl\u0131. Star Gazetesi&#8217;nin ve Kanal 24&#8217;\u00fcn sahibi de olan Sancak, medyadan uzakla\u015fmas\u0131n\u0131 &#8220;Erdo\u011fan&#8217;\u0131 desteklemek i\u00e7in medyaya girdim, bana ihtiya\u00e7 kalmad\u0131\u011f\u0131 i\u00e7in de gazete ve televizyonumu satt\u0131m&#8221; diye a\u00e7\u0131klam\u0131\u015ft\u0131.<\/span><\/span><\/p>\n<p style=\"color: #222222; font-family: arial, sans-serif; font-size: 12.800000190734863px;\"><a href=\"http:\/\/birgun.net\/haber\/aksam-ve-skyturk-ethem-sancaka-satildi-4881.html\" target=\"_blank\" style=\"color: #1155cc;\">http:\/\/birgun.net\/haber\/aksam-ve-skyturk-ethem-sancaka-satildi-4881.html<\/a><\/p>\n","protected":false},"excerpt":{"rendered":"<p>Ak\u015fam Gazetesi b\u00fcnyesinde bulunan Skyt\u00fcrk360 ve dergileriyle birlikte i\u015fadam\u0131 Ethem Sancak&#8217;a sat\u0131ld\u0131. Gazete ve televizyon kanal\u0131n\u0131 sat\u0131n alabilece\u011finin ilk sinyalleri&#46;&#46;&#46;<\/p>\n","protected":false},"author":1,"featured_media":0,"comment_status":"closed","ping_status":"closed","sticky":false,"template":"","format":"standard","meta":{"_jetpack_memberships_contains_paid_content":false,"footnotes":""},"categories":[1],"tags":[],"class_list":["post-3832","post","type-post","status-publish","format-standard","hentry","category-ced"],"aioseo_notices":[],"jetpack_featured_media_url":"","jetpack_sharing_enabled":true,"jetpack-related-posts":[],"_links":{"self":[{"href":"http:\/\/www.ced.org.tr\/index.php?rest_route=\/wp\/v2\/posts\/3832","targetHints":{"allow":["GET"]}}],"collection":[{"href":"http:\/\/www.ced.org.tr\/index.php?rest_route=\/wp\/v2\/posts"}],"about":[{"href":"http:\/\/www.ced.org.tr\/index.php?rest_route=\/wp\/v2\/types\/post"}],"author":[{"embeddable":true,"href":"http:\/\/www.ced.org.tr\/index.php?rest_route=\/wp\/v2\/users\/1"}],"replies":[{"embeddable":true,"href":"http:\/\/www.ced.org.tr\/index.php?rest_route=%2Fwp%2Fv2%2Fcomments&post=3832"}],"version-history":[{"count":0,"href":"http:\/\/www.ced.org.tr\/index.php?rest_route=\/wp\/v2\/posts\/3832\/revisions"}],"wp:attachment":[{"href":"http:\/\/www.ced.org.tr\/index.php?rest_route=%2Fwp%2Fv2%2Fmedia&parent=3832"}],"wp:term":[{"taxonomy":"category","embeddable":true,"href":"http:\/\/www.ced.org.tr\/index.php?rest_route=%2Fwp%2Fv2%2Fcategories&post=3832"},{"taxonomy":"post_tag","embeddable":true,"href":"http:\/\/www.ced.org.tr\/index.php?rest_route=%2Fwp%2Fv2%2Ftags&post=3832"}],"curies":[{"name":"wp","href":"https:\/\/api.w.org\/{rel}","templated":true}]}}