{"id":3833,"date":"2013-10-07T10:05:15","date_gmt":"2013-10-07T07:05:15","guid":{"rendered":"http:\/\/www.ced.org.tr\/?p=3833"},"modified":"2013-10-07T10:05:15","modified_gmt":"2013-10-07T07:05:15","slug":"ecz-erkal-alphani-kaybettik","status":"publish","type":"post","link":"http:\/\/www.ced.org.tr\/?p=3833","title":{"rendered":"Ecz. Erkal Alphan&#8217;\u0131 kaybettik"},"content":{"rendered":"<p><img loading=\"lazy\" decoding=\"async\" src=\"images\/erkal-1.jpg\" border=\"0\" width=\"125\" height=\"176\" style=\"float: left; margin: 10px;\" \/><\/p>\n<p>\u00a0<\/p>\n<p><span style=\"text-align: left; font-size: 10px;\">Meslekta\u015f\u0131m\u0131z, sevgili dostumuz ve \u00c7a\u011fda\u015f Eczac\u0131lar Derne\u011fi&#8217;nin \u00f6nceki y\u00f6neticilerinden Ecz. Erkal Alphan&#8217;\u0131 kaybetmenin \u00fcz\u00fcnt\u00fcs\u00fc i\u00e7erisindeyiz.<\/span><\/p>\n<p style=\"text-align: left;\"><span style=\"font-size: 10px;\">Cenazesi 8 Ekim 2013 Sal\u0131 g\u00fcn\u00fc Kar\u015f\u0131yaka Merkez Camii&#8217;nde k\u0131l\u0131nacak \u00f6\u011fle namaz\u0131n\u0131n ard\u0131ndan Kar\u015f\u0131yaka Mezarl\u0131\u011f\u0131&#8217;nda (Ankara) topra\u011fa verilecektir.<\/span><\/p>\n<p style=\"text-align: left;\"><span style=\"font-size: 10px;\">T\u00fcm dostlar\u0131m\u0131z\u0131n ba\u015f\u0131 sa\u011folsun.<\/span><\/p>\n<p style=\"text-align: center;\"><span style=\"font-size: 10px;\"><strong>\u00c7a\u011fda\u015f Eczac\u0131lar Derne\u011fi<\/strong><\/span><\/p>\n","protected":false},"excerpt":{"rendered":"<p>\u00a0 Meslekta\u015f\u0131m\u0131z, sevgili dostumuz ve \u00c7a\u011fda\u015f Eczac\u0131lar Derne\u011fi&#8217;nin \u00f6nceki y\u00f6neticilerinden Ecz. Erkal Alphan&#8217;\u0131 kaybetmenin \u00fcz\u00fcnt\u00fcs\u00fc i\u00e7erisindeyiz. Cenazesi 8 Ekim 2013&#46;&#46;&#46;<\/p>\n","protected":false},"author":1,"featured_media":0,"comment_status":"closed","ping_status":"closed","sticky":false,"template":"","format":"standard","meta":{"_jetpack_memberships_contains_paid_content":false,"footnotes":""},"categories":[1],"tags":[],"class_list":["post-3833","post","type-post","status-publish","format-standard","hentry","category-ced"],"aioseo_notices":[],"jetpack_featured_media_url":"","jetpack_sharing_enabled":true,"jetpack-related-posts":[],"_links":{"self":[{"href":"http:\/\/www.ced.org.tr\/index.php?rest_route=\/wp\/v2\/posts\/3833","targetHints":{"allow":["GET"]}}],"collection":[{"href":"http:\/\/www.ced.org.tr\/index.php?rest_route=\/wp\/v2\/posts"}],"about":[{"href":"http:\/\/www.ced.org.tr\/index.php?rest_route=\/wp\/v2\/types\/post"}],"author":[{"embeddable":true,"href":"http:\/\/www.ced.org.tr\/index.php?rest_route=\/wp\/v2\/users\/1"}],"replies":[{"embeddable":true,"href":"http:\/\/www.ced.org.tr\/index.php?rest_route=%2Fwp%2Fv2%2Fcomments&post=3833"}],"version-history":[{"count":0,"href":"http:\/\/www.ced.org.tr\/index.php?rest_route=\/wp\/v2\/posts\/3833\/revisions"}],"wp:attachment":[{"href":"http:\/\/www.ced.org.tr\/index.php?rest_route=%2Fwp%2Fv2%2Fmedia&parent=3833"}],"wp:term":[{"taxonomy":"category","embeddable":true,"href":"http:\/\/www.ced.org.tr\/index.php?rest_route=%2Fwp%2Fv2%2Fcategories&post=3833"},{"taxonomy":"post_tag","embeddable":true,"href":"http:\/\/www.ced.org.tr\/index.php?rest_route=%2Fwp%2Fv2%2Ftags&post=3833"}],"curies":[{"name":"wp","href":"https:\/\/api.w.org\/{rel}","templated":true}]}}