{"id":3835,"date":"2013-11-07T15:14:46","date_gmt":"2013-11-07T13:14:46","guid":{"rendered":"http:\/\/www.ced.org.tr\/?p=3835"},"modified":"2013-11-07T15:14:46","modified_gmt":"2013-11-07T13:14:46","slug":"tmmob-hukumet-karariyla-hukumete-baglaniyor","status":"publish","type":"post","link":"http:\/\/www.ced.org.tr\/?p=3835","title":{"rendered":"TMMOB, h\u00fck\u00fcmet karar\u0131yla h\u00fck\u00fcmete ba\u011flan\u0131yor!"},"content":{"rendered":"<h5 style=\"color: #222222; font-family: arial, sans-serif;\"><span style=\"font-size: 12.800000190734863px;\">T\u00fcrk M\u00fchendis ve Mimar Odalar\u0131 Birli\u011fi&#8217;ne (TMMOB) ba\u011fl\u0131 Orman M\u00fchendisleri Odas\u0131&#8217;n\u0131n idari ve mali denetimi Bakanlar Kurulu karar\u0131yla Orman ve Su \u0130\u015fleri Bakanl\u0131\u011f\u0131&#8217;na devredildi. 11 odan\u0131n da \u00c7evre ve \u015eehircilik Bakanl\u0131\u011f\u0131&#8217;na ba\u011flanmas\u0131 i\u00e7in de \u00e7al\u0131\u015fma ba\u015flat\u0131ld\u0131.<\/span><\/h5>\n<h5 style=\"color: #222222; font-family: arial, sans-serif;\"><span style=\"font-size: 12.800000190734863px;\">Radikal, 07.11.2013<\/p>\n<p><\/span><\/h5>\n<p><span style=\"color: #222222; font-family: arial, sans-serif; font-size: 12.800000190734863px;\">Birg\u00fcn gazetesinden Do\u011fu Ero\u011flu&#8217;nun haberine g\u00f6re bug\u00fcn Resmi Gazete&#8217;de yay\u0131nlanan kararla Orman M\u00fchendisleri Odas\u0131&#8217;n\u0131n idari ve mali denetimi Bakanlar Kurulu karar\u0131yla Orman ve Su \u0130\u015fleri Bakanl\u0131\u011f\u0131\u2019na devredildi. \u00c7evre ve \u015eehircilik Bakanl\u0131\u011f\u0131 ise 11 meslek odas\u0131n\u0131n idari ve mali denetim yetkisinin kendisine ba\u011flanmas\u0131 i\u00e7in kararname \u00e7\u0131kartt\u0131. \u00c7evre ve \u015eehircilik Bakan\u0131 Erdo\u011fan Bayraktar imzal\u0131 kararnamenin Bakanlar Kurulu taraf\u0131ndan kabul edilmesi halinde, TMMOB\u2019ye ba\u011fl\u0131 24 meslek odas\u0131n\u0131n 12\u2019si h\u00fck\u00fcmetin kontrol\u00fcne ge\u00e7mi\u015f olacak. <\/span><\/p>\n<div style=\"color: #222222; font-family: arial, sans-serif; font-size: 12.800000190734863px;\">\n<div>\n<div style=\"background-image: none;\">Resmi Gazete\u2019de bug\u00fcn yer alan Bakanlar Kurulu karar\u0131na g\u00f6re, Orman M\u00fchendisleri Odas\u0131\u2019n\u0131n idari ve mali denetimi, 6235 say\u0131l\u0131 TMMOB Kanunu\u2019nun ek 3\u2019\u00fcnc\u00fc maddesine dayan\u0131larak, Orman ve Su \u0130\u015fleri Bakanl\u0131\u011f\u0131\u2019na ba\u011fland\u0131. Kararda, Orman ve Su \u0130\u015fleri Bakanl\u0131\u011f\u0131\u2019n\u0131n 26 Eyl\u00fcl 2013 tarihli yaz\u0131s\u0131 i\u015faret edildi.<\/div>\n<\/div>\n<\/div>\n<p><span style=\"color: #222222; font-family: arial, sans-serif; font-size: 12.800000190734863px;\"> <\/span><\/p>\n<div style=\"color: #222222; font-family: arial, sans-serif; font-size: 12.800000190734863px;\"><strong>11 ODA \u00c7EVRE VE \u015eEH\u0130RC\u0130L\u0130K BAKANLI\u011eI\u2019NA<\/strong><\/p>\n<p>Resmi Gazete\u2019de yay\u0131nlanan karar\u0131n hemen ard\u0131ndan \u00c7evre ve \u015eehircilik Bakanl\u0131\u011f\u0131 da harekete ge\u00e7ti. Orman M\u00fchendisleri Odas\u0131\u2019n\u0131n Orman ve Su \u0130\u015fleri Bakanl\u0131\u011f\u0131\u2019na ba\u011flanmas\u0131 karar\u0131n\u0131n kesinle\u015fmesiyle birlikte Ba\u015fbakanl\u0131\u011fa bir kararname g\u00f6nderen \u00c7evre ve \u015eehircilik Bakanl\u0131\u011f\u0131, TMMOB\u2019ye ba\u011fl\u0131 11 meslek odas\u0131n\u0131n idari ve mali denetiminin kendilerine ba\u011flanmas\u0131n\u0131 talep etti. \u00c7evre ve \u015eehircilik Bakanl\u0131\u011f\u0131\u2019n\u0131n idari ve mali denetimini \u00fcstlenmek istedi\u011fi odalar aras\u0131nda \u00c7evre M\u00fchendisleri Odas\u0131, Elektrik M\u00fchendisleri Odas\u0131, Harita ve Kadastro M\u00fchendisleri Odas\u0131, \u0130\u00e7 Mimarlar Odas\u0131, \u0130n\u015faat M\u00fchendisleri Odas\u0131, Jeofizik M\u00fchendisleri Odas\u0131, Makine M\u00fchendisleri Odas\u0131, Mimarlar Odas\u0131, Peyzaj Mimarlar\u0131 Odas\u0131 ve \u015eehir Planc\u0131lar\u0131 Odas\u0131 bulunuyor.<\/p>\n<p><strong>12 EYL\u00dcL YASASI\u00a0\u0130LE M\u00dcMK\u00dcN<\/strong><\/p>\n<p>TMMOB\u2019la ilgili bu kararlar i\u00e7in 12 Eyl\u00fcl askeri darbesinin ard\u0131ndan g\u00f6reve gelen B\u00fclent Ulusu h\u00fck\u00fcmeti taraf\u0131ndan \u00e7\u0131kart\u0131lan bir kanun h\u00fckm\u00fcnde kararname ile 6235 Say\u0131l\u0131 T\u00fcrk M\u00fchendis Ve Mimar Odalar\u0131 Birli\u011fi Kanunu\u2019na yap\u0131lan ek madde kullan\u0131ld\u0131. 19 Nisan 1983 tarihinde \u00e7\u0131kart\u0131lan 66 No\u2019lu Kanun H\u00fckm\u00fcnde Kararname ile yasaya eklenen Ek Madde 3, \u201cTMMOB \u00fczerinde, Bay\u0131nd\u0131rl\u0131k Bakanl\u0131\u011f\u0131nca; ihtisas dallar\u0131na g\u00f6re, Odalar \u00fczerinde ise, ilgili bakanl\u0131klarca idari ve mali denetim yap\u0131l\u0131r. \u0130lgili Bakanl\u0131klar; Bakanlar Kurulu Kararnamesi ile tespit edilir\u201d ifadesini i\u00e7eriyor. TMMOB hukuk\u00e7ular\u0131, 1983\u2019te yasaya eklenen Ek Madde 3\u2019\u00fcn \u015fimdiye dek hi\u00e7 kullan\u0131lmad\u0131\u011f\u0131n\u0131, Orman M\u00fchendisleri Odas\u0131 ve di\u011fer 11 odan\u0131n \u00e7e\u015fitli bakanl\u0131klara ba\u011flanmas\u0131nda, 12 Eyl\u00fcl\u2019den kalma bu maddeden yararlan\u0131ld\u0131\u011f\u0131n\u0131 belirtiyorlar. Orman M\u00fchendisleri Odas\u0131\u2019n\u0131n ek 3\u2019\u00fcnc\u00fc madde i\u015faret edilerek Orman ve Su \u0130\u015fleri Bakanl\u0131\u011f\u0131\u2019na ba\u011flanmas\u0131n\u0131n ard\u0131ndan, \u00c7evre ve \u015eehircilik Bakanl\u0131\u011f\u0131\u2019n\u0131n Ba\u015fbakanl\u0131\u011fa g\u00f6nderdi\u011fi kararnamede yine ayn\u0131 madde dayanak g\u00f6sterildi.<\/p><\/div>\n","protected":false},"excerpt":{"rendered":"<p>T\u00fcrk M\u00fchendis ve Mimar Odalar\u0131 Birli\u011fi&#8217;ne (TMMOB) ba\u011fl\u0131 Orman M\u00fchendisleri Odas\u0131&#8217;n\u0131n idari ve mali denetimi Bakanlar Kurulu karar\u0131yla Orman ve&#46;&#46;&#46;<\/p>\n","protected":false},"author":1,"featured_media":0,"comment_status":"closed","ping_status":"closed","sticky":false,"template":"","format":"standard","meta":{"_jetpack_memberships_contains_paid_content":false,"footnotes":""},"categories":[1],"tags":[],"class_list":["post-3835","post","type-post","status-publish","format-standard","hentry","category-ced"],"aioseo_notices":[],"jetpack_featured_media_url":"","jetpack_sharing_enabled":true,"jetpack-related-posts":[],"_links":{"self":[{"href":"http:\/\/www.ced.org.tr\/index.php?rest_route=\/wp\/v2\/posts\/3835","targetHints":{"allow":["GET"]}}],"collection":[{"href":"http:\/\/www.ced.org.tr\/index.php?rest_route=\/wp\/v2\/posts"}],"about":[{"href":"http:\/\/www.ced.org.tr\/index.php?rest_route=\/wp\/v2\/types\/post"}],"author":[{"embeddable":true,"href":"http:\/\/www.ced.org.tr\/index.php?rest_route=\/wp\/v2\/users\/1"}],"replies":[{"embeddable":true,"href":"http:\/\/www.ced.org.tr\/index.php?rest_route=%2Fwp%2Fv2%2Fcomments&post=3835"}],"version-history":[{"count":0,"href":"http:\/\/www.ced.org.tr\/index.php?rest_route=\/wp\/v2\/posts\/3835\/revisions"}],"wp:attachment":[{"href":"http:\/\/www.ced.org.tr\/index.php?rest_route=%2Fwp%2Fv2%2Fmedia&parent=3835"}],"wp:term":[{"taxonomy":"category","embeddable":true,"href":"http:\/\/www.ced.org.tr\/index.php?rest_route=%2Fwp%2Fv2%2Fcategories&post=3835"},{"taxonomy":"post_tag","embeddable":true,"href":"http:\/\/www.ced.org.tr\/index.php?rest_route=%2Fwp%2Fv2%2Ftags&post=3835"}],"curies":[{"name":"wp","href":"https:\/\/api.w.org\/{rel}","templated":true}]}}