{"id":3836,"date":"2013-11-28T13:37:55","date_gmt":"2013-11-28T11:37:55","guid":{"rendered":"http:\/\/www.ced.org.tr\/?p=3836"},"modified":"2013-11-28T13:37:55","modified_gmt":"2013-11-28T11:37:55","slug":"tuik-tuketici-fiyatlari-endeksi-anket-calismasi","status":"publish","type":"post","link":"http:\/\/www.ced.org.tr\/?p=3836","title":{"rendered":"T\u00dc\u0130K, T\u00fcketici Fiyatlar\u0131 Endeksi anket \u00e7al\u0131\u015fmas\u0131"},"content":{"rendered":"<div style=\"color: #222222; font-family: arial, sans-serif; font-size: 12.800000190734863px;\"><span style=\"font-size: 14px;\"><span style=\"font-family: arial, helvetica, sans-serif;\"><span style=\"font-family: arial, sans-serif; color: #222222;\"><\/p>\n<h4>\n<div style=\"color: #222222; font-family: arial, sans-serif; font-size: 12.800000190734863px;\">\n<div style=\"color: #222222; font-family: arial, sans-serif; font-size: 12.800000190734863px;\"><span style=\"text-decoration: underline;\">&#8216;Misafirlikte k\u0131zl\u0131 erkekli mi oturuyorsunuz?&#8217;<\/span><\/div>\n<\/div>\n<p style=\"color: #222222; font-family: arial, sans-serif; font-size: 12.800000190734863px;\"><span style=\"font-size: 12.800000190734863px; font-weight: normal;\">CHP Genel Ba\u015fkan Yard\u0131mc\u0131s\u0131 Sezgin Tanr\u0131kulu, T\u00fcrkiye \u0130statistik Kurumu&#8217;nun (T\u00dc\u0130K) enflasyon ara\u015ft\u0131rmas\u0131nda kulland\u0131\u011f\u0131n\u0131 iddia etti\u011fi bir anketi Meclis g\u00fcndemine ta\u015f\u0131d\u0131.<\/span><\/p>\n<p>\u00a0<\/p>\n<p style=\"color: #222222; font-family: arial, sans-serif; font-size: 12.800000190734863px;\"><a href=\"http:\/\/birgun.net\/haber\/misafirlikte-kizli-erkekli-mi-oturuyorsunuz-7490.html\">http:\/\/birgun.net\/haber\/misafirlikte-kizli-erkekli-mi-oturuyorsunuz-7490.html<\/a><\/p>\n<p style=\"color: #222222; font-family: arial, sans-serif; font-size: 12.800000190734863px;\"><span style=\"font-size: 12.800000190734863px; font-weight: normal;\">Yurt Gazetesi&#8217;nin haberine g\u00f6re, CHP Genel Ba\u015fkan Yard\u0131mc\u0131s\u0131 Sezgin Tanr\u0131kulu, Diyanet \u0130\u015fleri Ba\u015fkanl\u0131\u011f\u0131&#8217;n\u0131n tart\u0131\u015fma konusu olan dini hayat anketinden sonra T\u00fcrkiye \u0130statistik Kurumu&#8217;nun (T\u00dc\u0130K) enflasyon ara\u015ft\u0131rmas\u0131nda kulland\u0131\u011f\u0131n\u0131 iddia etti\u011fi yeni bir anketi Meclis g\u00fcndemine ta\u015f\u0131d\u0131.<\/span><\/p>\n<p style=\"color: #222222; font-family: arial, sans-serif; font-size: 12.800000190734863px;\"><span style=\"font-size: 12.800000190734863px; font-weight: normal;\">Tanr\u0131kulu, T\u00fcketici Fiyat Endeksi \u00e7al\u0131\u015fmas\u0131 s\u0131ras\u0131nda anketi kabul eden vatanda\u015flara, &#8220;Sizce k\u00f6pek giren eve melek girer mi? Oy verirken aday\u0131n dindar olup olmad\u0131\u011f\u0131n\u0131 \u00f6nemser misiniz? Miras payla\u015f\u0131m\u0131nda erkeklere iki kat pay m\u0131 verirsiniz?&#8221; diye soruldu\u011funu belirtti.<\/span><\/p>\n<p style=\"color: #222222; font-family: arial, sans-serif; font-size: 12.800000190734863px;\"><span style=\"font-size: 12.800000190734863px;\">34 B\u0130N 624 HANE<\/span><\/p>\n<p style=\"color: #222222; font-family: arial, sans-serif; font-size: 12.800000190734863px;\"><span style=\"font-size: 12.800000190734863px; font-weight: normal;\">Tanr\u0131kulu, Ba\u015fbakan Tayyip Erdo\u011fan&#8217;\u0131n yan\u0131tlamas\u0131 istemiyle Meclis&#8217;e verdi\u011fi \u00f6nergede, &#8220;T\u00dc\u0130K, 2013 y\u0131l\u0131 T\u00fcketici Fiyatlar\u0131 Endeksini belirlemek i\u00e7in ba\u015flatt\u0131\u011f\u0131 anket \u00e7al\u0131\u015fmas\u0131 kapsam\u0131nda evlerin kap\u0131s\u0131n\u0131 \u00e7alarak yakas\u0131nda devletin resmi kurumu T\u00dc\u0130K&#8217;in yaka kart\u0131 olan bir g\u00f6revli anket yapt\u0131klar\u0131n\u0131, tesad\u00fcfi \u00f6rneklemle bu evin se\u00e7ildi\u011fini ve bu ankete cevap vermekle g\u00f6revli olundu\u011funu s\u00f6yl\u00fcyor.<\/span><\/p>\n<p style=\"color: #222222; font-family: arial, sans-serif; font-size: 12.800000190734863px;\"><span style=\"font-size: 12.800000190734863px; font-weight: normal;\">Kabul etmek zorunda hissedip, &#8216;Buyurun sorun&#8217; denildi\u011finde sorular ba\u015fl\u0131yor. Ankette yer alan sorulardan, g\u00f6revlinin elindeki ka\u011f\u0131da bak\u0131ld\u0131\u011f\u0131nda yazan bilgilerden Diyanet \u0130\u015fleri Ba\u015fkanl\u0131\u011f\u0131yla ortakla\u015fa y\u00fcr\u00fct\u00fclen bu \u00e7al\u0131\u015fmada 37 bin 624 hane ziyaret edilece\u011fi \u00f6\u011freniliyor ve belgenin alt\u0131nda da g\u00f6revli ki\u015finin imzas\u0131n\u0131 g\u00f6r\u00fcl\u00fcyor&#8221; dedi.<\/span><\/p>\n<p style=\"color: #222222; font-family: arial, sans-serif; font-size: 12.800000190734863px;\"><span style=\"font-size: 12.800000190734863px; font-weight: normal;\">Tanr\u0131kulu, belgedeki sorular\u0131 \u015f\u00f6yle s\u0131ralad\u0131:<\/span><\/p>\n<p style=\"color: #222222; font-family: arial, sans-serif; font-size: 12.800000190734863px;\"><span style=\"font-size: 12.800000190734863px; font-weight: normal;\">-Hangi dine mensupsunuz?<\/span><\/p>\n<p style=\"color: #222222; font-family: arial, sans-serif; font-size: 12.800000190734863px;\"><span style=\"font-size: 12.800000190734863px; font-weight: normal;\">-Kendinizi hangi mezhebe ait hissediyorsunuz?<\/span><\/p>\n<p style=\"color: #222222; font-family: arial, sans-serif; font-size: 12.800000190734863px;\"><span style=\"font-size: 12.800000190734863px; font-weight: normal;\">-A\u015fa\u011f\u0131daki namazlar\u0131 ne s\u0131kl\u0131kla k\u0131lars\u0131n\u0131z?<\/span><\/p>\n<p style=\"color: #222222; font-family: arial, sans-serif; font-size: 12.800000190734863px;\"><span style=\"font-size: 12.800000190734863px; font-weight: normal;\">-Vakit namazlar\u0131n\u0131 camide veya mescitte k\u0131lar m\u0131s\u0131n\u0131z?<\/span><\/p>\n<p style=\"color: #222222; font-family: arial, sans-serif; font-size: 12.800000190734863px;\"><span style=\"font-size: 12.800000190734863px; font-weight: normal;\">-D\u0131\u015far\u0131 \u00e7\u0131karken ba\u015f\u0131n\u0131z\u0131 \u00f6rter misiniz?<\/span><\/p>\n<p style=\"color: #222222; font-family: arial, sans-serif; font-size: 12.800000190734863px;\"><span style=\"font-size: 12.800000190734863px; font-weight: normal;\">-Birinden bor\u00e7 almaktansa az faizli kredi \u00e7ekmeyi tercih eder misiniz?<\/span><\/p>\n<p style=\"color: #222222; font-family: arial, sans-serif; font-size: 12.800000190734863px;\"><span style=\"font-size: 12.800000190734863px; font-weight: normal;\">-Az olmak kayd\u0131yla yalan s\u00f6ylemek g\u00fcnah m\u0131d\u0131r?<\/span><\/p>\n<p style=\"color: #222222; font-family: arial, sans-serif; font-size: 12.800000190734863px;\"><span style=\"font-size: 12.800000190734863px; font-weight: normal;\">-Sarho\u015f olmayacak kadar i\u00e7ki i\u00e7mek g\u00fcnah m\u0131d\u0131r?<\/span><\/p>\n<p style=\"color: #222222; font-family: arial, sans-serif; font-size: 12.800000190734863px;\"><span style=\"font-size: 12.800000190734863px; font-weight: normal;\">-Alevi misiniz, Sunni misiniz?<\/span><\/p>\n<p style=\"color: #222222; font-family: arial, sans-serif; font-size: 12.800000190734863px;\"><span style=\"font-size: 12.800000190734863px; font-weight: normal;\">-Sizce k\u00f6pek giren eve melek girer mi?<\/span><\/p>\n<p style=\"color: #222222; font-family: arial, sans-serif; font-size: 12.800000190734863px;\"><span style=\"font-size: 12.800000190734863px; font-weight: normal;\">-Alevilik, Bekta\u015filik, Kadirilik gibi olu\u015fumlardan birine mensup musunuz?<\/span><\/p>\n<p style=\"color: #222222; font-family: arial, sans-serif; font-size: 12.800000190734863px;\"><span style=\"font-size: 12.800000190734863px; font-weight: normal;\">-Dini kimden \u00f6\u011frenirsiniz?<\/span><\/p>\n<p style=\"color: #222222; font-family: arial, sans-serif; font-size: 12.800000190734863px;\"><span style=\"font-size: 12.800000190734863px; font-weight: normal;\">-Aileniz ne kadar dindard\u0131r? Hangi dine mensuptur?<\/span><\/p>\n<p style=\"color: #222222; font-family: arial, sans-serif; font-size: 12.800000190734863px;\"><span style=\"font-size: 12.800000190734863px; font-weight: normal;\">-Oru\u00e7, hac, zekat, fitre, kurban kesme gibi ibadetlerle ilgili durumunuz nedir?<\/span><\/p>\n<p style=\"color: #222222; font-family: arial, sans-serif; font-size: 12.800000190734863px;\"><span style=\"font-size: 12.800000190734863px; font-weight: normal;\">-Ne s\u0131kl\u0131kla dua edersiniz?<\/span><\/p>\n<p style=\"color: #222222; font-family: arial, sans-serif; font-size: 12.800000190734863px;\"><span style=\"font-size: 12.800000190734863px; font-weight: normal;\">-\u0130badetlerinizin kazas\u0131n\u0131 yapar m\u0131s\u0131n\u0131z?<\/span><\/p>\n<p style=\"color: #222222; font-family: arial, sans-serif; font-size: 12.800000190734863px;\"><span style=\"font-size: 12.800000190734863px; font-weight: normal;\">-Oy verirken aday\u0131n dindar olup olmad\u0131\u011f\u0131n\u0131 \u00f6nemser misiniz?<\/span><\/p>\n<p style=\"color: #222222; font-family: arial, sans-serif; font-size: 12.800000190734863px;\"><span style=\"font-size: 12.800000190734863px; font-weight: normal;\">-Miras payla\u015f\u0131m\u0131nda erkeklere iki kat pay m\u0131 verirsiniz?<\/span><\/p>\n<p style=\"color: #222222; font-family: arial, sans-serif; font-size: 12.800000190734863px;\"><span style=\"font-size: 12.800000190734863px; font-weight: normal;\">-Laiklik \u0130slam\u0131 \u00f6zg\u00fcrce ya\u015faman\u0131n teminat m\u0131d\u0131r?<\/span><\/p>\n<p style=\"color: #222222; font-family: arial, sans-serif; font-size: 12.800000190734863px;\"><span style=\"font-size: 12.800000190734863px; font-weight: normal;\">-Loto oynar m\u0131s\u0131n\u0131z?<\/span><\/p>\n<p style=\"color: #222222; font-family: arial, sans-serif; font-size: 12.800000190734863px;\"><span style=\"font-size: 12.800000190734863px; font-weight: normal;\">-Misafirlikte kad\u0131nlar ve erkekler ayn\u0131 m\u0131 oturursunuz?<\/span><\/p>\n<p style=\"color: #222222; font-family: arial, sans-serif; font-size: 12.800000190734863px;\"><span style=\"font-size: 12.800000190734863px; font-weight: normal;\">-Allah&#8217;\u0131n varl\u0131\u011f\u0131na inan\u0131yor musunuz?&#8221;<\/span><\/p>\n<p style=\"color: #222222; font-family: arial, sans-serif; font-size: 12.800000190734863px;\"><span style=\"font-size: 12.800000190734863px;\">H\u00dcK\u00dcMET\u0130N PROJES\u0130 M\u0130?<\/span><\/p>\n<p style=\"color: #222222; font-family: arial, sans-serif; font-size: 12.800000190734863px;\"><span style=\"font-size: 12.800000190734863px; font-weight: normal;\">Tanr\u0131kulu, \u00f6neresinde, &#8220;T\u00dc\u0130K, T\u00fcketici Fiyatlar\u0131 Endeksi anket \u00e7al\u0131\u015fmas\u0131 Diyanet \u0130\u015fleri Ba\u015fkanl\u0131\u011f\u0131yla ortakla\u015fa m\u0131 y\u00fcr\u00fct\u00fclmektedir? Bu t\u00fcr sorular toplumda derin bir mezhepsel ayr\u0131mc\u0131l\u0131\u011fa sebep olmayacak m\u0131d\u0131r? Ba\u015fbakan olarak bu anket \u00e7al\u0131\u015fmas\u0131 ile ilgili olarak bilginiz var m\u0131d\u0131r? Bu sorular insanlar aras\u0131nda bir t\u00fcr din, \u0131rk, soy, mezhep ayr\u0131m\u0131 yap\u0131ld\u0131\u011f\u0131n\u0131n bir g\u00f6stergesi midir? Bahse konu olan \u00e7al\u0131\u015fma h\u00fck\u00fcmetinizin ve partinizin program\u0131nda yer almakta m\u0131d\u0131r?&#8221; diye sordu<\/span><\/p>\n<\/h4>\n<p><\/span><\/span><\/span><\/div>\n","protected":false},"excerpt":{"rendered":"<p>&#8216;Misafirlikte k\u0131zl\u0131 erkekli mi oturuyorsunuz?&#8217; CHP Genel Ba\u015fkan Yard\u0131mc\u0131s\u0131 Sezgin Tanr\u0131kulu, T\u00fcrkiye \u0130statistik Kurumu&#8217;nun (T\u00dc\u0130K) enflasyon ara\u015ft\u0131rmas\u0131nda kulland\u0131\u011f\u0131n\u0131 iddia etti\u011fi&#46;&#46;&#46;<\/p>\n","protected":false},"author":1,"featured_media":0,"comment_status":"closed","ping_status":"closed","sticky":false,"template":"","format":"standard","meta":{"_jetpack_memberships_contains_paid_content":false,"footnotes":""},"categories":[1],"tags":[],"class_list":["post-3836","post","type-post","status-publish","format-standard","hentry","category-ced"],"aioseo_notices":[],"jetpack_featured_media_url":"","jetpack_sharing_enabled":true,"jetpack-related-posts":[],"_links":{"self":[{"href":"http:\/\/www.ced.org.tr\/index.php?rest_route=\/wp\/v2\/posts\/3836","targetHints":{"allow":["GET"]}}],"collection":[{"href":"http:\/\/www.ced.org.tr\/index.php?rest_route=\/wp\/v2\/posts"}],"about":[{"href":"http:\/\/www.ced.org.tr\/index.php?rest_route=\/wp\/v2\/types\/post"}],"author":[{"embeddable":true,"href":"http:\/\/www.ced.org.tr\/index.php?rest_route=\/wp\/v2\/users\/1"}],"replies":[{"embeddable":true,"href":"http:\/\/www.ced.org.tr\/index.php?rest_route=%2Fwp%2Fv2%2Fcomments&post=3836"}],"version-history":[{"count":0,"href":"http:\/\/www.ced.org.tr\/index.php?rest_route=\/wp\/v2\/posts\/3836\/revisions"}],"wp:attachment":[{"href":"http:\/\/www.ced.org.tr\/index.php?rest_route=%2Fwp%2Fv2%2Fmedia&parent=3836"}],"wp:term":[{"taxonomy":"category","embeddable":true,"href":"http:\/\/www.ced.org.tr\/index.php?rest_route=%2Fwp%2Fv2%2Fcategories&post=3836"},{"taxonomy":"post_tag","embeddable":true,"href":"http:\/\/www.ced.org.tr\/index.php?rest_route=%2Fwp%2Fv2%2Ftags&post=3836"}],"curies":[{"name":"wp","href":"https:\/\/api.w.org\/{rel}","templated":true}]}}