{"id":3841,"date":"2013-12-17T16:41:22","date_gmt":"2013-12-17T14:41:22","guid":{"rendered":"http:\/\/www.ced.org.tr\/?p=3841"},"modified":"2013-12-17T16:41:22","modified_gmt":"2013-12-17T14:41:22","slug":"11-oda-resmen-bakanliga-baglandi","status":"publish","type":"post","link":"http:\/\/www.ced.org.tr\/?p=3841","title":{"rendered":"11 Oda Resmen Bakanl\u0131\u011fa Ba\u011fland\u0131"},"content":{"rendered":"<p style=\"background-position: initial initial; background-repeat: initial initial;\"><span style=\"font-size: 11.0pt; font-family: &quot;Arial&quot;,&quot;sans-serif&quot;; color: #222222;\">Resmi Gazete\u2019de yay\u0131nlanan Bakanlar Kurulu karar\u0131 ile 11 meslek odas\u0131n\u0131n idari ve mali denetimi \u00c7evre ve \u015eehircilik Bakanl\u0131\u011f\u0131\u2019na ba\u011fland\u0131<\/span><\/p>\n<p style=\"background-position: initial initial; background-repeat: initial initial;\"><span style=\"font-size: 11.0pt; font-family: &quot;Arial&quot;,&quot;sans-serif&quot;; color: #222222;\">Resmi Gazete\u2019de yay\u0131nlanan bakanlar kurulu karar\u0131nda \u015f\u00f6yle denildi.<\/p>\n<p><\/span><\/p>\n<p style=\"background-position: initial initial; background-repeat: initial initial;\"><span style=\"font-size: 11.0pt; font-family: &quot;Arial&quot;,&quot;sans-serif&quot;; color: #222222;\">\u201cT\u00fcrk M\u00fchendis ve Mimar Odalar\u0131 Birli\u011fine ba\u011fl\u0131 \u00c7evre M\u00fchendisleri Odas\u0131, Elektrik M\u00fchendisleri Odas\u0131, Harita ve Kadastro M\u00fchendisleri Odas\u0131, \u0130\u00e7 Mimarlar Odas\u0131, \u0130n\u015faat M\u00fchendisleri Odas\u0131, Jeofizik M\u00fchendisleri Odas\u0131, Jeoloji M\u00fchendisleri Odas\u0131, Makina M\u00fchendisleri Odas\u0131, Mimarlar Odas\u0131, Peyzaj Mimarlar\u0131 Odas\u0131 ve \u015eehir Planc\u0131lar\u0131 Odas\u0131 \u00fczerinde idari ve mali denetim, \u00c7evre ve \u015eehircilik Bakanl\u0131\u011f\u0131nca yap\u0131l\u0131r.\u201d<\/span><\/p>\n<p style=\"background-position: initial initial; background-repeat: initial initial;\"><span style=\"font-size: 11.0pt; font-family: &quot;Arial&quot;,&quot;sans-serif&quot;; color: #222222;\"><a href=\"http:\/\/www.bianet.org\/bianet\/siyaset\/152119-11-oda-resmen-bakanliga-baglandi\" target=\"_blank\"><span style=\"color: #1155cc;\">http:\/\/www.bianet.org\/bianet\/siyaset\/152119-11-oda-resmen-bakanliga-baglandi<\/span><\/a><\/span><\/p>\n<p>\u00a0<\/p>\n<p class=\"MsoNormal\"><span style=\"font-family: &quot;Arial&quot;,&quot;sans-serif&quot;;\"> <\/span><\/p>\n","protected":false},"excerpt":{"rendered":"<p>Resmi Gazete\u2019de yay\u0131nlanan Bakanlar Kurulu karar\u0131 ile 11 meslek odas\u0131n\u0131n idari ve mali denetimi \u00c7evre ve \u015eehircilik Bakanl\u0131\u011f\u0131\u2019na ba\u011fland\u0131 Resmi&#46;&#46;&#46;<\/p>\n","protected":false},"author":1,"featured_media":0,"comment_status":"closed","ping_status":"closed","sticky":false,"template":"","format":"standard","meta":{"_jetpack_memberships_contains_paid_content":false,"footnotes":""},"categories":[1],"tags":[],"class_list":["post-3841","post","type-post","status-publish","format-standard","hentry","category-ced"],"aioseo_notices":[],"jetpack_featured_media_url":"","jetpack_sharing_enabled":true,"jetpack-related-posts":[],"_links":{"self":[{"href":"http:\/\/www.ced.org.tr\/index.php?rest_route=\/wp\/v2\/posts\/3841","targetHints":{"allow":["GET"]}}],"collection":[{"href":"http:\/\/www.ced.org.tr\/index.php?rest_route=\/wp\/v2\/posts"}],"about":[{"href":"http:\/\/www.ced.org.tr\/index.php?rest_route=\/wp\/v2\/types\/post"}],"author":[{"embeddable":true,"href":"http:\/\/www.ced.org.tr\/index.php?rest_route=\/wp\/v2\/users\/1"}],"replies":[{"embeddable":true,"href":"http:\/\/www.ced.org.tr\/index.php?rest_route=%2Fwp%2Fv2%2Fcomments&post=3841"}],"version-history":[{"count":0,"href":"http:\/\/www.ced.org.tr\/index.php?rest_route=\/wp\/v2\/posts\/3841\/revisions"}],"wp:attachment":[{"href":"http:\/\/www.ced.org.tr\/index.php?rest_route=%2Fwp%2Fv2%2Fmedia&parent=3841"}],"wp:term":[{"taxonomy":"category","embeddable":true,"href":"http:\/\/www.ced.org.tr\/index.php?rest_route=%2Fwp%2Fv2%2Fcategories&post=3841"},{"taxonomy":"post_tag","embeddable":true,"href":"http:\/\/www.ced.org.tr\/index.php?rest_route=%2Fwp%2Fv2%2Ftags&post=3841"}],"curies":[{"name":"wp","href":"https:\/\/api.w.org\/{rel}","templated":true}]}}