{"id":3849,"date":"2014-02-28T13:43:02","date_gmt":"2014-02-28T11:43:02","guid":{"rendered":"http:\/\/www.ced.org.tr\/?p=3849"},"modified":"2014-02-28T13:43:02","modified_gmt":"2014-02-28T11:43:02","slug":"ced-istanbul-sube-genel-kurulu","status":"publish","type":"post","link":"http:\/\/www.ced.org.tr\/?p=3849","title":{"rendered":"\u00c7ED \u0130stanbul \u015eube Genel Kurulu"},"content":{"rendered":"<p class=\"MsoNormal\" style=\"margin-bottom: 0.0001pt; text-align: center; background-position: initial initial; background-repeat: initial initial;\" align=\"center\"><strong><span style=\"font-size: 12.0pt; font-family: &quot;Arial&quot;,&quot;sans-serif&quot;; mso-fareast-font-family: &quot;Times New Roman&quot;; color: #222222; mso-fareast-language: TR;\">\u00c7A\u011eDA\u015e ECZACILAR DERNE\u011e\u0130 \u0130STANBUL \u015eUBES\u0130<br \/> 6. OLA\u011eAN GENEL KURULU<\/span><\/strong><span style=\"font-size: 10.0pt; font-family: &quot;Arial&quot;,&quot;sans-serif&quot;; mso-fareast-font-family: &quot;Times New Roman&quot;; color: #222222; mso-fareast-language: TR;\"> <\/span><\/p>\n<p class=\"MsoNormal\" style=\"margin-bottom: 0.0001pt; text-align: center; background-position: initial initial; background-repeat: initial initial;\" align=\"center\"><span style=\"font-size: 10.0pt; font-family: &quot;Arial&quot;,&quot;sans-serif&quot;; mso-fareast-font-family: &quot;Times New Roman&quot;; color: #222222; mso-fareast-language: TR;\"> <\/span><\/p>\n<p class=\"MsoNormal\" style=\"margin-bottom: 0.0001pt; text-indent: 35.4pt; background-position: initial initial; background-repeat: initial initial;\"><span style=\"font-size: 12.0pt; font-family: &quot;Arial&quot;,&quot;sans-serif&quot;; mso-fareast-font-family: &quot;Times New Roman&quot;; color: #222222; mso-fareast-language: TR;\">Derne\u011fimizin 6. Ola\u011fan Genel Kurulu 16 Mart 2014 Pazar g\u00fcn\u00fc saat 12.00\u2019de a\u015fa\u011f\u0131da belirtilen g\u00fcndemle Ergenekon Cad. P\u0131nar Apt. No:65 (yeni no:31) Kat:6 D.15, Pangalt\u0131\/\u0130stanbul adresindeki dernek merkezimizde \u00e7o\u011funluk aranarak, belirtilen tarihte \u00e7o\u011funluk sa\u011flanamad\u0131\u011f\u0131 takdirde\u00a0<strong>23 Mart 2014 Pazar g\u00fcn\u00fc saat 12.00\u2019de ayn\u0131 adreste \u00e7o\u011funluk aranmaks\u0131z\u0131n <\/strong>ger\u00e7ekle\u015ftirilecektir.<\/span><\/p>\n<p class=\"MsoNormal\" style=\"margin-bottom: 0.0001pt; text-indent: 35.4pt; background-position: initial initial; background-repeat: initial initial;\"><span style=\"font-size: 12.0pt; font-family: &quot;Arial&quot;,&quot;sans-serif&quot;; mso-fareast-font-family: &quot;Times New Roman&quot;; color: #222222; mso-fareast-language: TR;\">Sayg\u0131lar\u0131m\u0131zla,<\/span><span style=\"font-size: 10.0pt; font-family: &quot;Arial&quot;,&quot;sans-serif&quot;; mso-fareast-font-family: &quot;Times New Roman&quot;; color: #222222; mso-fareast-language: TR;\"> <\/span><\/p>\n<p class=\"MsoNormal\" style=\"margin-bottom: 0.0001pt; text-align: center; background-position: initial initial; background-repeat: initial initial;\" align=\"center\"><strong><span style=\"font-size: 12.0pt; font-family: &quot;Arial&quot;,&quot;sans-serif&quot;; mso-fareast-font-family: &quot;Times New Roman&quot;; color: #222222; mso-fareast-language: TR;\">Y\u00f6netim Kurulu<\/p>\n<p><\/span><\/strong><\/p>\n<p class=\"MsoNormal\" style=\"margin-bottom: 0.0001pt; background-position: initial initial; background-repeat: initial initial;\"><span style=\"font-size: 10.0pt; font-family: &quot;Arial&quot;,&quot;sans-serif&quot;; mso-fareast-font-family: &quot;Times New Roman&quot;; color: #222222; mso-fareast-language: TR;\"> <\/span><\/p>\n<p class=\"MsoNormal\" style=\"margin-bottom: 0.0001pt; background-position: initial initial; background-repeat: initial initial;\"><strong><span style=\"font-size: 12.0pt; font-family: &quot;Arial&quot;,&quot;sans-serif&quot;; mso-fareast-font-family: &quot;Times New Roman&quot;; color: #222222; mso-fareast-language: TR;\">Genel Kurul G\u00fcndemi<\/span><\/strong><span style=\"font-size: 10.0pt; font-family: &quot;Arial&quot;,&quot;sans-serif&quot;; mso-fareast-font-family: &quot;Times New Roman&quot;; color: #222222; mso-fareast-language: TR;\"> <\/span><\/p>\n<p class=\"MsoNormal\" style=\"margin-bottom: 0.0001pt; background-position: initial initial; background-repeat: initial initial;\"><span style=\"font-size: 12.0pt; font-family: &quot;Arial&quot;,&quot;sans-serif&quot;; mso-fareast-font-family: &quot;Times New Roman&quot;; color: #222222; mso-fareast-language: TR;\">1. \u00a0 A\u00e7\u0131l\u0131\u015f ve yoklama<br \/> 2. \u00a0 Kongre ba\u015fkanl\u0131k divan\u0131n\u0131n se\u00e7imi<br \/> 3. \u00a0 Sayg\u0131 duru\u015fu<br \/> 4. \u00a0 Y\u00f6netim kurulu \u00e7al\u0131\u015fma raporunun sunulmas\u0131<br \/> 5. \u00a0 Denetleme kurulu raporunun sunulmas\u0131<br \/> 6. \u00a0 Raporlar \u00fczerine g\u00f6r\u00fc\u015fmeler<br \/> 7. \u00a0 Y\u00f6netim ve denetleme kurullar\u0131n\u0131n ayr\u0131 ayr\u0131 ibras\u0131<br \/> 8. \u00a0 Tahmini b\u00fct\u00e7enin g\u00f6r\u00fc\u015f\u00fclerek onaylanmas\u0131<br \/> 9. \u00a0 Y\u00f6netim kurulu, denetleme kurulu ve genel merkez delegelerinin se\u00e7imi<br \/> 10. \u00a0Dilek ve \u00f6neriler<br \/> 11. \u00a0Kapan\u0131\u015f<\/span><\/p>\n","protected":false},"excerpt":{"rendered":"<p>\u00c7A\u011eDA\u015e ECZACILAR DERNE\u011e\u0130 \u0130STANBUL \u015eUBES\u0130 6. OLA\u011eAN GENEL KURULU Derne\u011fimizin 6. Ola\u011fan Genel Kurulu 16 Mart 2014 Pazar g\u00fcn\u00fc saat&#46;&#46;&#46;<\/p>\n","protected":false},"author":1,"featured_media":0,"comment_status":"closed","ping_status":"closed","sticky":false,"template":"","format":"standard","meta":{"_jetpack_memberships_contains_paid_content":false,"footnotes":""},"categories":[1],"tags":[],"class_list":["post-3849","post","type-post","status-publish","format-standard","hentry","category-ced"],"aioseo_notices":[],"jetpack_featured_media_url":"","jetpack_sharing_enabled":true,"jetpack-related-posts":[],"_links":{"self":[{"href":"http:\/\/www.ced.org.tr\/index.php?rest_route=\/wp\/v2\/posts\/3849","targetHints":{"allow":["GET"]}}],"collection":[{"href":"http:\/\/www.ced.org.tr\/index.php?rest_route=\/wp\/v2\/posts"}],"about":[{"href":"http:\/\/www.ced.org.tr\/index.php?rest_route=\/wp\/v2\/types\/post"}],"author":[{"embeddable":true,"href":"http:\/\/www.ced.org.tr\/index.php?rest_route=\/wp\/v2\/users\/1"}],"replies":[{"embeddable":true,"href":"http:\/\/www.ced.org.tr\/index.php?rest_route=%2Fwp%2Fv2%2Fcomments&post=3849"}],"version-history":[{"count":0,"href":"http:\/\/www.ced.org.tr\/index.php?rest_route=\/wp\/v2\/posts\/3849\/revisions"}],"wp:attachment":[{"href":"http:\/\/www.ced.org.tr\/index.php?rest_route=%2Fwp%2Fv2%2Fmedia&parent=3849"}],"wp:term":[{"taxonomy":"category","embeddable":true,"href":"http:\/\/www.ced.org.tr\/index.php?rest_route=%2Fwp%2Fv2%2Fcategories&post=3849"},{"taxonomy":"post_tag","embeddable":true,"href":"http:\/\/www.ced.org.tr\/index.php?rest_route=%2Fwp%2Fv2%2Ftags&post=3849"}],"curies":[{"name":"wp","href":"https:\/\/api.w.org\/{rel}","templated":true}]}}