{"id":3856,"date":"2014-04-02T09:22:39","date_gmt":"2014-04-02T06:22:39","guid":{"rendered":"http:\/\/www.ced.org.tr\/?p=3856"},"modified":"2014-04-02T09:22:39","modified_gmt":"2014-04-02T06:22:39","slug":"cagdas-eczacilar-dernegi-istanbul-subesi-6-olagan-genel-kurulu-gerceklestirildi","status":"publish","type":"post","link":"http:\/\/www.ced.org.tr\/?p=3856","title":{"rendered":"\u00c7a\u011fda\u015f Eczac\u0131lar Derne\u011fi \u0130stanbul \u015eubesi 6. Ola\u011fan Genel Kurulu ger\u00e7ekle\u015ftirildi"},"content":{"rendered":"<p><span style=\"color: #17365d; font-family: Arial; font-size: 11pt; line-height: 13.5pt;\">\u00c7a\u011fda\u015f Eczac\u0131lar Derne\u011fi \u0130stanbul \u015eubesi\u2019nin 6. Ola\u011fan Genel Kurulu 23 Mart 2014 Pazar g\u00fcn\u00fc Pangalt\u0131&#8217;ndaki dernek merkezimizde ger\u00e7ekle\u015ftirildi. Yap\u0131lan se\u00e7im sonucunda se\u00e7ilen \u00c7ED \u0130stanbul y\u00f6netim kurulu ve g\u00f6rev da\u011f\u0131l\u0131m\u0131 \u015fu \u015fekilde oldu:<\/span><\/p>\n<p class=\"MsoNormal\" style=\"margin-top:12.0pt;margin-right:0cm;margin-bottom: 12.0pt;margin-left:0cm;line-height:13.5pt;background:white\"><strong><span style=\"font-size:11.0pt;font-family:Arial;color:#17365D;mso-themecolor:text2; mso-themeshade:191;mso-ansi-language:EN-US\">\u00c7ED \u0130stanbul \u015eube Y\u00f6netim Kurulu<br \/><\/span><\/strong><span style=\"color: #17365d; font-family: Arial; font-size: 11pt; line-height: 13.5pt;\">Ecz. Murat G\u00dcM\u00dc\u015e (Ba\u015fkan)<br \/><\/span><span style=\"color: #17365d; font-family: Arial; font-size: 11pt; line-height: 13.5pt;\">Ecz. Erdal F\u0130L\u0130K (Genel Sekreter)<br \/><\/span><span style=\"color: #17365d; font-family: Arial; font-size: 11pt; line-height: 13.5pt;\">Ecz. Meltem YE\u015e\u0130LDA\u011e G\u00dcM\u00dc\u015e (Sayman)<br \/><\/span><span style=\"color: #17365d; font-family: Arial; font-size: 11pt; line-height: 13.5pt;\">Ecz. Sidar D\u0130KEN (\u00dcye)<br \/><\/span><span style=\"color: #17365d; font-family: Arial; font-size: 11pt; line-height: 13.5pt;\">Ecz. \u0130smail \u00c7EL\u0130K (\u00dcye)<br \/><\/span><span style=\"color: #17365d; font-family: Arial; font-size: 11pt; line-height: 13.5pt;\">Ecz. Rojda ANIK (\u00dcye)<br \/><\/span><span style=\"color: #17365d; font-family: Arial; font-size: 11pt; line-height: 13.5pt;\">Ecz. Emine KAYA AK\u00c7AKARA (\u00dcye)<\/span><\/p>\n<p><!--EndFragment--><\/p>\n","protected":false},"excerpt":{"rendered":"<p>\u00c7a\u011fda\u015f Eczac\u0131lar Derne\u011fi \u0130stanbul \u015eubesi\u2019nin 6. Ola\u011fan Genel Kurulu 23 Mart 2014 Pazar g\u00fcn\u00fc Pangalt\u0131&#8217;ndaki dernek merkezimizde ger\u00e7ekle\u015ftirildi. Yap\u0131lan se\u00e7im&#46;&#46;&#46;<\/p>\n","protected":false},"author":1,"featured_media":0,"comment_status":"closed","ping_status":"closed","sticky":false,"template":"","format":"standard","meta":{"_jetpack_memberships_contains_paid_content":false,"footnotes":""},"categories":[1],"tags":[],"class_list":["post-3856","post","type-post","status-publish","format-standard","hentry","category-ced"],"aioseo_notices":[],"jetpack_featured_media_url":"","jetpack_sharing_enabled":true,"jetpack-related-posts":[],"_links":{"self":[{"href":"http:\/\/www.ced.org.tr\/index.php?rest_route=\/wp\/v2\/posts\/3856","targetHints":{"allow":["GET"]}}],"collection":[{"href":"http:\/\/www.ced.org.tr\/index.php?rest_route=\/wp\/v2\/posts"}],"about":[{"href":"http:\/\/www.ced.org.tr\/index.php?rest_route=\/wp\/v2\/types\/post"}],"author":[{"embeddable":true,"href":"http:\/\/www.ced.org.tr\/index.php?rest_route=\/wp\/v2\/users\/1"}],"replies":[{"embeddable":true,"href":"http:\/\/www.ced.org.tr\/index.php?rest_route=%2Fwp%2Fv2%2Fcomments&post=3856"}],"version-history":[{"count":0,"href":"http:\/\/www.ced.org.tr\/index.php?rest_route=\/wp\/v2\/posts\/3856\/revisions"}],"wp:attachment":[{"href":"http:\/\/www.ced.org.tr\/index.php?rest_route=%2Fwp%2Fv2%2Fmedia&parent=3856"}],"wp:term":[{"taxonomy":"category","embeddable":true,"href":"http:\/\/www.ced.org.tr\/index.php?rest_route=%2Fwp%2Fv2%2Fcategories&post=3856"},{"taxonomy":"post_tag","embeddable":true,"href":"http:\/\/www.ced.org.tr\/index.php?rest_route=%2Fwp%2Fv2%2Ftags&post=3856"}],"curies":[{"name":"wp","href":"https:\/\/api.w.org\/{rel}","templated":true}]}}