{"id":3858,"date":"2014-04-22T15:44:04","date_gmt":"2014-04-22T12:44:04","guid":{"rendered":"http:\/\/www.ced.org.tr\/?p=3858"},"modified":"2014-05-14T02:33:27","modified_gmt":"2014-05-13T23:33:27","slug":"vefat-ve-bassagligi-6","status":"publish","type":"post","link":"http:\/\/www.ced.org.tr\/?p=3858","title":{"rendered":"Vefat ve Ba\u015fsa\u011fl\u0131\u011f\u0131"},"content":{"rendered":"<p><span style=\"font-size: 11.0pt; font-family: Arial; color: black;\">\u0130stanbul Eczac\u0131 Odas\u0131 ba\u015fkan\u0131 Ecz. Semih G\u00fcng\u00f6r&#8217;\u00fcn babas\u0131 Ya\u015far G\u00fcng\u00f6r vefat etmi\u015ftir. Cenazesi 23 Nisan 2014 \u00c7ar\u015famba g\u00fcn\u00fc Mihrimah Sultan Camii&#8217;nde (Edirnekap\u0131) k\u0131l\u0131nacak \u00f6\u011fle namaz\u0131ndan sonra Edirnekap\u0131 \u015eehitlik Mezarl\u0131\u011f\u0131nda defnedilecektir.<\/span><\/p>\n<p style=\"orphans: auto; text-align: start; widows: auto; -webkit-text-stroke-width: 0px; word-spacing: 0px;\"><span style=\"font-size: 11.0pt; font-family: Arial; color: black;\">Sevgili dostumuza ve yak\u0131nlar\u0131na ba\u015fsa\u011fl\u0131\u011f\u0131 dileriz.<\/span><\/p>\n<p style=\"text-align: center;\" align=\"center\"><strong><span style=\"font-size: 11.0pt; font-family: Arial; color: black;\">\u00c7a\u011fda\u015f Eczac\u0131lar Derne\u011fi<\/span><\/strong><\/p>\n","protected":false},"excerpt":{"rendered":"<p>\u0130stanbul Eczac\u0131 Odas\u0131 ba\u015fkan\u0131 Ecz. Semih G\u00fcng\u00f6r&#8217;\u00fcn babas\u0131 Ya\u015far G\u00fcng\u00f6r vefat etmi\u015ftir. Cenazesi 23 Nisan 2014 \u00c7ar\u015famba g\u00fcn\u00fc Mihrimah Sultan&#46;&#46;&#46;<\/p>\n","protected":false},"author":1,"featured_media":0,"comment_status":"closed","ping_status":"closed","sticky":false,"template":"","format":"standard","meta":{"_jetpack_memberships_contains_paid_content":false,"footnotes":""},"categories":[1],"tags":[],"class_list":["post-3858","post","type-post","status-publish","format-standard","hentry","category-ced"],"aioseo_notices":[],"jetpack_featured_media_url":"","jetpack_sharing_enabled":true,"jetpack-related-posts":[],"_links":{"self":[{"href":"http:\/\/www.ced.org.tr\/index.php?rest_route=\/wp\/v2\/posts\/3858","targetHints":{"allow":["GET"]}}],"collection":[{"href":"http:\/\/www.ced.org.tr\/index.php?rest_route=\/wp\/v2\/posts"}],"about":[{"href":"http:\/\/www.ced.org.tr\/index.php?rest_route=\/wp\/v2\/types\/post"}],"author":[{"embeddable":true,"href":"http:\/\/www.ced.org.tr\/index.php?rest_route=\/wp\/v2\/users\/1"}],"replies":[{"embeddable":true,"href":"http:\/\/www.ced.org.tr\/index.php?rest_route=%2Fwp%2Fv2%2Fcomments&post=3858"}],"version-history":[{"count":1,"href":"http:\/\/www.ced.org.tr\/index.php?rest_route=\/wp\/v2\/posts\/3858\/revisions"}],"predecessor-version":[{"id":3890,"href":"http:\/\/www.ced.org.tr\/index.php?rest_route=\/wp\/v2\/posts\/3858\/revisions\/3890"}],"wp:attachment":[{"href":"http:\/\/www.ced.org.tr\/index.php?rest_route=%2Fwp%2Fv2%2Fmedia&parent=3858"}],"wp:term":[{"taxonomy":"category","embeddable":true,"href":"http:\/\/www.ced.org.tr\/index.php?rest_route=%2Fwp%2Fv2%2Fcategories&post=3858"},{"taxonomy":"post_tag","embeddable":true,"href":"http:\/\/www.ced.org.tr\/index.php?rest_route=%2Fwp%2Fv2%2Ftags&post=3858"}],"curies":[{"name":"wp","href":"https:\/\/api.w.org\/{rel}","templated":true}]}}