{"id":3859,"date":"2014-04-25T18:40:40","date_gmt":"2014-04-25T15:40:40","guid":{"rendered":"http:\/\/www.ced.org.tr\/?p=3859"},"modified":"2014-05-14T02:32:09","modified_gmt":"2014-05-13T23:32:09","slug":"biber-gazi-yasaklansin-demek-icin-yarin-besiktastayiz","status":"publish","type":"post","link":"http:\/\/www.ced.org.tr\/?p=3859","title":{"rendered":"Biber Gaz\u0131 Yasaklans\u0131n Demek \u0130\u00e7in Yar\u0131n Be\u015fikta\u015f\u2019tay\u0131z!"},"content":{"rendered":"<div dir=\"ltr\" style=\"color: #222222; font-family: arial, sans-serif; font-size: 13px;\">\n<div style=\"font-family: HelveticaNeue, 'Helvetica Neue', Helvetica, Arial, 'Lucida Grande', sans-serif;\"><span style=\"font-family: Arial, sans-serif;\">Ba\u015fta\u00a0biber\u00a0gaz\u0131\u00a0olmak \u00fczere, kollu\u011fun i\u015fkence ara\u00e7lar\u0131n\u0131n yasaklanmas\u0131 i\u00e7in bir m\u00fccadele hatt\u0131 \u00f6ren Biber Gaz\u0131 Yasaklans\u0131n \u0130nisiyatifi Nisan ay\u0131nda maruz kald\u0131\u011f\u0131m\u0131z kimyasal silahlarla ilgili a\u00e7\u0131klamas\u0131n\u0131 yapacak, 1 May\u0131s \u00f6ncesi yetkilileri bu i\u015fkence ara\u00e7lar\u0131n\u0131 kullanmamas\u0131 y\u00f6n\u00fcnde uyaracakt\u0131r.<\/span><\/div>\n<div style=\"font-family: HelveticaNeue, 'Helvetica Neue', Helvetica, Arial, 'Lucida Grande', sans-serif;\"><!--more--><\/div>\n<div style=\"font-family: HelveticaNeue, 'Helvetica Neue', Helvetica, Arial, 'Lucida Grande', sans-serif;\"><span style=\"font-family: Arial, sans-serif;\">Bu kapsamda her ay d\u00fczenli olarak yap\u0131lacak a\u00e7\u0131klamalar\u0131n ikincisinde, Mart ay\u0131 raporunu takiben \u0130nisiyatifin bile\u015fenlerinden \u0130stanbul Eczac\u0131 Odas\u0131 ve \u0130stanbul Tabip Odas\u0131 Biber\u00a0Gaz\u0131&#8217;n\u0131n neden yasaklanmas\u0131 gerekti\u011fi y\u00f6n\u00fcnde a\u00e7\u0131klamalar\u0131n\u0131 yapacaklard\u0131r.\u00a0\u0130stanbul Eczac\u0131 Odas\u0131&#8217;n\u0131 temsilen \u00a0\u0130EO B\u00fcy\u00fck Kongre Delegesi ve \u00c7a\u011fda\u015f Eczac\u0131lar Derne\u011fi Ba\u015fkan\u0131 Ecz. Nurdan Demirkan da bir konu\u015fma yapacakt\u0131r.<\/span><\/div>\n<div style=\"font-family: HelveticaNeue, 'Helvetica Neue', Helvetica, Arial, 'Lucida Grande', sans-serif;\"><span style=\"font-family: Arial, sans-serif;\">\u00a0<\/span><\/div>\n<div style=\"font-family: HelveticaNeue, 'Helvetica Neue', Helvetica, Arial, 'Lucida Grande', sans-serif;\"><span style=\"font-family: Arial, sans-serif;\">Sizleri\u00a0bas\u0131n\u00a0a\u00e7\u0131klamas\u0131na davet ediyoruz. <\/span><\/div>\n<div style=\"font-family: HelveticaNeue, 'Helvetica Neue', Helvetica, Arial, 'Lucida Grande', sans-serif;\"><span style=\"font-family: Arial, sans-serif;\">26 Nisan 2014 Cumartesi<\/span><\/div>\n<div style=\"font-family: HelveticaNeue, 'Helvetica Neue', Helvetica, Arial, 'Lucida Grande', sans-serif;\"><span style=\"font-family: Arial, sans-serif;\">Saat: 14:00<\/span><\/div>\n<div style=\"font-family: HelveticaNeue, 'Helvetica Neue', Helvetica, Arial, 'Lucida Grande', sans-serif;\"><span style=\"font-family: Arial, sans-serif;\">Yer: Be\u015fikta\u015f Barbaros Hayrettin Heykeli \u00d6n\u00fc<\/span><\/div>\n<div style=\"font-family: HelveticaNeue, 'Helvetica Neue', Helvetica, Arial, 'Lucida Grande', sans-serif;\"><span style=\"font-family: Arial, sans-serif;\">\u00a0<\/span><\/div>\n<div style=\"font-family: HelveticaNeue, 'Helvetica Neue', Helvetica, Arial, 'Lucida Grande', sans-serif; font-size: 16px;\"><\/div>\n<div style=\"font-family: HelveticaNeue, 'Helvetica Neue', Helvetica, Arial, 'Lucida Grande', sans-serif; font-size: 16px;\"><span style=\"font-family: Arial, sans-serif; font-size: small;\"><span style=\"font-family: Arial, sans-serif; font-size: small;\"><strong>Biber\u00a0Gaz\u0131\u00a0Yasaklans\u0131n \u0130nsiyatifi<\/strong><\/span><\/span>&nbsp;<\/p>\n<\/div>\n<div style=\"font-family: HelveticaNeue, 'Helvetica Neue', Helvetica, Arial, 'Lucida Grande', sans-serif; font-size: 16px;\"><span style=\"font-family: Arial, sans-serif; font-size: small;\"><strong>\u00a0<\/strong><\/span><\/div>\n<div style=\"font-family: HelveticaNeue, 'Helvetica Neue', Helvetica, Arial, 'Lucida Grande', sans-serif; font-size: 16px;\"><span style=\"font-family: Arial, sans-serif; font-size: small;\"><strong>\u0130leti\u015fim Bilgileri:<\/strong><\/span><\/div>\n<div><span style=\"font-family: Arial, sans-serif;\"><a style=\"color: #1155cc;\" href=\"https:\/\/www.facebook.com\/bibergaziysklnsn?fref=ts\" target=\"_blank\">https:\/\/www.facebook.com\/bibergaziysklnsn?fref=ts<\/a><br \/>\n<\/span><\/div>\n<div><span style=\"font-family: Arial, sans-serif;\"><a style=\"color: #1155cc;\" href=\"https:\/\/twitter.com\/bibergaziinsytf\" target=\"_blank\">https:\/\/twitter.com\/bibergaziinsytf<\/a><br \/>\n<\/span><\/div>\n<div><span style=\"font-family: Arial, sans-serif;\"><a style=\"color: #1155cc;\" href=\"http:\/\/bibergaziyasaklansin.net\/index.html\" target=\"_blank\">http:\/\/bibergaziyasaklansin.net\/index.html<\/a><\/span><\/div>\n<div><span style=\"font-family: Arial, sans-serif;\"><a style=\"color: #1155cc;\" href=\"mailto:bibergaziinisiyatifi@gmail.com\" target=\"_blank\">bibergaziinisiyatifi@gmail.com<\/a><\/span><\/div>\n<div><span style=\"font-family: Arial, sans-serif;\">\u00c7a\u011fr\u0131 metni a\u015fa\u011f\u0131da bilgilerinize sunulur:<\/span><\/div>\n<div>\n<div>\n<p class=\"MsoNormal\" style=\"margin: 0px; text-align: center;\"><strong>B\u0130BER GAZI YASAKLANSIN!<\/strong><\/p>\n<p class=\"MsoNormal\" style=\"margin: 0px; text-align: justify;\">\n<p class=\"MsoNormal\" style=\"margin: 0px; text-align: justify;\">\u0130\u015f\u00e7ilerin birlik, m\u00fccadele, dayan\u0131\u015fma g\u00fcn\u00fc olan 1 May\u0131s yakla\u015f\u0131yor. Gittik\u00e7e g\u00fcvencesiz, gittik\u00e7e esnek \u00e7al\u0131\u015fman\u0131n yerle\u015fti\u011fi, kazan\u0131lm\u0131\u015f haklar\u0131m\u0131z\u0131 dahi kaybetti\u011fimiz, kendimizi ifade \u00f6zg\u00fcrl\u00fc\u011f\u00fcm\u00fcz\u00fcn gittik\u00e7e k\u0131s\u0131tland\u0131\u011f\u0131, adeta yatak odam\u0131za kadar hayatlar\u0131m\u0131za m\u00fcdahalelerin artt\u0131\u011f\u0131 bu d\u00f6nemde 1 May\u0131s her ge\u00e7en g\u00fcn daha da \u00f6nemli bizler i\u00e7in.<\/p>\n<p class=\"MsoNormal\" style=\"margin: 0px; text-align: justify;\">\n<\/div>\n<p class=\"MsoNormal\" style=\"margin: 0px; text-align: justify;\">Siyasi iktidar her zaman oldu\u011fu gibi g\u00fc\u00e7 g\u00f6sterisine, erk olman\u0131n dayan\u0131lmaz hafifli\u011fiyle haz\u0131r. Konfederasyonlar\u0131m\u0131z\u0131n 1 May\u0131s\u2019\u0131 Taksim\u2019de kutlama taleplerine burjuva hukuk sistemlerini dahi hi\u00e7e sayarak keyfi bir \u015fekilde reddeden y\u00f6neticilere kar\u015f\u0131 i\u015f\u00e7i s\u0131n\u0131f\u0131, geri ad\u0131m atmayaca\u011f\u0131n\u0131, hakk\u0131 olan, u\u011fruna bedeller \u00f6demi\u015f oldu\u011fu alanda Taksim\u2019de 1 May\u0131s anma\/kutlama\/program\u0131n\u0131 yapaca\u011f\u0131n\u0131 duyurmu\u015ftur. Vali\u2019nin dil s\u00fcr\u00e7mesi ile sarf etti\u011fi \u201cBiz her daim i\u015f\u00e7inin kar\u015f\u0131s\u0131nday\u0131z\u201d laf\u0131 Taksim yasa\u011f\u0131n\u0131 \u00f6zetler niteliktedir. Toplumsal huzuru bozan, kulland\u0131\u011f\u0131 kimyasal silahlarla, i\u015fkence ara\u00e7lar\u0131 ile t\u00fcm alan\u0131 sava\u015f alan\u0131na \u00e7eviren siyasi iktidar\u0131n ta kendisidir. Bu ger\u00e7e\u011fi do\u011frulamak i\u00e7in halihaz\u0131rda hakk\u0131m\u0131z olan sokaklarda kendilerince izinli\/izinsiz diyerek s\u0131n\u0131fland\u0131rd\u0131klar\u0131 g\u00f6sterileri incelemek yeterlidir. Herhangi bir polis sald\u0131r\u0131s\u0131 olmad\u0131\u011f\u0131 durumlarda Taksim\u2019de d\u00fczenlenen kitlesel g\u00f6steri ve y\u00fcr\u00fcy\u00fc\u015flerde herhangi bir sorunla kar\u015f\u0131la\u015f\u0131lmad\u0131\u011f\u0131 deneyimlerle g\u00f6r\u00fclm\u00fc\u015ft\u00fcr. Egemenlerin vermi\u015f oldu\u011fu yayala\u015ft\u0131r\u0131lm\u0131\u015f, her taraf\u0131 betona d\u00f6n\u00fc\u015ft\u00fcr\u00fclm\u00fc\u015f Taksim meydan\u0131n\u0131 halka kapatma karar\u0131 siyasi bir karard\u0131r.<\/p>\n<p class=\"MsoNormal\" style=\"margin: 0px; text-align: justify;\">\n<p class=\"MsoNormal\" style=\"margin: 0px; text-align: justify;\">Kolluk g\u00fc\u00e7lerinin 1 May\u0131s i\u00e7in kullanaca\u011f\u0131 i\u015fkence ara\u00e7lar\u0131 bizleri kayg\u0131land\u0131rmaktad\u0131r. Yak\u0131n zamanda Greif fabrikas\u0131nda ta\u015ferona kar\u015f\u0131 direni\u015fte olan i\u015f\u00e7ilere, \u00f6zelle\u015ftirmelere kar\u015f\u0131 Ankara\u2019da n\u00f6bette olan Yata\u011fan i\u015f\u00e7ilerine, 1 May\u0131s\u2019a d\u00f6n\u00fck Taksim\u2019de bas\u0131n a\u00e7\u0131klamas\u0131 yapmak i\u00e7in bir araya gelmi\u015f D\u0130SK, KESK, TMMOB ve TTB y\u00f6netici\/\u00fcyelerine y\u00f6nelik polis sald\u0131r\u0131lar\u0131 kolluk g\u00fc\u00e7lerinin 1 May\u0131s\u2019ta uygulayacaklar\u0131 \u015fiddetin habercisidir.<\/p>\n<p class=\"MsoNormal\" style=\"margin: 0px; text-align: justify;\">\n<div>\n<p class=\"MsoNormal\" style=\"margin: 0px; text-align: justify;\">1 May\u0131s\u2019ta ba\u015fta Taksim olmak \u00fczere, t\u00fcm T\u00fcrkiye\u2019de 1 May\u0131s alanlar\u0131nday\u0131z. Yetkilileri uyar\u0131yoruz, tehlikeli, \u00f6l\u00fcmc\u00fcl oldu\u011fu bilimsel ve deneyimlerle kan\u0131tlanm\u0131\u015f biber gaz\u0131 ba\u015fta olmak \u00fczere kolluk g\u00fc\u00e7lerinin kitleler \u00fczerinde kullanmas\u0131 planlanan kimyasal silahlar sonucu ger\u00e7ekle\u015febilecek t\u00fcm sorunlardan mevcut siyasi iktidar sorumludur. Y\u00fcr\u00fcy\u00fc\u015f ve g\u00f6steri yapma hakk\u0131m\u0131z anayasal bir hakt\u0131r. Ayn\u0131 zamanda A\u0130HM de bu konuda mevcut h\u00fck\u00fcmeti mahkum etmi\u015f, g\u00f6steri ve y\u00fcr\u00fcy\u00fc\u015f hakk\u0131n\u0131n yer se\u00e7imini de kapsad\u0131\u011f\u0131n\u0131 s\u00f6ylemi\u015ftir. Bunlara ba\u011fl\u0131 olarak, siyasi iktidara huzur i\u00e7erisinde bir 1 May\u0131s ge\u00e7irmemizi garanti alt\u0131na almakla hukuki olarak y\u00fck\u00fcml\u00fc oldu\u011funu hat\u0131rlat\u0131yor ve iktidar\u0131 bu konuda sorumluluk almaya \u00e7a\u011f\u0131r\u0131yoruz.<\/p>\n<p class=\"MsoNormal\" style=\"margin: 0px; text-align: justify;\">\n<\/div>\n<p class=\"MsoNormal\" style=\"margin: 0px; text-align: justify;\">Ge\u00e7ti\u011fimiz ayda maruz kald\u0131\u011f\u0131m\u0131z \u015fiddetin derecesine bakacak olursak: 22 Mart-21 Nisan tarihleri aras\u0131nda toplam 23 g\u00fcn 30 il\u00e7ede ya\u015fayan en az 6 452 000 ki\u015fi direk ya da dolayl\u0131 yoldan kimyasal silaha maruz kald\u0131.\u00a0 Urfa\u2019da 15 ya\u015f\u0131ndaki N.K gaz fi\u015fe\u011fi ile g\u00f6z\u00fcn\u00fc kaybetti, Van\u2019da da 12\u00a0 ya\u015f\u0131ndaki A.O. z\u0131rhl\u0131 ara\u00e7 alt\u0131nda kald\u0131. Amed\/Diyarbak\u0131r\u2019da gaz bombas\u0131 kaps\u00fcl\u00fcyle 10 ya\u015f\u0131ndaki Mehmet Ezer yaraland\u0131,10 g\u00fcn boyunca kald\u0131\u011f\u0131 komadan uyand\u0131\u011f\u0131nda anlatt\u0131klar\u0131 i\u015fkencenin boyutunu g\u00f6steriyordu &#8220;Polis \u00f6nce beni panzere ald\u0131, ard\u0131ndan iterek panzerden att\u0131. Ben ko\u015fmaya ba\u015flad\u0131m, ba\u015f\u0131ma bir \u015fey isabet etti, yere d\u00fc\u015ft\u00fcm, tekrar ko\u015ftum, TOMA ile su s\u0131kt\u0131lar, sonras\u0131n\u0131 hat\u0131rlam\u0131yorum\u201d.<\/p>\n<p class=\"MsoNormal\" style=\"margin: 0px; text-align: justify;\">\n<div>\n<p class=\"MsoNormal\" style=\"margin: 0px; text-align: justify;\">Biber Gaz\u0131 Yasaklans\u0131n \u0130nisiyatifi olarak, kolluk g\u00fc\u00e7lerinin ter\u00f6rize bir \u015fekilde \u00fczerimizde kulland\u0131\u011f\u0131, yaralanmalara, uzuv ve can kay\u0131plar\u0131na, travmalara sebep olan biber gaz\u0131n\u0131n yasaklanmas\u0131 i\u00e7in her ay maruz kald\u0131\u011f\u0131m\u0131z kimyasal silahlar\u0131n boyutunu a\u00e7\u0131klamaya devam edece\u011fiz. Biber gaz\u0131 denilerek masumla\u015ft\u0131r\u0131lmaya \u00e7al\u0131\u015f\u0131lan kimyasal silah\u0131n bir i\u015fkence arac\u0131 oldu\u011funu b\u00fct\u00fcn platformlarda, t\u00fcm ara\u00e7larla kamuoyuna anlatmaya devam edece\u011fiz. Bu i\u015fkenceye maruz kalan herkesle, demokratik kitle \u00f6rg\u00fctleriyle, emek ve meslek \u00f6rg\u00fctleriyle birle\u015fik bir m\u00fccadele \u00f6recek ve kampanyam\u0131z\u0131 b\u00fcy\u00fctece\u011fiz.<\/p>\n<p class=\"MsoNormal\" style=\"margin: 0px; text-align: justify;\">\n<p class=\"MsoNormal\" style=\"margin: 0px; text-align: justify;\">Kimyasal silahlara, kolluk g\u00fc\u00e7lerinin \u015fiddetine maruz kalmayaca\u011f\u0131m\u0131z g\u00fcnlerin umuduyla\u2026<\/p>\n<p class=\"MsoNormal\" style=\"margin: 0px; text-align: justify;\">\n<p class=\"MsoNormal\" style=\"margin: 0px; text-align: justify;\">Biber Gaz\u0131 Kimyasal Bir Silaht\u0131r, \u00d6l\u00fcmc\u00fcld\u00fcr, Yasaklanmal\u0131d\u0131r!<\/p>\n<p class=\"MsoNormal\" style=\"margin: 0px; text-align: justify;\">\n<p class=\"MsoNormal\" style=\"margin: 0px; text-align: justify;\">Ya\u015fas\u0131n \u0130\u015f\u00e7ilerin Birlik, M\u00fccadele ve Dayan\u0131\u015fma G\u00fcn\u00fc, Ya\u015fas\u0131n 1 May\u0131s!<\/p>\n<\/div>\n<\/div>\n<\/div>\n<p>&nbsp;<\/p>\n<p>&nbsp;<\/p>\n","protected":false},"excerpt":{"rendered":"<p>Ba\u015fta\u00a0biber\u00a0gaz\u0131\u00a0olmak \u00fczere, kollu\u011fun i\u015fkence ara\u00e7lar\u0131n\u0131n yasaklanmas\u0131 i\u00e7in bir m\u00fccadele hatt\u0131 \u00f6ren Biber Gaz\u0131 Yasaklans\u0131n \u0130nisiyatifi Nisan ay\u0131nda maruz kald\u0131\u011f\u0131m\u0131z kimyasal&#46;&#46;&#46;<\/p>\n","protected":false},"author":1,"featured_media":0,"comment_status":"closed","ping_status":"closed","sticky":false,"template":"","format":"standard","meta":{"_jetpack_memberships_contains_paid_content":false,"footnotes":""},"categories":[1],"tags":[],"class_list":["post-3859","post","type-post","status-publish","format-standard","hentry","category-ced"],"aioseo_notices":[],"jetpack_featured_media_url":"","jetpack_sharing_enabled":true,"jetpack-related-posts":[],"_links":{"self":[{"href":"http:\/\/www.ced.org.tr\/index.php?rest_route=\/wp\/v2\/posts\/3859","targetHints":{"allow":["GET"]}}],"collection":[{"href":"http:\/\/www.ced.org.tr\/index.php?rest_route=\/wp\/v2\/posts"}],"about":[{"href":"http:\/\/www.ced.org.tr\/index.php?rest_route=\/wp\/v2\/types\/post"}],"author":[{"embeddable":true,"href":"http:\/\/www.ced.org.tr\/index.php?rest_route=\/wp\/v2\/users\/1"}],"replies":[{"embeddable":true,"href":"http:\/\/www.ced.org.tr\/index.php?rest_route=%2Fwp%2Fv2%2Fcomments&post=3859"}],"version-history":[{"count":1,"href":"http:\/\/www.ced.org.tr\/index.php?rest_route=\/wp\/v2\/posts\/3859\/revisions"}],"predecessor-version":[{"id":3888,"href":"http:\/\/www.ced.org.tr\/index.php?rest_route=\/wp\/v2\/posts\/3859\/revisions\/3888"}],"wp:attachment":[{"href":"http:\/\/www.ced.org.tr\/index.php?rest_route=%2Fwp%2Fv2%2Fmedia&parent=3859"}],"wp:term":[{"taxonomy":"category","embeddable":true,"href":"http:\/\/www.ced.org.tr\/index.php?rest_route=%2Fwp%2Fv2%2Fcategories&post=3859"},{"taxonomy":"post_tag","embeddable":true,"href":"http:\/\/www.ced.org.tr\/index.php?rest_route=%2Fwp%2Fv2%2Ftags&post=3859"}],"curies":[{"name":"wp","href":"https:\/\/api.w.org\/{rel}","templated":true}]}}