{"id":3946,"date":"2012-06-25T15:36:48","date_gmt":"2012-06-25T12:36:48","guid":{"rendered":"http:\/\/www.ced.org.tr\/?p=3946"},"modified":"2014-05-16T00:57:26","modified_gmt":"2014-05-15T21:57:26","slug":"once-insan-2","status":"publish","type":"post","link":"http:\/\/www.ced.org.tr\/?p=3946","title":{"rendered":"\u00d6nce \u0130nsan"},"content":{"rendered":"<p style=\"color: #222222; font-family: arial,sans-serif; font-size: 13px; font-style: normal; font-variant: normal; font-weight: normal; letter-spacing: normal; line-height: normal; orphans: 2; text-indent: 0px; text-transform: none; white-space: normal; widows: 2; word-spacing: 0px; background-color: #ffffff;\">Ba\u015flarken,<\/p>\n<p>\u00c7a\u011fda\u015f Demokrat Eczac\u0131lar olarak yeni bir \u00e7al\u0131\u015fma d\u00f6nemine ba\u015flad\u0131k.<br \/>Mesleki ve toplumsal sorunlar\u0131n giderek a\u011f\u0131rla\u015ft\u0131\u011f\u0131 bu d\u00f6nemde\u00a0\u00a0 birlikte m\u00fccadelenin \u00f6neminin birkez daha fark\u0131na var\u0131yoruz .<br \/>\u0130\u00e7inde bulundu\u011fumuz d\u00f6nemde T\u00fcrkiye\u2018nin uluslararas\u0131 sermayeyle b\u00fct\u00fcnle\u015fme s\u00fcreci h\u0131z kazan\u0131yor.<span class=\"Apple-converted-space\"> <\/span><br \/>Mallar\u0131n, hizmetlerin, sermaye ak\u0131\u015flar\u0131n\u0131n \u00f6n\u00fcndeki k\u0131s\u0131tlamalar ve kontroller h\u0131zla ortadan kald\u0131r\u0131l\u0131yor.Sermayenin \u00f6n\u00fcndeki b\u00fct\u00fcn engelleri kald\u0131ran liberal politikalar, ekonomik ve sosyal t\u00fcm insani faaliyetleri uluslararas\u0131 sermaye gereklerine teslim etmeye \u00e7al\u0131\u015f\u0131yor.<span class=\"Apple-converted-space\"> <\/span><br \/>Sosyal hizmetlerin piyasa sistemine tabi k\u0131l\u0131nmas\u0131yla kamu \u00e7\u0131kar\u0131 yerini piyasa mant\u0131\u011f\u0131na b\u0131rak\u0131yor.<br \/>Sermayenin g\u00fcvenini kazanabilmek kayg\u0131s\u0131yla \u00fccretler, \u00e7al\u0131\u015fma ko\u015fullar\u0131, istihdam ve sosyal g\u00fcvenlik standartlar\u0131, \u00e7evre d\u00fczenlemeleri a\u015fa\u011f\u0131ya do\u011fru \u00e7ekiliyor.<br \/>Sistem kendi \u00fcretti\u011fi ekonomik krizlerin , sava\u015flar\u0131n faturas\u0131n\u0131 t\u00fcm insanl\u0131\u011fa \u00f6detiyor.<br \/>Sistem, do\u011frudan toprak i\u015fgalleri yan\u0131nda, uluslararas\u0131 sermayenin IMF, DB, DT\u00d6 gibi kurumlar\u0131n\u0131n arac\u0131l\u0131\u011f\u0131 ile\u00a0 bor\u00e7lanma, enerji kaynaklar\u0131n\u0131n kontrol\u00fc, patent ve fikri m\u00fclkiyet haklar\u0131yla da egemenli\u011fini s\u00fcrd\u00fcr\u00fcyor.<br \/>Sistem sorunlar\u0131n\u0131 t\u00fcm d\u00fcnya emek\u00e7ilerinin s\u0131rt\u0131ndan \u00e7\u00f6zmeye \u00e7al\u0131\u015f\u0131yor.<\/p>\n<p><strong>\u00c7a\u011fda\u015f Demokrat olmak Sistemin insanl\u0131\u011fa dayatt\u0131\u011f\u0131 b\u00fct\u00fcn bask\u0131, s\u00f6m\u00fcr\u00fc, \u015fiddet ve e\u015fitsizlik bi\u00e7imlerinin ortadan kalkmas\u0131n\u0131 savunmakt\u0131r.<br \/><\/strong>Herkese sa\u011fl\u0131kl\u0131 ya\u015fam hakk\u0131n\u0131 savunmakt\u0131r.<br \/>Sava\u015ftan de\u011fil bar\u0131\u015ftan yana olmakt\u0131r.<br \/>Ki\u015fisel \u00e7\u0131karlar\u0131 de\u011fil, toplumsal yararlar\u0131 savunmakt\u0131r..<br \/>E\u015fitlik\u00e7i ve dayan\u0131\u015fmac\u0131 olmakt\u0131r.<br \/>Evrensel de\u011ferlere d\u00fc\u015f\u00fcnce \u00f6zg\u00fcrl\u00fc\u011f\u00fcne, eme\u011fe, bilime, sanata de\u011fer vermektir.<br \/>Adil bir gelir da\u011f\u0131l\u0131m\u0131n\u0131 istemektir.<br \/>Mesleki ve toplumsal olaylara duyarl\u0131 olmakt\u0131r<span class=\"Apple-converted-space\"> <\/span><br \/>G\u00fc\u00e7l\u00fcn\u00fcn de\u011fil hakl\u0131n\u0131n, ezenin de\u011fil ezilenin yan\u0131nda olmakt\u0131r.<br \/>\u00c7evreye duyarl\u0131 olmakt\u0131r<br \/>N\u00fckeer santrallere kar\u015f\u0131 olmakt\u0131r.<br \/>Bilimsel d\u00fc\u015f\u00fcnceden ayr\u0131lmamakt\u0131r<span class=\"Apple-converted-space\"> <\/span><br \/>Tekba\u015f\u0131na kurtulu\u015fu de\u011fil, birlikte m\u00fccadeleyi savunmakt\u0131r.<br \/>Seyirci de\u011fil, kat\u0131l\u0131mc\u0131 olmakt\u0131r.<br \/>Boyun e\u011fmek de\u011fil, hakk\u0131n\u0131 aramakt\u0131r.<\/p>\n<p><strong>Sermayenin de\u011fil, eme\u011fin yan\u0131nda olmakt\u0131r.<\/strong><span class=\"Apple-converted-space\"> <\/span><br \/>Maliyetleri d\u00fc\u015f\u00fcrmek, \u015firket karlar\u0131n\u0131 artt\u0131rmak amac\u0131yla i\u015fg\u00fcc\u00fcn\u00fcn ucuzlat\u0131lmas\u0131na kar\u015f\u0131 olmakt\u0131r.<br \/>\u00d6rg\u00fctl\u00fc toplumu, ve sendikal\u015fmay\u0131\u00a0 savunmakt\u0131r.\u0130\u015f\u00e7i sa\u011fl\u0131\u011f\u0131n\u0131n ve g\u00fcvenli\u011finin sa\u011flanmas\u0131n\u0131 istemektir.Sosyal g\u00fcvence istemektir.Vergilerimizin hesab\u0131n\u0131 sormakt\u0131r.Sermayeyi te\u015fvik ad\u0131na i\u015f g\u00fcc\u00fcn\u00fcn ucuzlat\u0131lmas\u0131na, grev hakk\u0131n\u0131n yasaklanmas\u0131na, g\u00fcvencesiz \u00e7al\u0131\u015fma hayat\u0131na, keyfi i\u015ften \u00e7\u0131karmalara kar\u015f\u0131 durmakt\u0131r.<span class=\"Apple-converted-space\"> <\/span><br \/>Bankalar\u0131n , \u015firketlerin de\u011fil insanlar\u0131n kurtar\u0131lmas\u0131n\u0131 istemektir.<br \/><strong>Ekonomik krizin bedeli emek\u00e7ilere \u00f6detilemez<\/strong>.<span class=\"Apple-converted-space\"> <\/span><\/p>\n<p>\u00a0<\/p>\n<p><strong style=\"color: #222222; font-family: arial,sans-serif; font-size: 13px; font-style: normal; font-variant: normal; letter-spacing: normal; line-height: normal; orphans: 2; text-indent: 0px; text-transform: none; white-space: normal; widows: 2; word-spacing: 0px; background-color: #ffffff;\"> <\/strong><\/p>\n<p style=\"color: #222222; font-family: arial,sans-serif; font-size: 13px; font-style: normal; font-variant: normal; font-weight: normal; letter-spacing: normal; line-height: normal; orphans: 2; text-indent: 0px; text-transform: none; white-space: normal; widows: 2; word-spacing: 0px; background-color: #ffffff;\"><strong>Dil, din, \u0131rk cinsiyet ayr\u0131m\u0131 yapmadan birarada ya\u015famay\u0131 savunmakt\u0131r.<\/strong><span class=\"Apple-converted-space\"> <\/span><br \/>\u0130nsan iki kere ya\u015far sadece bir James Bond filminin ad\u0131d\u0131r. Asl\u0131nda \u0130nsan sadece bir kere do\u011far, ya\u015far ve \u00f6l\u00fcr.\u00a0 Bu s\u00fcre i\u00e7inde iyi \u015fartlarda ve sa\u011fl\u0131kl\u0131 ya\u015famal\u0131, istedi\u011fi \u015fekilde d\u00fc\u015f\u00fcnmeli, inanmal\u0131 veya inanmamal\u0131,\u00a0 istedi\u011fi tarzda ya\u015famal\u0131, giyinmeli, ve istedi\u011fi dilde konu\u015fmal\u0131d\u0131r., Bu konularda toplumsal veya devlet bask\u0131 ve dayatmas\u0131 olmamal\u0131d\u0131r.<span class=\"Apple-converted-space\"> <\/span><strong>Herkes farkl\u0131, herkes e\u015fittir.<br \/><\/strong> <br \/><strong>Kad\u0131nlar \u00fczerindeki toplumsal, ailesel ve dini bask\u0131lara kar\u015f\u0131 olmakt\u0131r<\/strong>.<br \/>Kad\u0131nlar\u0131n t\u00f6re , namus din kurallar\u0131 i\u00e7ine hapsedilmesine ve \u00f6ld\u00fcr\u00fclmesine kar\u015f\u0131 durmakt\u0131r.<br \/>Kad\u0131nlar\u0131n, iktidar\u0131n istedi\u011fi say\u0131da ve nitelikte \u00e7ocuklar yeti\u015ftirmek zorunda olan varl\u0131klar de\u011fil,\u00a0 \u00f6zg\u00fcr ya\u015famak i\u00e7in do\u011fan insanlar oldu\u011funu hat\u0131rlamakt\u0131r.<br \/>Kad\u0131n\u0131, toplumda sadece birinin e\u015fi, annesi ailesi olarak de\u011fil kendi ki\u015fili\u011fi ile var olan\u00a0 toplumsal duyarl\u0131\u011f\u0131 ile ya\u015fama \u00f6nemli katk\u0131lar sunan insanlar olarak g\u00f6rmektir.<span class=\"Apple-converted-space\"> <\/span><\/p>\n<p><strong>Sa\u011fl\u0131k bir k\u00e2r alan\u0131 olmaktan \u00e7\u0131kar\u0131lmal\u0131d\u0131r.<br \/><\/strong>Sa\u011fl\u0131k hizmetlerinden t\u00fcm yurtta\u015flar paras\u0131z, e\u015fit ve ayn\u0131 kalitede yararlanmal\u0131d\u0131r.<br \/>Sa\u011fl\u0131k, sadece paras\u0131 olanlar\u0131n sat\u0131n alabilece\u011fi bir imtiyaz de\u011fil herkesin do\u011fu\u015ftan sahip oldu\u011fu bir hakt\u0131r.<br \/>Sa\u011fl\u0131k ve e\u011fitim herkesin e\u015fit ve paras\u0131z olarak eri\u015febilece\u011fi bir hizmet olmal\u0131d\u0131r.<span class=\"Apple-converted-space\"> <\/span><br \/>Bu hizmetler kar amac\u0131 ile ac\u0131mas\u0131z piyasa \u015fartlar\u0131na terkedilemeyecek kadar \u00f6nemli dir.&#8221;Hasta&#8221;\u00a0 ve &#8220;\u00f6\u011frenci&#8221; ye m\u00fc\u015fteri de\u011fildir<br \/>Ki\u015fisel veya \u015firket \u00e7\u0131karlar\u0131 u\u011fruna halk sa\u011fl\u0131\u011f\u0131 tehlikeye at\u0131lamaz.<span class=\"Apple-converted-space\"> <\/span><br \/>\u00d6zel sa\u011fl\u0131k kurulu\u015flar\u0131na verilen te\u015fvik ve destekler kald\u0131r\u0131larak b\u00fct\u00e7eden sa\u011fl\u0131\u011fa ayr\u0131lan pay artt\u0131rlmal\u0131d\u0131r.<br \/>B\u00fct\u00fcn de\u011ferlerin paraya endekslendi\u011fi bu sistemde, devletler, insan \u00f6mr\u00fcn\u00fcn uzamas\u0131ndan memnun olaca\u011f\u0131 yerde ,sa\u011fl\u0131k\u00a0 ve sosyal harcamalar\u0131n\u0131n artmas\u0131ndan endi\u015fe duyuyor. \u0130nsan \u00f6mr\u00fcn\u00fcn uzamas\u0131ndan kayg\u0131 de\u011fil sevin\u00e7 duyulur.Ya\u015fl\u0131 n\u00fcfusu \u00fcretime katk\u0131s\u0131 olmayan\u00a0 bir y\u00fck gibi g\u00f6rerek, \u00e7al\u0131\u015fma s\u00fcrelerinin uzat\u0131lmas\u0131 ,sosyal g\u00fcvencelerin azalt\u0131lmas\u0131 i\u00e7in \u00e7al\u0131\u015fmaktalar.Bu d\u00fc\u015f\u00fcnce tarz\u0131 \u00fcretime katk\u0131s\u0131 olmayanlar\u0131n yok edilmesini savunan\u00a0 fa\u015fist d\u00fc\u015f\u00fcnceleri hat\u0131rlatmaktad\u0131r.<span class=\"Apple-converted-space\"> <\/span><br \/><strong> <\/strong><\/p>\n<p style=\"color: #222222; font-family: arial,sans-serif; font-size: 13px; font-style: normal; font-variant: normal; font-weight: normal; letter-spacing: normal; line-height: normal; orphans: 2; text-indent: 0px; text-transform: none; white-space: normal; widows: 2; word-spacing: 0px; background-color: #ffffff;\"><strong>Sava\u015fa hay\u0131r, bar\u0131\u015f hemen \u015fimdi.<br \/><\/strong>\u00dclkemizde ve b\u00f6lgemizde sava\u015f istemiyoruz.\u00a0 \u0130nsanlar\u0131 \u00f6ld\u00fcrmek i\u00e7in harcanan para ve g\u00fc\u00e7, insanca ya\u015fam i\u00e7in harcanmal\u0131d\u0131r.<br \/>K\u00fcrt sorununa\u00a0 bar\u0131\u015fc\u0131l bir \u00e7\u00f6z\u00fcm derhal hayata ge\u00e7irilmelidir. Art\u0131k bir tek T\u00fcrk veya K\u00fcrt vatanda\u015f\u0131m\u0131z\u0131n \u00f6lmesini istemiyoruz.<br \/><strong> <\/strong><\/p>\n<p style=\"color: #222222; font-family: arial,sans-serif; font-size: 13px; font-style: normal; font-variant: normal; font-weight: normal; letter-spacing: normal; line-height: normal; orphans: 2; text-indent: 0px; text-transform: none; white-space: normal; widows: 2; word-spacing: 0px; background-color: #ffffff;\"><strong>Toplumun dini kurallara g\u00f6re y\u00f6netilmesi istemiyoruz.<br \/><\/strong>Toplumsal ya\u015fam\u0131n bir dinin (hatta sadece bir meshebin ) kurallar\u0131na g\u00f6re \u015fekillendirirlmesini,\u00a0 bu kurallar\u0131n toplumsal ya\u015fam\u0131n her alan\u0131nda dayat\u0131lmas\u0131n\u0131 istemiyoruz.<br \/>B\u00fct\u00e7eden dini e\u011fitime de\u011fil, sa\u011fl\u0131\u011fa ayr\u0131lan pay\u0131n artt\u0131r\u0131lmas\u0131n\u0131 istiyoruz.<\/p>\n<p style=\"color: #222222; font-family: arial,sans-serif; font-size: 13px; font-style: normal; font-variant: normal; font-weight: normal; letter-spacing: normal; line-height: normal; orphans: 2; text-indent: 0px; text-transform: none; white-space: normal; widows: 2; word-spacing: 0px; background-color: #ffffff;\"><strong>Su kaynaklar\u0131 insanl\u0131k ve kamu yarar\u0131na kullan\u0131lmal\u0131d\u0131r<\/strong>.<span class=\"Apple-converted-space\"> <\/span><br \/>Rant\u00a0 yaratmak u\u011fruna ormanlar yok edilmemeli, dereler hapsedilmemelidir.<br \/>Kentsel d\u00f6n\u00fc\u015f\u00fcm gerek\u00e7esi ile\u00a0 \u015fehir meydanlar\u0131 , sinemalar,\u00a0 tiyatrolar, ye\u015fil alanlar\u00a0 yok edilmemeli, yeni rant alanlar\u0131 yaratmak i\u00e7in yoksul kesimler \u015fehir d\u0131\u015f\u0131na at\u0131lmamal\u0131d\u0131r.<\/p>\n<p>Kent, kentte ya\u015fayanlar\u0131n yarar\u0131na g\u00f6re \u015fekillenmelidir.\u015eehir yap\u0131lanmas\u0131nda yayalar, engelliler ve bisikletliler dikkate al\u0131nmal\u0131d\u0131r.<br \/>\u015eehir merkezleri, insanlar\u0131n bulu\u015faca\u011f\u0131 meydanlar, k\u00fclt\u00fcrel merkezler, ye\u015fil alanlar yerine, al\u0131\u015fveri\u015f merkezleri, insanlar\u0131n y\u00fcr\u00fcyemeyece\u011fi, duble yollar ve\u00a0 alt ge\u00e7itler ile doldurulmamal\u0131d\u0131r.<span class=\"Apple-converted-space\"> <\/span><\/p>\n<p>\u00d6n\u00fcm\u00fczdeki d\u00f6nemde\u00a0 \u00c7a\u011fda\u015f Demokrat Eczac\u0131lar olarak b\u00fct\u00fcn bu sorunlar kar\u015f\u0131s\u0131nda daha fazla dayan\u0131\u015fmaya ihtiyac\u0131m\u0131z oldu\u011funu ve BA\u015eKA B\u0130R D\u00dcNYANIN M\u00dcMK\u00dcN oldu\u011funu biliyoruz.<\/p>\n<p style=\"color: #222222; font-family: arial,sans-serif; font-size: 13px; font-style: normal; font-variant: normal; font-weight: normal; letter-spacing: normal; line-height: normal; orphans: 2; text-indent: 0px; text-transform: none; white-space: normal; widows: 2; word-spacing: 0px; background-color: #ffffff;\">\u00a0<\/p>\n<p style=\"color: #222222; font-family: arial,sans-serif; font-size: 13px; font-style: normal; font-variant: normal; font-weight: normal; letter-spacing: normal; line-height: normal; orphans: 2; text-indent: 0px; text-transform: none; white-space: normal; widows: 2; word-spacing: 0px; background-color: #ffffff;\"><strong>Ecz. Nurdan Demirkan<\/strong><\/p>\n","protected":false},"excerpt":{"rendered":"<p>Ba\u015flarken, \u00c7a\u011fda\u015f Demokrat Eczac\u0131lar olarak yeni bir \u00e7al\u0131\u015fma d\u00f6nemine ba\u015flad\u0131k.Mesleki ve toplumsal sorunlar\u0131n giderek a\u011f\u0131rla\u015ft\u0131\u011f\u0131 bu d\u00f6nemde\u00a0\u00a0 birlikte m\u00fccadelenin \u00f6neminin&#46;&#46;&#46;<\/p>\n","protected":false},"author":2,"featured_media":0,"comment_status":"closed","ping_status":"closed","sticky":false,"template":"","format":"standard","meta":{"_jetpack_memberships_contains_paid_content":false,"footnotes":""},"categories":[58],"tags":[],"class_list":["post-3946","post","type-post","status-publish","format-standard","hentry","category-ecz-nurdan-demirkan"],"aioseo_notices":[],"jetpack_featured_media_url":"","jetpack_sharing_enabled":true,"jetpack-related-posts":[],"_links":{"self":[{"href":"http:\/\/www.ced.org.tr\/index.php?rest_route=\/wp\/v2\/posts\/3946","targetHints":{"allow":["GET"]}}],"collection":[{"href":"http:\/\/www.ced.org.tr\/index.php?rest_route=\/wp\/v2\/posts"}],"about":[{"href":"http:\/\/www.ced.org.tr\/index.php?rest_route=\/wp\/v2\/types\/post"}],"author":[{"embeddable":true,"href":"http:\/\/www.ced.org.tr\/index.php?rest_route=\/wp\/v2\/users\/2"}],"replies":[{"embeddable":true,"href":"http:\/\/www.ced.org.tr\/index.php?rest_route=%2Fwp%2Fv2%2Fcomments&post=3946"}],"version-history":[{"count":1,"href":"http:\/\/www.ced.org.tr\/index.php?rest_route=\/wp\/v2\/posts\/3946\/revisions"}],"predecessor-version":[{"id":3960,"href":"http:\/\/www.ced.org.tr\/index.php?rest_route=\/wp\/v2\/posts\/3946\/revisions\/3960"}],"wp:attachment":[{"href":"http:\/\/www.ced.org.tr\/index.php?rest_route=%2Fwp%2Fv2%2Fmedia&parent=3946"}],"wp:term":[{"taxonomy":"category","embeddable":true,"href":"http:\/\/www.ced.org.tr\/index.php?rest_route=%2Fwp%2Fv2%2Fcategories&post=3946"},{"taxonomy":"post_tag","embeddable":true,"href":"http:\/\/www.ced.org.tr\/index.php?rest_route=%2Fwp%2Fv2%2Ftags&post=3946"}],"curies":[{"name":"wp","href":"https:\/\/api.w.org\/{rel}","templated":true}]}}