{"id":3948,"date":"2012-12-27T17:33:16","date_gmt":"2012-12-27T15:33:16","guid":{"rendered":"http:\/\/www.ced.org.tr\/?p=3948"},"modified":"2014-05-16T00:57:11","modified_gmt":"2014-05-15T21:57:11","slug":"yeni-yila-merhaba-3","status":"publish","type":"post","link":"http:\/\/www.ced.org.tr\/?p=3948","title":{"rendered":"Yeni y\u0131la merhaba\u2026."},"content":{"rendered":"<p>\u00a0<\/p>\n<p class=\"MsoNormal\">2012 yi u\u011furlarken, ge\u00e7en y\u0131l\u0131n d\u00fcnyada , \u00fclkemizde ve mesle\u011fimizde getirip g\u00f6t\u00fcrd\u00fcklerini de\u011ferlendirmek adettendir.<\/p>\n<p class=\"MsoNormal\">D\u00fcnya yine ac\u0131lar, felaketler, sava\u015flar, \u00a0a\u00e7l\u0131klarla bo\u011fu\u015ftu. \u00dcstelik bu felaketlerin \u00e7o\u011fu b\u00f6lgemizde ya\u015fand\u0131, ya\u015fan\u0131yor.<\/p>\n<p class=\"MsoNormal\">T\u00fcrkiye bu ate\u015f \u00e7emberinin k\u0131y\u0131s\u0131nda, hatta i\u00e7ine atlad\u0131, atlayacak. Art\u0131k \u201cPatriot\u201d lar\u0131m\u0131z var.<em><span lang=\"EN\"> Chekhov&#8221;<\/span><\/em>\u2019un dedi\u011fi gibi, oyunun birinci perdesinde g\u00f6r\u00fclen o silah\u0131n ikinci perdede patlamamas\u0131n\u0131 umuyoruz.<\/p>\n<p class=\"MsoNormal\">Sava\u015f \u00e7\u0131\u011fl\u0131klar\u0131n\u0131n giderek artt\u0131\u011f\u0131 2012 y\u0131l\u0131nda oldu\u011fu gibi, yeni y\u0131lda da bizler <strong>inad\u0131na bar\u0131\u015f\u0131<\/strong> <span style=\"color: #222222;\">savunmaya devam edece\u011fiz.<\/span><\/p>\n<p class=\"MsoNormal\"><span style=\"color: #222222;\">Uluslar aras\u0131 sermayenin dayatmalar\u0131na kar\u015f\u0131n t\u00fcm d\u00fcnyada toplumsal direni\u015fler \u00f6ne \u00e7\u0131k\u0131yor. Ba\u015fta sa\u011fl\u0131k olmak \u00fczere sosyal haklar\u0131n k\u0131s\u0131tlanmas\u0131 eme\u011fin ucuzlat\u0131lmas\u0131na kar\u015f\u0131 direni\u015fler artarak s\u00fcr\u00fcyor. <\/span>Halklar tepkilerini sokaklarda dile getirirken \u00fclkemizde hak arayanlar bol bol biber gaz\u0131 ile p\u00fcsk\u00fcrt\u00fcl\u00fcyor. Toplumsal muhalefet bast\u0131r\u0131l\u0131yor.<\/p>\n<p class=\"MsoNormal\">Sa\u011fl\u0131k, e\u011fitim ve sosyal g\u00fcvenlik gibi\u00a0 kamu hizmetleri\u00a0 karl\u0131 yat\u0131r\u0131m alanlar\u0131 olarak \u00f6zel sekt\u00f6re devrediliyor\u00a0 ve bu alanlarda \u00a0\u00a0serbest piyasa kurallar\u0131 ge\u00e7erli oluyor.<\/p>\n<p class=\"MsoNormal\">\u00d6zel sekt\u00f6r\u00fcn maksimum kar elde etmek i\u00e7in\u00a0 az istihdam, \u00e7ok i\u015f mant\u0131\u011f\u0131 sa\u011fl\u0131k alan\u0131nda da hakim oluyor. T\u0131bbi bak\u0131m s\u00fcreci bir hastaya yakla\u015f\u0131k olarak 4-8 dakika olacak \u015fekilde h\u0131zlan\u0131p tedavi y\u00f6ntemi ise \u00a0hastan\u0131n sigortas\u0131 taraf\u0131ndan se\u00e7ilir duruma geliyor.<\/p>\n<p class=\"MsoNormal\">Hasta kat\u0131l\u0131m paylar\u0131 giderek artarken geri \u00f6deme kurallar\u0131 her g\u00fcn de\u011fi\u015fiyor, k\u0131s\u0131tlan\u0131yor.<\/p>\n<p class=\"MsoNormal\">Alt yap\u0131 sorunu \u00e7\u00f6z\u00fclememi\u015f olan medula sistemi ile elektronik re\u00e7eteye ge\u00e7ilmesi, yeni y\u0131lda hastalar\u0131 ve eczac\u0131lar\u0131 daha da b\u00fcy\u00fck zorluklar\u0131n \u00a0bekledi\u011fini g\u00f6steriyor.<\/p>\n<p class=\"MsoNormal\">Eczac\u0131l\u0131\u011f\u0131n sorunlar\u0131na \u00e7\u00f6z\u00fcm getirmesi i\u00e7in y\u0131llard\u0131r\u00a0 beklenen <span lang=\"EN\">6197 say\u0131l\u0131 yasadaki de\u011fi\u015fiklik sonuda 2012 y\u0131l\u0131nda ger\u00e7ekle\u015fti. Ancak da\u011f fare do\u011furdu. Yasa de\u011fi\u015fikli\u011fi mevcut sorunlara \u00e7\u00f6z\u00fcm \u00fcretmek yerine bir \u00e7ok yeni problemleri do\u011furacak g\u00f6r\u00fcn\u00fcyor.<\/span><\/p>\n<p class=\"MsoNormal\"><span lang=\"EN\">Mevcut eczanelerin durumunu korumak d\u0131\u015f\u0131nda meslek mensuplar\u0131na hi\u00e7 bir bir avantaj sa\u011flamayan\u00a0 bu yasay\u0131 \u00e7\u0131karan y\u00f6neticileri d\u00fc\u015f\u00fcnecek olursak hi\u00e7 de \u015fa\u015f\u0131rt\u0131c\u0131 de\u011fil.<\/span><\/p>\n<p class=\"MsoNormal\"><span lang=\"EN\">Ancak \u00a0yasan\u0131n hayata ge\u00e7mesini sa\u011flayacak olan y\u00f6netmelik bir t\u00fcrl\u00fc yay\u0131nlanam\u0131yor. Yasan\u0131n belirsizlikleri y\u00f6netmelik ile giderilmeye \u00e7al\u0131\u015f\u0131l\u0131yor ancak o kadar \u00e7arp\u0131kl\u0131\u011f\u0131 d\u00fczeltecek bir y\u00f6netmelik yapmak m\u00fcmk\u00fcn olam\u0131yor. Geciktik\u00e7e gecikiyor.<\/span><\/p>\n<p class=\"MsoNormal\"><span lang=\"EN\">Her\u015feyin h\u0131zla de\u011fi\u015fti\u011fi, y\u0131k\u0131ld\u0131\u011f\u0131, yer de\u011fi\u015ftirdi\u011fi bu d\u00f6nemde sadece eczanelerin yerlerinde sabit kalmalar\u0131\u00a0 isteniyor.<\/span><\/p>\n<p class=\"MsoNormal\"><span lang=\"EN\">Kentsel d\u00f6n\u00fc\u015f\u00fcm ad\u0131 alt\u0131nda \u015fehirler y\u0131k\u0131l\u0131p yeniden yap\u0131l\u0131yor. Yeni rant alanlar\u0131 yarat\u0131l\u0131yor. \u0130stanbul bir \u015fantiyeye d\u00f6nm\u00fc\u015f durumda, i\u015f makineleri ve buldozerler aras\u0131nda\u00a0 ya\u015fam\u0131m\u0131z\u0131 devam ettirmeye \u00e7al\u0131\u015f\u0131yoruz. Bir g\u00fcnde \u015fehir planlar\u0131 de\u011fi\u015fiyor, meydanlar, ye\u015fil alanlar, yayalar\u0131n y\u00fcr\u00fcd\u00fc\u011f\u00fc yollar yok oluyor., \u015eehir merkezlerinden uzakta yeni ya\u015fam alanlar\u0131 olu\u015fuyor. Her \u015fey ara\u00e7 trafi\u011fine g\u00f6re planlan\u0131yor, yeni yeni otoyollar ve alt\/\u00fcst ge\u00e7itler trafik sorununu \u00e7\u00f6zemedi\u011fi gibi \u015fehri \u00e7irkinle\u015ftiriyor, dokusunu bozuyor.<\/span><\/p>\n<p class=\"MsoNormal\"><span lang=\"EN\">Ancak bunun b\u00f6yle gitmeyece\u011fini bilerek,\u00a0 gelen g\u00fcnlerin daha mutlu oldu\u011fu bir d\u00fcnyada ya\u015famak dile\u011fiyle iyi y\u0131llar diliyorum.<\/span><\/p>\n<p class=\"MsoNormal\">\u00a0<\/p>\n<p class=\"MsoNormal\"><span style=\"color: #222222;\">Ecz. Nurdan Demirkan<\/span><\/p>\n<p class=\"MsoNormal\"><span style=\"color: #222222;\">27.12.2012<\/span><\/p>\n<p>\u00a0<\/p>\n","protected":false},"excerpt":{"rendered":"<p>\u00a0 2012 yi u\u011furlarken, ge\u00e7en y\u0131l\u0131n d\u00fcnyada , \u00fclkemizde ve mesle\u011fimizde getirip g\u00f6t\u00fcrd\u00fcklerini de\u011ferlendirmek adettendir. D\u00fcnya yine ac\u0131lar, felaketler, sava\u015flar,&#46;&#46;&#46;<\/p>\n","protected":false},"author":2,"featured_media":0,"comment_status":"closed","ping_status":"closed","sticky":false,"template":"","format":"standard","meta":{"_jetpack_memberships_contains_paid_content":false,"footnotes":""},"categories":[58],"tags":[],"class_list":["post-3948","post","type-post","status-publish","format-standard","hentry","category-ecz-nurdan-demirkan"],"aioseo_notices":[],"jetpack_featured_media_url":"","jetpack_sharing_enabled":true,"jetpack-related-posts":[],"_links":{"self":[{"href":"http:\/\/www.ced.org.tr\/index.php?rest_route=\/wp\/v2\/posts\/3948","targetHints":{"allow":["GET"]}}],"collection":[{"href":"http:\/\/www.ced.org.tr\/index.php?rest_route=\/wp\/v2\/posts"}],"about":[{"href":"http:\/\/www.ced.org.tr\/index.php?rest_route=\/wp\/v2\/types\/post"}],"author":[{"embeddable":true,"href":"http:\/\/www.ced.org.tr\/index.php?rest_route=\/wp\/v2\/users\/2"}],"replies":[{"embeddable":true,"href":"http:\/\/www.ced.org.tr\/index.php?rest_route=%2Fwp%2Fv2%2Fcomments&post=3948"}],"version-history":[{"count":1,"href":"http:\/\/www.ced.org.tr\/index.php?rest_route=\/wp\/v2\/posts\/3948\/revisions"}],"predecessor-version":[{"id":3957,"href":"http:\/\/www.ced.org.tr\/index.php?rest_route=\/wp\/v2\/posts\/3948\/revisions\/3957"}],"wp:attachment":[{"href":"http:\/\/www.ced.org.tr\/index.php?rest_route=%2Fwp%2Fv2%2Fmedia&parent=3948"}],"wp:term":[{"taxonomy":"category","embeddable":true,"href":"http:\/\/www.ced.org.tr\/index.php?rest_route=%2Fwp%2Fv2%2Fcategories&post=3948"},{"taxonomy":"post_tag","embeddable":true,"href":"http:\/\/www.ced.org.tr\/index.php?rest_route=%2Fwp%2Fv2%2Ftags&post=3948"}],"curies":[{"name":"wp","href":"https:\/\/api.w.org\/{rel}","templated":true}]}}