{"id":3950,"date":"2013-09-11T17:05:12","date_gmt":"2013-09-11T14:05:12","guid":{"rendered":"http:\/\/www.ced.org.tr\/?p=3950"},"modified":"2014-05-16T00:56:55","modified_gmt":"2014-05-15T21:56:55","slug":"12-eylul-yargilaniyor-mu-2","status":"publish","type":"post","link":"http:\/\/www.ced.org.tr\/?p=3950","title":{"rendered":"12 Eyl\u00fcl Yarg\u0131lan\u0131yor mu?"},"content":{"rendered":"<p><strong>12 Eyl\u00fcl Yarg\u0131lan\u0131yor mu?<img loading=\"lazy\" decoding=\"async\" src=\"http:\/\/www.tersninja.com\/wp-content\/uploads\/2013\/05\/12eylul8.jpg\" border=\"0\" width=\"307\" height=\"153\" style=\"float: right; margin: 10px;\" \/> <\/strong><\/p>\n<p>12 eyl\u00fcl 1980 darbesinin \u00fczerinden 33 y\u0131l, darbecileri koruyan anayasa maddesinin referandumla kald\u0131r\u0131lmas\u0131n\u0131n \u00fczerinde ise 3 y\u0131l ge\u00e7ti.<\/p>\n<p>12 Eyl\u00fcl 1980 askeri darbesini ger\u00e7ekle\u015ftirenlere yarg\u0131 yolu, 12 Eyl\u00fcl 2010&#8217;daki referandumda, ge\u00e7ici 15&#8217;inci maddenin kald\u0131r\u0131lmas\u0131yla a\u00e7\u0131lm\u0131\u015ft\u0131.<\/p>\n<p><strong>T\u00fcrkiye, 1980 Darbesi ile tarihinin en karanl\u0131k d\u00f6nemlerinden birini ya\u015fad\u0131. <\/strong><\/p>\n<p><strong> <\/strong><\/p>\n<p>\u00a0<\/p>\n<p>&#8211; 650 bin ki\u015fi g\u00f6zalt\u0131na al\u0131nd\u0131 ve 90 g\u00fcnl\u00fck g\u00f6zalt\u0131 s\u00fcrelerinde a\u011f\u0131r i\u015fkence g\u00f6rd\u00fc.<\/p>\n<p>-1 milyon 683 bin ki\u015fi &#8220;kom\u00fcnist, Alevi, K\u00fcrt, dinci, \u015feriat\u00e7\u0131&#8221; \u015feklinde fi\u015flendi.<\/p>\n<p>&#8211; 210 bin davada 230 bin ki\u015fi S\u0131k\u0131y\u00f6netim Mahkemeleri&#8217;nde yarg\u0131land\u0131.<\/p>\n<p>&#8211; 7 bin ki\u015fi i\u00e7in idam cezas\u0131 istendi, 517 ki\u015fiye idam cezas\u0131 verildi. 50&#8217;si as\u0131ld\u0131.<\/p>\n<p>&#8211; 300 ki\u015fi ku\u015fkulu bir \u015fekilde \u00f6ld\u00fc; 299&#8217;u cezaevinde ya\u015fam\u0131n\u0131 yitirdi. 171 ki\u015finin i\u015fkenceden \u00a0\u00f6ld\u00fc\u011f\u00fc belgelendi.<\/p>\n<p>&#8211; 30 bin ki\u015fi &#8220;sak\u0131ncal\u0131&#8221; oldu\u011fu i\u00e7in i\u015ften at\u0131ld\u0131,<\/p>\n<p>&#8211; 30 bin ki\u015fi &#8220;siyasi m\u00fclteci&#8221; olarak yurtd\u0131\u015f\u0131na gitti; 14 bini yurtta\u015fl\u0131ktan \u00e7\u0131kar\u0131ld\u0131<\/p>\n<p><strong>Darbecileri koruyan anayasa maddesinin ortadan kald\u0131r\u0131lmas\u0131 ile darbecilerin yarg\u0131lanmas\u0131n\u0131 isteyenler adliyeleri doldurdu. <\/strong><\/p>\n<p>Darbe ma\u011fdurlar\u0131, sadece Evren\u2019in de\u011fil t\u00fcm sorumlular\u0131n yarg\u0131lanmas\u0131n\u0131 istedi. Emniyet ve M\u0130T g\u00f6revlilerinin aras\u0131nda bulundu\u011fu 514 isim hakk\u0131nda su\u00e7 duyurusunda bulundu.<\/p>\n<p>\u0130\u015fkence yapmak, insan \u00f6ld\u00fcrmek gibi iddialarla su\u00e7lanan devlet g\u00f6revlilerinin isimleri s\u0131raland\u0131. \u0130\u015fkence su\u00e7unun insanl\u0131\u011fa kar\u015f\u0131 i\u015flenen su\u00e7 oldu\u011fu faillerinin cezaland\u0131r\u0131lmas\u0131 talep edildi.<\/p>\n<p>Bu isimlere ek olarak ba\u015fta \u0130stanbul&#8217;da Birinci ve \u0130kinci Siyasi \u015fubeleri ile Ankara Siyasi \u015eube olmak \u00fczere bir\u00e7ok ildeki emniyet m\u00fcd\u00fcrl\u00fcklerinde farkl\u0131 kademelerde g\u00f6revli 418 polisin ismi say\u0131ld\u0131; yarg\u0131lanmalar\u0131 istendi.<\/p>\n<p>Diyarbak\u0131r Askeri Cezaevi&#8217;nde 1980 sonras\u0131nda i\u015fkenceye maruz kalan 300 ki\u015fi d\u00f6nemin askeri yetkilileri ve cezaevi yetkilileri hakk\u0131nda su\u00e7 duyurusunda bulundu.<\/p>\n<p>Diyarbak\u0131r cezaevi; \u00f6l\u00fcm\u00fc kurtulu\u015f g\u00f6rmenin ba\u015fka bir ad\u0131ym\u0131\u015f, dediler. Diyarbak\u0131r Cezaevinde ya\u015fananlar, bu topraklar \u00fczerinde ve hi\u00e7bir co\u011frafyada bir daha asla ya\u015fanmas\u0131n, dediler ve adalet istediler.<\/p>\n<p>12 Eyl\u00fcl davas\u0131n\u0131n iki san\u0131\u011f\u0131, \u00a0Kenan Evren ve \u00a0Tahsin \u015eahinkaya ya\u015flar\u0131 ve var olan rahats\u0131zl\u0131klar\u0131 nedeniyle san\u0131k sandalyesine oturmad\u0131.<\/p>\n<p>Evren ve \u015eahinkaya ilk kez &#8220;\u015f\u00fcpheli s\u0131fat\u0131yla&#8221; 6 Haziran 2011\u2019de ifadeye \u00e7a\u011fr\u0131ld\u0131. Avukatlar\u0131, m\u00fcvekkillerinin s\u00fcrekli sa\u011fl\u0131k sorunlar\u0131n\u0131 g\u00f6steren hastane raporlar\u0131n\u0131 mahkemeye sunmu\u015ftu Savc\u0131 Evren&#8217;in kald\u0131\u011f\u0131 lojmana giderek ifadesini ald\u0131. Evren&#8217;e i\u015fkence ve \u00f6l\u00fcmlerle ilgili soru sorulmad\u0131. Savc\u0131lar\u0131n &#8220;Pi\u015fman m\u0131s\u0131n\u0131z&#8221; sorusunu da &#8220;Pi\u015fman de\u011filim. \u00dclkenin \u015fartlar\u0131 y\u00f6netime el koymam\u0131z\u0131 gerektiriyordu&#8221; diye cevaplad\u0131.<\/p>\n<p>Kenan Evren&#8217;e &#8220;cumhurba\u015fkan\u0131m&#8221; diye hitap eden savc\u0131lar, 12 Eyl\u00fcl&#8217;\u00fcn karanl\u0131k y\u00fcz\u00fcn\u00fc olu\u015fturan i\u015fkenceler, idamlar, g\u00f6zalt\u0131nda kay\u0131plar, faili me\u00e7hul cinayetler, bask\u0131 ve yasaklarla ilgili herhangi bir soru y\u00f6neltmedi.<\/p>\n<p>12 Eyl\u00fcl Davas\u0131\u2019na Evren ve \u015eahinkaya gelemedi ama, 105 ya\u015f\u0131ndaki Berfo Ana geldi.<\/p>\n<p><strong>Berfo Ana<\/strong> 12 Eyl\u00fcl&#8217;de g\u00f6zalt\u0131nda i\u015fkenceyle \u00f6ld\u00fcr\u00fclerek bedeni kaybedilen o\u011flunun kemiklerini Kenan Evren\u2019den istemek i\u00e7in ambulansla Kars&#8217;tan Ankara&#8217;ya geldi.<\/p>\n<p>Berfo Ana. &#8220;31 y\u0131ld\u0131r evimin kap\u0131s\u0131n\u0131 kilitlemiyorum. Belki bir g\u00fcn \u00e7\u0131kar gelir, kap\u0131y\u0131 kilitli bulmas\u0131n diye a\u00e7\u0131k tutuyorum. O\u011flumun tek bir kemi\u011fine bile raz\u0131y\u0131m\u201d \u00a0diyordu.<\/p>\n<p>Berfo Ana o\u011flunun kemiklerine bile kavu\u015famadan \u00f6ld\u00fc<\/p>\n<p>Darbeciler su\u00e7u i\u015fledi ama sonras\u0131nda kurulan her iktidar darbeyle hesapla\u015fmad\u0131\u011f\u0131 s\u00fcrece onun miras\u00e7\u0131s\u0131 olmu\u015f say\u0131l\u0131r.<\/p>\n<p>Bug\u00fcn darbeleri yarg\u0131lamaya devam ediyoruz. 12 eyl\u00fcl ve sonras\u0131ndaki faili me\u00e7hul cinayetler ve g\u00f6zalt\u0131ndaki kay\u0131plardan hesap sorulmadan darbeler ile hesapla\u015f\u0131lamaz.<\/p>\n<p>28 \u015fubat darbe giri\u015fimi ile ilgili olarak 103 ki\u015fi yarg\u0131lan\u0131yor. 28 \u015fubat\u0131n madurlar\u0131ndan biri ise faili me\u00e7ullerin en \u00e7ok ya\u015fand\u0131\u011f\u0131 d\u00f6nemin ba\u015fbakan\u0131 Tansu \u00c7iller. Kendisini 1996 da Susurluk kazas\u0131ndan sonra ortaya \u00e7\u0131kan kontrgerilla \u00fc\u00e7genindeki, k\u0131rm\u0131z\u0131 b\u00fcltenle aranan \u00a0katili savunurken hat\u0131rl\u0131yoruz<\/p>\n<p>Devletin sonraki kadrolar\u0131 darbecilerin yapt\u0131\u011f\u0131 pek \u00e7ok \u015feye sahip \u00e7\u0131kt\u0131 ve sahip \u00e7\u0131kmaya da devam ediyor. \u00a0Bug\u00fcn insan haklar\u0131ndan, sendikal haklar\u0131n ayaklar alt\u0131na al\u0131nmas\u0131na, \u00fcniversite \u00f6zerkli\u011finin yok edilmesine, yasaklar ve se\u00e7im kanununa kadar hayat\u0131m\u0131z\u0131 karartan b\u00fct\u00fcn uygulamalar\u0131n k\u00f6keninde 12 Eyl\u00fcl vard\u0131r.<\/p>\n<p>Evren ve \u015eahinkaya, \u00a0yurtd\u0131\u015f\u0131na \u00e7\u0131kma yasa\u011f\u0131n\u0131n kald\u0131r\u0131lmas\u0131 i\u00e7in verdikleri, dilek\u00e7elerinde, karar\u0131n &#8220;sayg\u0131nl\u0131klar\u0131na zarar verdi\u011fini&#8221; savundu. \u0130ki san\u0131k, &#8220;vatana ve millete faydal\u0131 olmu\u015f, se\u00e7kin ki\u015filer&#8221; olduklar\u0131n\u0131 belirterek, akland\u0131klar\u0131n\u0131 g\u00f6rerek \u00f6m\u00fcrlerini tamamlamak istediklerini ifade etti.<\/p>\n<p>\u015eili&#8217;de darbeci diktat\u00f6r Pinochet&#8217;nin cezaland\u0131r\u0131lamadan \u00f6l\u00fcm\u00fc, ya\u015fayan darbeci ve insan haklar\u0131 ihlalcilerinin biran evvel yarg\u0131lanmas\u0131n\u0131n \u00f6nemini tekrar g\u00f6zler \u00f6n\u00fcne seriyor.<\/p>\n<p>\u0130\u015fkence su\u00e7u insanl\u0131\u011fa kar\u015f\u0131 i\u015flenen su\u00e7tur failleri cezaland\u0131r\u0131lmal\u0131d\u0131r.<\/p>\n<p>Kenan Evren\u2019in de Pinochet gibi, ceza almadan \u00f6lmesini istemiyoruz.<\/p>\n<p>\u00a0<\/p>\n<p>Ecz. Nurdan DEM\u0130RKAN<\/p>\n","protected":false},"excerpt":{"rendered":"<p>12 Eyl\u00fcl Yarg\u0131lan\u0131yor mu? 12 eyl\u00fcl 1980 darbesinin \u00fczerinden 33 y\u0131l, darbecileri koruyan anayasa maddesinin referandumla kald\u0131r\u0131lmas\u0131n\u0131n \u00fczerinde ise 3&#46;&#46;&#46;<\/p>\n","protected":false},"author":2,"featured_media":0,"comment_status":"closed","ping_status":"closed","sticky":false,"template":"","format":"standard","meta":{"_jetpack_memberships_contains_paid_content":false,"footnotes":""},"categories":[58],"tags":[],"class_list":["post-3950","post","type-post","status-publish","format-standard","hentry","category-ecz-nurdan-demirkan"],"aioseo_notices":[],"jetpack_featured_media_url":"","jetpack_sharing_enabled":true,"jetpack-related-posts":[],"_links":{"self":[{"href":"http:\/\/www.ced.org.tr\/index.php?rest_route=\/wp\/v2\/posts\/3950","targetHints":{"allow":["GET"]}}],"collection":[{"href":"http:\/\/www.ced.org.tr\/index.php?rest_route=\/wp\/v2\/posts"}],"about":[{"href":"http:\/\/www.ced.org.tr\/index.php?rest_route=\/wp\/v2\/types\/post"}],"author":[{"embeddable":true,"href":"http:\/\/www.ced.org.tr\/index.php?rest_route=\/wp\/v2\/users\/2"}],"replies":[{"embeddable":true,"href":"http:\/\/www.ced.org.tr\/index.php?rest_route=%2Fwp%2Fv2%2Fcomments&post=3950"}],"version-history":[{"count":1,"href":"http:\/\/www.ced.org.tr\/index.php?rest_route=\/wp\/v2\/posts\/3950\/revisions"}],"predecessor-version":[{"id":3955,"href":"http:\/\/www.ced.org.tr\/index.php?rest_route=\/wp\/v2\/posts\/3950\/revisions\/3955"}],"wp:attachment":[{"href":"http:\/\/www.ced.org.tr\/index.php?rest_route=%2Fwp%2Fv2%2Fmedia&parent=3950"}],"wp:term":[{"taxonomy":"category","embeddable":true,"href":"http:\/\/www.ced.org.tr\/index.php?rest_route=%2Fwp%2Fv2%2Fcategories&post=3950"},{"taxonomy":"post_tag","embeddable":true,"href":"http:\/\/www.ced.org.tr\/index.php?rest_route=%2Fwp%2Fv2%2Ftags&post=3950"}],"curies":[{"name":"wp","href":"https:\/\/api.w.org\/{rel}","templated":true}]}}