{"id":4103,"date":"2014-05-14T12:15:49","date_gmt":"2014-05-14T09:15:49","guid":{"rendered":"http:\/\/www.ced.org.tr\/?p=4103"},"modified":"2014-05-18T12:11:52","modified_gmt":"2014-05-18T09:11:52","slug":"kaza-degil-is-cinayeti","status":"publish","type":"post","link":"http:\/\/www.ced.org.tr\/?p=4103","title":{"rendered":"Kaza de\u011fil, i\u015f cinayeti"},"content":{"rendered":"<p><a href=\"http:\/\/www.ced.org.tr\/wp-content\/uploads\/2014\/05\/kaza_degil1.jpg\"><img loading=\"lazy\" decoding=\"async\" class=\"aligncenter size-full wp-image-4113\" src=\"http:\/\/www.ced.org.tr\/wp-content\/uploads\/2014\/05\/kaza_degil1.jpg\" alt=\"kaza_degil\" width=\"482\" height=\"120\" srcset=\"http:\/\/www.ced.org.tr\/wp-content\/uploads\/2014\/05\/kaza_degil1.jpg 482w, http:\/\/www.ced.org.tr\/wp-content\/uploads\/2014\/05\/kaza_degil1-300x74.jpg 300w\" sizes=\"auto, (max-width: 482px) 100vw, 482px\" \/><\/a><\/p>\n<p><span style=\"color: #222222;\">Soma`da meydana gelen ve y\u00fczlerce i\u015f\u00e7inin ya\u015fam\u0131n\u0131 yitirdi\u011fi i\u015f cinayeti ile ilgili olarak TMMOB Makina M\u00fchendisleri Y\u00f6netim Kurulu &#8220;KAZA DE\u011e\u0130L \u0130\u015e C\u0130NAYET\u0130 \u00c7al\u0131\u015fma ve Sosyal G\u00fcvenlik Bakan\u0131 ile Enerji ve Tabii Kaynaklar Bakan\u0131 Derhal \u0130stifa Etmelidir&#8221; ba\u015fl\u0131kl\u0131 bir a\u00e7\u0131klama yay\u0131nlad\u0131.<\/span><!--more--><\/p>\n<p style=\"color: #222222;\" align=\"center\"><strong>KAZA DE\u011e\u0130L \u0130\u015e C\u0130NAYET\u0130<\/strong><\/p>\n<p style=\"color: #222222;\" align=\"center\"><strong>\u00c7al\u0131\u015fma ve Sosyal G\u00fcvenlik Bakan\u0131 ile Enerji ve Tabii Kaynaklar Bakan\u0131 Derhal \u0130stifa Etmelidir<\/strong><\/p>\n<p style=\"color: #222222;\" align=\"justify\">Manisa\u2018n\u0131n Soma il\u00e7esindeki bir k\u00f6m\u00fcr madeninde meydana gelen patlama sonucu en az 300 i\u015f\u00e7i ya\u015fam\u0131n\u0131 kaybetmi\u015ftir. TMMOB Makina M\u00fchendisleri Odas\u0131 olarak ya\u015fam\u0131n\u0131 kaybeden ve yaralanan emek\u00e7i karde\u015flerimizin yak\u0131nlar\u0131n\u0131n ve halk\u0131m\u0131z\u0131n ac\u0131s\u0131n\u0131 payla\u015f\u0131yoruz.<\/p>\n<p style=\"color: #222222;\" align=\"justify\">T\u00fcrkiye \u00f6l\u00fcml\u00fc i\u015f kazalar\u0131nda Avrupa\u2018da birinci s\u0131rada yer almaktad\u0131r. \u0130\u015f kazalar\u0131ndan dolay\u0131 \u00e7al\u0131\u015fan her 100 bin i\u015f\u00e7iden \u0130ngiltere\u2018de 0,6\u2018s\u0131, Norve\u00e7, \u0130sve\u00e7, Finlandiya ve \u0130svi\u00e7re\u2018de 1,5\u2018i, Fransa ve Almanya\u2018da 2\u2018si, Bel\u00e7ika\u2018da 2,5\u2018i, Avusturya ve Yunanistan\u2018da 4\u2018\u00fc, Bulgaristan ve G\u00fcney K\u0131br\u0131s\u2018ta 5\u2018i, T\u00fcrkiye\u2018de ise 17\u2018si i\u015f kazalar\u0131nda ya\u015fam\u0131n\u0131 kaybetmektedir.<\/p>\n<p style=\"color: #222222;\" align=\"justify\">\u00c7al\u0131\u015fma ve Sosyal G\u00fcvenlik Bakanl\u0131\u011f\u0131, Soma\u2018daki ac\u0131 olaydan sonra yapt\u0131\u011f\u0131 a\u00e7\u0131klamada, i\u015f kazas\u0131n\u0131n meydana geldi\u011fi i\u015fyerinin &#8220;s\u00fcrekli denetlenen bir i\u015fyeri&#8221; oldu\u011funu, son denetimlerde de i\u015f\u00e7i sa\u011fl\u0131\u011f\u0131 ve g\u00fcvenli\u011fi y\u00f6n\u00fcnden hi\u00e7bir eksikli\u011fin bulunmad\u0131\u011f\u0131n\u0131 belirtti. Ama hazin ki &#8220;hi\u00e7bir eksi\u011fin bulunmad\u0131\u011f\u0131&#8221; belirtilen i\u015fyerinde en az 300 ki\u015fi ya\u015fam\u0131n\u0131 kaybetmi\u015ftir.\u00a0<strong>BU AN, S\u00d6Z\u00dcN B\u0130TT\u0130\u011e\u0130 B\u0130R AN\u2018DIR.<\/strong><\/p>\n<p style=\"color: #222222;\" align=\"justify\">T\u00fcrkiye\u2018nin i\u015f\u00e7i sa\u011fl\u0131\u011f\u0131 ve g\u00fcvenli\u011fi konusunda ne yapt\u0131\u011f\u0131n\u0131 Enerji ve Tabii Kaynaklar Bakan\u0131 da \u00f6zetledi ve sabaha kar\u015f\u0131 04.30 s\u0131ralar\u0131nda verdi\u011fi deme\u00e7te, &#8220;<em>Tabuttan ba\u015flamak \u00fczere bir bo\u015fluk olmamas\u0131 i\u00e7in \u00e7al\u0131\u015f\u0131yoruz<\/em>&#8221; dedi. Ayn\u0131 bakan, 9 ay \u00f6nce s\u00f6z konusu oca\u011f\u0131 ziyaret etmi\u015f ve oca\u011f\u0131 \u00f6nlemler konusunda &#8220;<em>\u00f6rnek bir ocak<\/em>&#8221; olarak g\u00f6stermi\u015fti.\u00a0<strong>BU DA, S\u00d6Z\u00dcN B\u0130TT\u0130\u011e\u0130 BENZER B\u0130R AN\u2018DIR.<\/strong><\/p>\n<p style=\"color: #222222;\" align=\"justify\">Her i\u015f kazas\u0131ndan sonra s\u00f6yledi\u011fimiz gibi, her kaza i\u00e7in teknik bir neden s\u00f6yleyebiliriz, bu neden grizu olabilir, patlama olabilir, yang\u0131n olabilir, elektrik olabilir, y\u00fcksekten d\u00fc\u015fme, karbon monoksit zehirlenmesi, anti-grizu tesisat kullan\u0131lmamas\u0131 olabilir. Ancak\u00a0<strong>i\u015f kazalar\u0131n\u0131n\/cinayetlerinin ortak nedeni, sermaye ve devletin i\u015f\u00e7ilerin can\u0131n\u0131 \u00f6nemsememesidir.<\/strong><\/p>\n<p style=\"color: #222222;\" align=\"justify\">\u0130\u015f\u00e7i sa\u011fl\u0131\u011f\u0131 ve g\u00fcvenli\u011fi ile biraz ilgisi olan herkes bilir ki b\u00fct\u00fcn kazalar \u00f6ng\u00f6r\u00fclebilir. Her kaza, y\u00f6netim sistemi kurulmas\u0131, m\u00fchendislik ve idari \u00f6nlemlerin al\u0131nmas\u0131 ile \u00f6nlenebilir. Kaza meydana gelmesi olas\u0131l\u0131\u011f\u0131 da g\u00f6z \u00f6n\u00fcnde bulundurularak zarar azalt\u0131c\u0131 \u00f6nlemler al\u0131n\u0131r. Olumsuz durumlara y\u00f6nelik acil durum planlamas\u0131 kriz y\u00f6netimi sistemi kurulur. Kriz y\u00f6netimi halkla ili\u015fkileri de i\u00e7eren bir y\u00f6netim fonksiyonu olarak tasarlan\u0131r. Ancak sormak isteriz: En az 300 i\u015f\u00e7inin hayat\u0131n\u0131 kaybetti\u011fi bu olayda, yukar\u0131da s\u00f6ylenenlerden hangisi uygulanm\u0131\u015ft\u0131r?<\/p>\n<p style=\"color: #222222;\" align=\"justify\">\u0130\u015fveren \u00f6nlem almaz, \u00c7al\u0131\u015fma ve Sosyal G\u00fcvenlik Bakanl\u0131\u011f\u0131 yasak savar, mevzuat\u0131 yazboz tahtas\u0131na \u00e7evirir, d\u00fcn yapt\u0131\u011f\u0131 yasal d\u00fczenlemeyi bug\u00fcn yeniden de\u011fi\u015ftirir, yeterli denetim yapmaz, se\u00e7im senesi diye cezalar uygulanmazsa mevcut tablo kar\u015f\u0131m\u0131za \u00e7\u0131kar.<\/p>\n<p style=\"color: #222222;\" align=\"justify\">Enerji ve Tabii Kaynaklar Bakanl\u0131\u011f\u0131, \u00f6zelle\u015ftirme, ta\u015feronla\u015fma, rod\u00f6vans (kiralama) gibi yanl\u0131\u015f uygulamalarla kamu madencili\u011fini k\u00fc\u00e7\u00fclt\u00fcp, kamu kurum ve kurulu\u015flar\u0131nda uzun y\u0131llar sonucu elde edilmi\u015f olan madencilik bilgi ve deneyim birikimini da\u011f\u0131t\u0131r; yo\u011fun birikim ve deneyime sahip olan kurum ve kurulu\u015flar yerine \u00fcretimin, teknik ve altyap\u0131 olarak yetersiz, deneyim ve uzmanla\u015fman\u0131n olmad\u0131\u011f\u0131 ki\u015fi ve \u015firketlere b\u0131rak\u0131l\u0131rsa, elbette durumda kazalar da yo\u011funla\u015f\u0131r.<\/p>\n<p style=\"color: #222222;\" align=\"justify\">Enerji ve Tabii Kaynaklar Bakan\u0131 a\u00e7\u0131klad\u0131; &#8220;<em>ihmal varsa sesiz kalmay\u0131z<\/em>&#8221; dedi.<\/p>\n<p style=\"color: #222222;\" align=\"justify\">Evet, ihmal var, ihmalin ad\u0131 \u00c7al\u0131\u015fma ve Sosyal G\u00fcvenlik Bakanl\u0131\u011f\u0131\u2018d\u0131r. Bu bakanl\u0131k, i\u015f\u00e7ilerin sa\u011fl\u0131\u011f\u0131n\u0131n korunmas\u0131, g\u00fcvenli\u011finin sa\u011flanmas\u0131 konusunda g\u00f6z boyamaya y\u00f6nelik davranm\u0131\u015f, \u00f6l\u00fcmleri seyretmi\u015ftir. Zira son 10 y\u0131lda en az 12 bin i\u015f\u00e7i i\u015f kazalar\u0131 sonucu ya\u015fam\u0131n\u0131 kaybetmi\u015ftir. En \u00e7ok \u00f6l\u00fcmle sonu\u00e7lanan, en az 300 i\u015f\u00e7inin ya\u015fam\u0131n\u0131 kaybetti\u011fi i\u015f kazas\u0131n\u0131n meydana geldi\u011fi \u00fclkenin \u00c7al\u0131\u015fma ve Sosyal G\u00fcvenlik Bakan\u0131 h\u00e2l\u00e2 koltu\u011funda oturabiliyorsa; \u00fclkemizdeki i\u015f\u00e7i sa\u011fl\u0131\u011f\u0131 ve i\u015f g\u00fcvenli\u011fine ili\u015fkin t\u00fcm kararlar\u0131n al\u0131nmas\u0131nda karar al\u0131c\u0131 unsur olan \u0130\u015f Sa\u011fl\u0131\u011f\u0131 G\u00fcvenli\u011fi Genel M\u00fcd\u00fcr\u00fc g\u00f6revinin ba\u015f\u0131nda ise pes do\u011frusu!<\/p>\n<p style=\"color: #222222;\" align=\"justify\">\u0130hmalin ad\u0131 Enerji ve Tabii Kaynaklar Bakanl\u0131\u011f\u0131\u2018d\u0131r; \u00f6zelle\u015ftirme, ta\u015feronla\u015fma, rod\u00f6vans (kiralama) gibi yanl\u0131\u015f uygulamalar\u0131 ortaya koyarak kazalar\u0131n artmas\u0131na neden olan Enerji ve Tabii Kaynaklar bakan\u0131 koltu\u011funda oturuyorsa pes do\u011frusu!<\/p>\n<p style=\"color: #222222;\" align=\"justify\">\u0130hmalin ad\u0131 AKP iktidar\u0131\u2018d\u0131r. Somada i\u015f kazalar\u0131 geliyorum derken, bu konuda ara\u015ft\u0131rma yap\u0131lmas\u0131, \u00e7\u00f6z\u00fcm yollar\u0131n\u0131n ara\u015ft\u0131r\u0131lmas\u0131 i\u00e7in verilen ara\u015ft\u0131rma \u00f6nergelerini bile reddeden AKP iktidar\u0131, i\u015f kazalar\u0131n\u0131n, \u00f6l\u00fcmlerin, cinayetlerin sorumlusudur.<\/p>\n<p style=\"color: #222222;\" align=\"justify\">Evet, ihmal var ve biz sesiz kalmayaca\u011f\u0131z, AKP iktidar\u0131ndan, AKP\u2018nin \u00c7al\u0131\u015fma ve Sosyal G\u00fcvenlik Bakan\u0131ndan, Enerji ve Tabii Kaynaklar Bakan\u0131ndan hesap soraca\u011f\u0131z. Bu kaza de\u011fil cinayettir, cinayetin hesab\u0131n\u0131 soraca\u011f\u0131z. AKP iktidar\u0131, her konuda oldu\u011fu gibi, i\u015f\u00e7i sa\u011fl\u0131\u011f\u0131 g\u00fcvenli\u011fi konusunda da &#8220;<em>ben bilirim, ben ne dersem o olur, benden iyisini bilemezsiniz, beni ele\u015ftiremezsiniz<\/em>&#8221; demekte, TMMOB gibi bilgi ve deneyim birikimi sahibi bir \u00f6rg\u00fct\u00fc, her t\u00fcrl\u00fc karar mekanizmas\u0131ndan d\u0131\u015flamaktad\u0131r.<\/p>\n<p style=\"color: #222222;\" align=\"justify\">Bu noktada \u00f6nemle belirtmek isteriz:<\/p>\n<ul style=\"color: #222222;\">\n<li>\n<p align=\"justify\">Kazan\u0131n meydana gelmesinde, i\u015fyerinin\/i\u015fverenin sorumlu oldu\u011fu mutlak bir ger\u00e7ekliktir. \u00d6nlem almayan, ton ba\u015f\u0131na \u00fcretim maliyetini azaltmakla \u00f6v\u00fcnen i\u015fveren bu kaza\/cinayetlerin sorumlusudur. Bunun yan\u0131nda kazan\u0131n meydana gelmesinde \u00c7al\u0131\u015fma ve Sosyal G\u00fcvenlik Bakanl\u0131\u011f\u0131, Enerji ve Tabii Kaynaklar Bakanl\u0131\u011f\u0131 yani iktidar, uygulad\u0131\u011f\u0131 politikalar ile kazaya\/cinayetlere ortakt\u0131r.<\/p>\n<\/li>\n<li>\n<p align=\"justify\">\u00c7al\u0131\u015fma ve Sosyal G\u00fcvenlik Bakan\u0131, Enerji ve Tabii Kaynaklar Bakan\u0131 derhal istifa etmelidir.<\/p>\n<\/li>\n<li>\n<p align=\"justify\">\u00c7al\u0131\u015fma ve Sosyal G\u00fcvenlik Bakanl\u0131\u011f\u0131, bilmelidir ki; TMMOB ve ba\u011fl\u0131 odalar y\u00fczbinlerce \u00fcyesi ile i\u015f\u00e7i sa\u011fl\u0131\u011f\u0131 ve g\u00fcvenli\u011fi konusundaki bilgi birikimini payla\u015fmaya, politikalar\u0131n belirlenmesine katk\u0131 sunmaya ve e\u011fitim verme konusundaki \u0131srar\u0131ndan vaz ge\u00e7meyecektir. Bakanl\u0131k inad\u0131 b\u0131rakmal\u0131, TMMOB\u2018yi s\u00fcrece katmal\u0131d\u0131r.<\/p>\n<\/li>\n<li>\n<p align=\"justify\">Ulusal \u0130\u015f Sa\u011fl\u0131\u011f\u0131 G\u00fcvenli\u011fi Konseyindeki temsiliyet, kamu a\u011f\u0131rl\u0131kl\u0131 olmaktan \u00e7\u0131kart\u0131lmal\u0131, sendika, demokratik kitle \u00f6rg\u00fct\u00fc, meslek \u00f6rg\u00fct\u00fc a\u011f\u0131rl\u0131kl\u0131 hale getirilmeli, Konseyin ald\u0131\u011f\u0131 kararlar\u0131n uygulanmas\u0131 zorunlu hale getirilmelidir.<\/p>\n<\/li>\n<li>\n<p align=\"justify\">\u0130\u015f sa\u011fl\u0131\u011f\u0131 G\u00fcvenli\u011fi Kurulunda temsiliyet i\u015f\u00e7i a\u011f\u0131rl\u0131kl\u0131 hale getirilmelidir.<\/p>\n<\/li>\n<li>\n<p align=\"justify\">\u0130\u015fyeri denetimleri daha s\u0131k yap\u0131lmal\u0131, denetimlerde, maden, in\u015faat, metal sekt\u00f6rlerine a\u011f\u0131rl\u0131k verilmelidir.<\/p>\n<\/li>\n<li>\n<p align=\"justify\">Eksik bulunan i\u015fyerlerine verilmesi gereken cezalar kesinlikle \u00f6telenmemeli, derhal uygulanmal\u0131d\u0131r.<\/p>\n<\/li>\n<\/ul>\n<p style=\"color: #222222;\" align=\"justify\">Bizler bu alandaki bilimsel-teknik m\u00fccadelemizi s\u00fcrd\u00fcrecek ve Ethem Sar\u0131s\u00fcl\u00fck cinayetine, Ali \u0130smail Korkmaz cinayetine, Mehmet Ayval\u0131ta\u015f cinayetine, Abdullah C\u00f6mert cinayetine, Berkin Elvan cinayetine, Mehmet \u0130stif cinayetine; Soma\u2018da ya\u015fanan i\u015f cinayetine, son y\u0131llarda artan toplu i\u015f cinayetlerine eklenen bu cinayetleri unutmayacak, sessiz kalmayacak ve bug\u00fcn b\u00fct\u00fcn T\u00fcrkiye\u2018de alanlara \u00e7\u0131kaca\u011f\u0131z.<\/p>\n<p style=\"color: #222222;\" align=\"right\"><strong>TMMOB Makina M\u00fchendisleri Odas\u0131<\/strong><\/p>\n<p style=\"color: #222222;\" align=\"right\"><strong>Y\u00f6netim Kurulu<\/strong><\/p>\n","protected":false},"excerpt":{"rendered":"<p>Soma`da meydana gelen ve y\u00fczlerce i\u015f\u00e7inin ya\u015fam\u0131n\u0131 yitirdi\u011fi i\u015f cinayeti ile ilgili olarak TMMOB Makina M\u00fchendisleri Y\u00f6netim Kurulu &#8220;KAZA DE\u011e\u0130L&#46;&#46;&#46;<\/p>\n","protected":false},"author":1,"featured_media":4127,"comment_status":"closed","ping_status":"closed","sticky":false,"template":"","format":"standard","meta":{"_jetpack_memberships_contains_paid_content":false,"footnotes":""},"categories":[1],"tags":[],"class_list":["post-4103","post","type-post","status-publish","format-standard","has-post-thumbnail","hentry","category-ced"],"aioseo_notices":[],"jetpack_featured_media_url":"http:\/\/www.ced.org.tr\/wp-content\/uploads\/2014\/05\/kaza_degil2.jpg","jetpack_sharing_enabled":true,"jetpack-related-posts":[],"_links":{"self":[{"href":"http:\/\/www.ced.org.tr\/index.php?rest_route=\/wp\/v2\/posts\/4103","targetHints":{"allow":["GET"]}}],"collection":[{"href":"http:\/\/www.ced.org.tr\/index.php?rest_route=\/wp\/v2\/posts"}],"about":[{"href":"http:\/\/www.ced.org.tr\/index.php?rest_route=\/wp\/v2\/types\/post"}],"author":[{"embeddable":true,"href":"http:\/\/www.ced.org.tr\/index.php?rest_route=\/wp\/v2\/users\/1"}],"replies":[{"embeddable":true,"href":"http:\/\/www.ced.org.tr\/index.php?rest_route=%2Fwp%2Fv2%2Fcomments&post=4103"}],"version-history":[{"count":4,"href":"http:\/\/www.ced.org.tr\/index.php?rest_route=\/wp\/v2\/posts\/4103\/revisions"}],"predecessor-version":[{"id":4114,"href":"http:\/\/www.ced.org.tr\/index.php?rest_route=\/wp\/v2\/posts\/4103\/revisions\/4114"}],"wp:featuredmedia":[{"embeddable":true,"href":"http:\/\/www.ced.org.tr\/index.php?rest_route=\/wp\/v2\/media\/4127"}],"wp:attachment":[{"href":"http:\/\/www.ced.org.tr\/index.php?rest_route=%2Fwp%2Fv2%2Fmedia&parent=4103"}],"wp:term":[{"taxonomy":"category","embeddable":true,"href":"http:\/\/www.ced.org.tr\/index.php?rest_route=%2Fwp%2Fv2%2Fcategories&post=4103"},{"taxonomy":"post_tag","embeddable":true,"href":"http:\/\/www.ced.org.tr\/index.php?rest_route=%2Fwp%2Fv2%2Ftags&post=4103"}],"curies":[{"name":"wp","href":"https:\/\/api.w.org\/{rel}","templated":true}]}}