{"id":4115,"date":"2014-05-16T01:24:15","date_gmt":"2014-05-15T22:24:15","guid":{"rendered":"http:\/\/www.ced.org.tr\/?p=4115"},"modified":"2014-05-18T12:20:58","modified_gmt":"2014-05-18T09:20:58","slug":"soma-icin-siyah-giy","status":"publish","type":"post","link":"http:\/\/www.ced.org.tr\/?p=4115","title":{"rendered":"Soma i\u00e7in siyah giy!"},"content":{"rendered":"<p><a href=\"http:\/\/www.ced.org.tr\/wp-content\/uploads\/2014\/05\/siyah-kurdela.jpg\"><img loading=\"lazy\" decoding=\"async\" class=\"aligncenter  wp-image-4116\" src=\"http:\/\/www.ced.org.tr\/wp-content\/uploads\/2014\/05\/siyah-kurdela-273x300.jpg\" alt=\"siyah-kurdela\" width=\"152\" height=\"167\" \/><\/a><\/p>\n<p>15 May\u0131s 2014 Per\u015fembe g\u00fcn\u00fc t\u00fcm halk\u0131m\u0131z\u0131 siyah giyinmeye, siyah kurdeleler takmaya, evinin, i\u015fyerinin balkonuna, arac\u0131na siyah bezler asmaya \u00e7a\u011f\u0131r\u0131yoruz.<\/p>\n","protected":false},"excerpt":{"rendered":"<p>15 May\u0131s 2014 Per\u015fembe g\u00fcn\u00fc t\u00fcm halk\u0131m\u0131z\u0131 siyah giyinmeye, siyah kurdeleler takmaya, evinin, i\u015fyerinin balkonuna, arac\u0131na siyah bezler asmaya \u00e7a\u011f\u0131r\u0131yoruz.<\/p>\n","protected":false},"author":1,"featured_media":4126,"comment_status":"closed","ping_status":"closed","sticky":false,"template":"","format":"standard","meta":{"_jetpack_memberships_contains_paid_content":false,"footnotes":""},"categories":[1],"tags":[],"class_list":["post-4115","post","type-post","status-publish","format-standard","has-post-thumbnail","hentry","category-ced"],"aioseo_notices":[],"jetpack_featured_media_url":"http:\/\/www.ced.org.tr\/wp-content\/uploads\/2014\/05\/siyahkurdela.jpg","jetpack_sharing_enabled":true,"jetpack-related-posts":[],"_links":{"self":[{"href":"http:\/\/www.ced.org.tr\/index.php?rest_route=\/wp\/v2\/posts\/4115","targetHints":{"allow":["GET"]}}],"collection":[{"href":"http:\/\/www.ced.org.tr\/index.php?rest_route=\/wp\/v2\/posts"}],"about":[{"href":"http:\/\/www.ced.org.tr\/index.php?rest_route=\/wp\/v2\/types\/post"}],"author":[{"embeddable":true,"href":"http:\/\/www.ced.org.tr\/index.php?rest_route=\/wp\/v2\/users\/1"}],"replies":[{"embeddable":true,"href":"http:\/\/www.ced.org.tr\/index.php?rest_route=%2Fwp%2Fv2%2Fcomments&post=4115"}],"version-history":[{"count":1,"href":"http:\/\/www.ced.org.tr\/index.php?rest_route=\/wp\/v2\/posts\/4115\/revisions"}],"predecessor-version":[{"id":4117,"href":"http:\/\/www.ced.org.tr\/index.php?rest_route=\/wp\/v2\/posts\/4115\/revisions\/4117"}],"wp:featuredmedia":[{"embeddable":true,"href":"http:\/\/www.ced.org.tr\/index.php?rest_route=\/wp\/v2\/media\/4126"}],"wp:attachment":[{"href":"http:\/\/www.ced.org.tr\/index.php?rest_route=%2Fwp%2Fv2%2Fmedia&parent=4115"}],"wp:term":[{"taxonomy":"category","embeddable":true,"href":"http:\/\/www.ced.org.tr\/index.php?rest_route=%2Fwp%2Fv2%2Fcategories&post=4115"},{"taxonomy":"post_tag","embeddable":true,"href":"http:\/\/www.ced.org.tr\/index.php?rest_route=%2Fwp%2Fv2%2Ftags&post=4115"}],"curies":[{"name":"wp","href":"https:\/\/api.w.org\/{rel}","templated":true}]}}