{"id":4119,"date":"2014-05-16T15:59:56","date_gmt":"2014-05-16T12:59:56","guid":{"rendered":"http:\/\/www.ced.org.tr\/?p=4119"},"modified":"2014-05-20T12:08:44","modified_gmt":"2014-05-20T09:08:44","slug":"madende-300-olu","status":"publish","type":"post","link":"http:\/\/www.ced.org.tr\/?p=4119","title":{"rendered":"Madende 300 \u00d6l\u00fc!"},"content":{"rendered":"<p><strong>Heeeey \u00c7a\u011fda\u015f Eczac\u0131lar&#8230;<\/strong><\/p>\n<p><strong>Sol Nerede ?<\/strong><\/p>\n<p style=\"text-align: right;\"><strong>Ecz. \u0130. Nabi Altunay<\/strong><\/p>\n<p>A\u011fl\u0131yor adam televizyonda: \u201cEvlad\u0131m&#8230;., o\u011flum \u00f6ld\u00fc benim, hayat\u0131m bitti!\u201d<\/p>\n<p>Spiker \u015fa\u015fk\u0131n, ne yapaca\u011f\u0131n\u0131 bilemiyor. Mikrofonu ba\u015fkas\u0131na verecekken, adam son bir gayret k\u0131s\u0131k sesle hayk\u0131r\u0131yor:<\/p>\n<p>\u201d\u015eeker hastas\u0131y\u0131m, bir baca\u011f\u0131m yok ama \u00f6lene kadar bu i\u015fi takip edece\u011fim. Ben eski bir madenciyim. Eskiden ustaba\u015f\u0131m \u201cS\u0131n\u0131f bilinci olmayan, s\u0131n\u0131f m\u00fccadelesi nedir bilmeyen, ba\u015f\u0131na gelen her \u015feyi hak eder.\u201d derdi. Onlar, bizi sol-devrimci d\u00fc\u015f\u00fcnceyle tan\u0131\u015ft\u0131rd\u0131, ama bizimkiler \u015fimdi nerede?\u201d<\/p>\n<p>&nbsp;<\/p>\n<p><strong><em>Bizimkiler \u015fimdi nerede?<\/em><\/strong><\/p>\n<p>Program\u0131 \u00f6ylesine izlerken, birden ate\u015f bat\u0131 y\u00fcz\u00fcme. Bir \u015famar gibi indi bu s\u00f6zler surat\u0131ma.<\/p>\n<p><strong>\u201cSol\u201d\u00a0<\/strong>nerede?\u00a0<strong>Devrimciler<\/strong>,\u00a0<strong>solcular<\/strong>\u00a0nerede?<\/p>\n<p>U\u011fruna nice ac\u0131lara katland\u0131\u011f\u0131m\u0131z, as\u0131ld\u0131\u011f\u0131m\u0131z, i\u015fkencelerde yok edildi\u011fimiz o d\u00fc\u015f\u00fcnceyi, \u201cs\u00f6m\u00fcr\u00fcs\u00fcz, s\u0131n\u0131fs\u0131z, \u00f6zg\u00fcr, e\u015fit, karde\u015f\u00e7e bir ya\u015fam\u201d\u0131 bundan daha hakl\u0131, daha y\u00fcksek sesle hayk\u0131raca\u011f\u0131m\u0131z bir g\u00fcn olabilir mi?<\/p>\n<p>Ta\u015feronluktan beter,\u00a0<em>r\u00f6dovans<\/em>\u00a0denilen a\u015fa\u011f\u0131l\u0131k bir s\u00f6m\u00fcr\u00fc d\u00fczeni&#8230;<\/p>\n<p>Hi\u00e7bir yasaya ba\u011fl\u0131 de\u011filsin. Hi\u00e7bir kanuni m\u00fceyyide, sorumluluk yok. Denetim, suret-i\u00a0haktan..<\/p>\n<p>Devlet diyor ki, m\u00fclkiyetindeki kamu i\u015fletmesini pe\u015fke\u015f \u00e7ekti\u011fi\u00a0ticari \u015firkete:<\/p>\n<p>\u201cYeter ki bana en ucuz k\u00f6m\u00fcr\u00fc \u00e7\u0131kar. Merak etme, hepsini ben alaca\u011f\u0131m. Se\u00e7im zaman\u0131 oylar\u0131n\u0131 sat\u0131n alaca\u011f\u0131m yoksullara da\u011f\u0131tt\u0131\u011f\u0131mda, bir o kadar da benim yanda\u015flar\u0131m nemalanacak.\u201d<\/p>\n<p>Hani \u00f6v\u00fcn\u00fcyor ya yanda\u015f holding yetkilisi : \u201cTon ba\u015f\u0131na 140 dolar maliyeti nas\u0131l da 1\/5\u2019ine (28 dolar) indirdim?\u201d diye.<\/p>\n<p>Neyin pahas\u0131na dersiniz dostlar?<\/p>\n<p>\u015euan i\u00e7in 284 \u00f6l\u00fcn\u00fcn, belki de g\u00fcnlerdir s\u00f6ylemeye \u00e7ekindikleri 400-500 madencinin can\u0131 pahas\u0131na olmas\u0131n? Hepsi de bir ana-baba evlad\u0131, bir e\u015f, bir baba olan onca emek\u00e7inin hayat\u0131 pahas\u0131na?<\/p>\n<p>Art\u0131k unuttuk belki dostlar ama bilirsiniz, kapitalizmin; sermayeyi yeniden \u00fcretmek i\u00e7in tek d\u00fcsturu vard\u0131r:<strong>\u201cMaksimum kar\u201d ..<\/strong><\/p>\n<p>Onun i\u00e7indir i\u015fte, i\u015f\u00e7ilere nefes bile ald\u0131rmayan yani de\u011fi\u015fimin d\u0131\u015far\u0131da de\u011fil ocak i\u00e7inde oldu\u011fu 3&#8217;l\u00fc vardiya sistemi, bi\u00e7ilen i\u015f\u00e7i \u00fccretleri ve s\u0131f\u0131rlanan g\u00fcvenlik tedbirleri&#8230;<\/p>\n<p>G\u00f6r\u00fcn\u00fcrdeki tetik\u00e7ilerin \u00f6tesinde bilinmelidir ki, onca can\u0131m\u0131z sermayenin i\u015fte bu doymak bilmez kar h\u0131rs\u0131 nedeniyle topra\u011fa g\u00f6m\u00fcld\u00fc.<\/p>\n<p>\u0130nanmayacaks\u0131n\u0131z belki ama, \u0130LO\u2019nun (Uluslararas\u0131 \u00c7al\u0131\u015fma \u00d6rg\u00fct\u00fc) standartlar\u0131na bile uymayan, al\u00e7ak\u00e7a bir s\u00f6m\u00fcr\u00fc d\u00fczeni var bu \u00fclkede. Pakistan ve Afganistan d\u0131\u015f\u0131nda bu s\u00f6zle\u015fmeyi hen\u00fcz imzalamayan 3. \u00fclkeyiz.<\/p>\n<p>Ne mi olurdu peki imzalasayd\u0131k?<\/p>\n<ul>\n<li>G\u00fcnlerce yetecek su ve g\u0131dayla dolu\u00a0<strong>\u201cKa\u00e7\u0131\u015f Odalar\u0131\u201d<\/strong>\u00a0olacak,<\/li>\n<li>Patlad\u0131\u011f\u0131 iddia edilen trafolar maden i\u00e7inde de\u011fil d\u0131\u015far\u0131da olacak,<\/li>\n<li>Trafolar ya\u011fl\u0131 de\u011fil, g\u00fcvenlikli kuru trafo olacak,<\/li>\n<\/ul>\n<p>yani belki de y\u00fczlerce can\u0131m\u0131z ya\u015f\u0131yor olacakt\u0131&#8230;<\/p>\n<p>Ho\u015f, \u201ctrafo patlad\u0131\u201d laf\u0131na da pek inanan yok. Muhtemelen, uzmanlar\u0131n s\u00f6yledi\u011fi gibi, asl\u0131nda \u00e7al\u0131\u015f\u0131lmamas\u0131 gereken bir alanda i\u00e7in i\u00e7in yanan bir k\u00f6m\u00fcr damar\u0131, \u201cdaha \u00e7ok k\u00f6m\u00fcr &#8211; daha \u00e7ok para\u201d u\u011fruna alev ald\u0131 ve y\u00fczlerce evin oca\u011f\u0131n\u0131 s\u00f6nd\u00fcrd\u00fc..<\/p>\n<p>Heeeey \u00c7a\u011fda\u015f Eczac\u0131lar..<\/p>\n<p>Yok!.. Yaln\u0131zca se\u00e7imlere bu listeyle girenlere de\u011fil, bug\u00fcn kendilerine farkl\u0131 isimler verseler de bu gelenekten gelen t\u00fcm arkada\u015flara, y\u00fcre\u011fi hala soldan yana \u00e7arpanlara sesleniyorum..<\/p>\n<p>Siz, ton ba\u015f\u0131na 8 \u00f6l\u00fc ile d\u00fcnyan\u0131n uzak ara en ac\u0131mas\u0131z, en vah\u015fi k\u00f6m\u00fcr \u00fcretiminin yap\u0131ld\u0131\u011f\u0131 \u00fclkenin insanlar\u0131s\u0131n\u0131z&#8230;<\/p>\n<p>K\u00fcresel sermayenin neoliberal politikalar\u0131na boyun e\u011fmi\u015f, ulusal kaderini, gelece\u011fini, emperyalizmin b\u00f6lgesel politikalar\u0131na ba\u011flam\u0131\u015f, fa\u015fizmin giderek azg\u0131nla\u015fan bir sald\u0131rganl\u0131kla emek\u00e7i halklar\u0131 ezdi\u011fi bir \u00fclkenin eczac\u0131lar\u0131s\u0131n\u0131z&#8230;.<\/p>\n<p>\u00dcstelik giderek yoksulla\u015fan eczac\u0131lar..<\/p>\n<p>De\u011fil mi ya?<\/p>\n<p>Emek-sermaye \u00e7eli\u015fkisi, bitmek \u015f\u00f6yle dursun daha da derinle\u015fmedi mi? Bizi de almad\u0131 m\u0131 sarmal\u0131na yava\u015f yava\u015f?<\/p>\n<p>Heeey bizimkiler&#8230;<\/p>\n<p>D\u00fczenin katletti\u011fi onca emek\u00e7i topra\u011fa verilirken, size an\u0131msatmak isterim:<\/p>\n<p>\u201c\u00c7a\u011fda\u015f Eczac\u0131lar\u201d ad\u0131 g\u00f6kten zembille inmedi. 1970&#8217;lerin emperyalizme ve fa\u015fizme kar\u015f\u0131 m\u00fccadele gelene\u011finin bir ifadesidir bu tan\u0131mlama.<\/p>\n<p>Bir demokrat duru\u015f, bir devrimci k\u00fclt\u00fcrd\u00fcr..<\/p>\n<p>\u00d6zg\u00fcr-Ba\u011f\u0131ms\u0131z-Demokratik T\u00fcrkiye idealinin ta kendisidir.<\/p>\n<p>Laf\u0131 uzatmaya gerek yok..<\/p>\n<p>O\u011flunu k\u00f6m\u00fcre \u015fehit veren o tek bacakl\u0131 eski madenci, ac\u0131s\u0131n\u0131 bal eylemi\u015f soruyor:<\/p>\n<p>\u201cNerede sol? Nerede bizimkiler?\u201d<\/p>\n<p>Ben de soruyorum:\u00a0Neredeyiz arkada\u015flar? Nerelere savrulduk?<\/p>\n<p><strong>\u201cKa\u00e7\u0131\u015f odalar\u0131\u201d\u00a0<\/strong>madencileri kurtar\u0131r da, s\u0131\u011f\u0131nd\u0131\u011f\u0131n\u0131z limanlar, k\u00fc\u00e7\u00fck evleriniz sizleri kurtaramaz..<\/p>\n<p>Karde\u015f\u00e7e ya\u015fayaca\u011f\u0131m\u0131z, \u00f6zg\u00fcrl\u00fck\u00e7\u00fc-e\u015fitlik\u00e7i-demokratik bir T\u00fcrkiye&#8217;yi hep birlikte in\u015fa etmek&#8230;<\/p>\n<p>Bu sorumluluktan ka\u00e7\u0131labilir mi?<\/p>\n<p>Bulundu\u011fumuz her alanda bu kollektif bilinci ye\u015fertip, o birlikteli\u011fi sa\u011flamak&#8230;<\/p>\n<p>Has\u0131l\u0131, yeniden\u00a0<em>sol&#8217;\u201d\u00a0<\/em>a sahip \u00e7\u0131kmak..<\/p>\n<p>Bu bizim kaderimizse, s\u00f6yleyin dostlar \u00fclkenin de gelece\u011fi de\u011fil mi?<\/p>\n<p>Not:\u00a0<em>Bir sonraki yaz\u0131mda, bu konuya y\u00f6nelik bir tart\u0131\u015fma platformuna olan ihtiyac\u0131 dile getirece\u011fim.<\/em><\/p>\n<p><em>\u00a0<\/em><\/p>\n","protected":false},"excerpt":{"rendered":"<p>Heeeey \u00c7a\u011fda\u015f Eczac\u0131lar&#8230; Sol Nerede ? Ecz. \u0130. Nabi Altunay A\u011fl\u0131yor adam televizyonda: \u201cEvlad\u0131m&#8230;., o\u011flum \u00f6ld\u00fc benim, hayat\u0131m bitti!\u201d Spiker&#46;&#46;&#46;<\/p>\n","protected":false},"author":15,"featured_media":0,"comment_status":"closed","ping_status":"closed","sticky":false,"template":"","format":"standard","meta":{"_jetpack_memberships_contains_paid_content":false,"footnotes":""},"categories":[55],"tags":[],"class_list":["post-4119","post","type-post","status-publish","format-standard","hentry","category-ecz-nabi-altunay"],"aioseo_notices":[],"jetpack_featured_media_url":"","jetpack_sharing_enabled":true,"jetpack-related-posts":[],"_links":{"self":[{"href":"http:\/\/www.ced.org.tr\/index.php?rest_route=\/wp\/v2\/posts\/4119","targetHints":{"allow":["GET"]}}],"collection":[{"href":"http:\/\/www.ced.org.tr\/index.php?rest_route=\/wp\/v2\/posts"}],"about":[{"href":"http:\/\/www.ced.org.tr\/index.php?rest_route=\/wp\/v2\/types\/post"}],"author":[{"embeddable":true,"href":"http:\/\/www.ced.org.tr\/index.php?rest_route=\/wp\/v2\/users\/15"}],"replies":[{"embeddable":true,"href":"http:\/\/www.ced.org.tr\/index.php?rest_route=%2Fwp%2Fv2%2Fcomments&post=4119"}],"version-history":[{"count":1,"href":"http:\/\/www.ced.org.tr\/index.php?rest_route=\/wp\/v2\/posts\/4119\/revisions"}],"predecessor-version":[{"id":4120,"href":"http:\/\/www.ced.org.tr\/index.php?rest_route=\/wp\/v2\/posts\/4119\/revisions\/4120"}],"wp:attachment":[{"href":"http:\/\/www.ced.org.tr\/index.php?rest_route=%2Fwp%2Fv2%2Fmedia&parent=4119"}],"wp:term":[{"taxonomy":"category","embeddable":true,"href":"http:\/\/www.ced.org.tr\/index.php?rest_route=%2Fwp%2Fv2%2Fcategories&post=4119"},{"taxonomy":"post_tag","embeddable":true,"href":"http:\/\/www.ced.org.tr\/index.php?rest_route=%2Fwp%2Fv2%2Ftags&post=4119"}],"curies":[{"name":"wp","href":"https:\/\/api.w.org\/{rel}","templated":true}]}}