{"id":4176,"date":"2012-05-14T00:35:14","date_gmt":"2012-05-13T21:35:14","guid":{"rendered":"http:\/\/www.ced.org.tr\/?p=4176"},"modified":"2014-06-10T00:12:15","modified_gmt":"2014-06-09T21:12:15","slug":"14-mayis-eczacilik-gunu-mesajimdir","status":"publish","type":"post","link":"http:\/\/www.ced.org.tr\/?p=4176","title":{"rendered":"14 May\u0131s Eczac\u0131l\u0131k G\u00fcn\u00fc Mesaj\u0131md\u0131r"},"content":{"rendered":"<p style=\"color: #000000;\">Bug\u00fcn 14 May\u0131s,<\/p>\n<p>Mekteb-i T\u0131bbiye-i \u015eahane\u2019de eczac\u0131l\u0131k s\u0131n\u0131f\u0131 a\u00e7\u0131lal\u0131 tam 173 y\u0131l oldu.<\/p>\n<p>Ben fak\u00fclteye gireli \u00e7ok olmad\u0131.<\/p>\n<p>O g\u00fcnden bug\u00fcne \u00e7ok fazla \u015fey de\u011fi\u015fti.<\/p>\n<p>\u0130la\u00e7 de\u011fi\u015fti, ispen\u00e7iyari de\u011fi\u015fti, t\u0131bbi m\u00fcstahzarlar de\u011fi\u015fti.<\/p>\n<p style=\"color: #000000;\">Kimisi basamaklar\u0131 \u00fc\u00e7er be\u015fer atlad\u0131,<br \/>\nKimisi \u00e7ok yoruldu, ayn\u0131 basamakta uzun s\u00fcre dinlendi.<\/p>\n<p style=\"color: #000000;\">Kimisi mevzuat\u0131 kendisine g\u00f6re de\u011fi\u015ftirtti,<br \/>\nSonra arkas\u0131ndan \u00e7ok k\u00fcf\u00fcr edildi.<\/p>\n<p>\u015eimdi bir parmak bal i\u00e7in,<br \/>\nHerkes yine arkas\u0131na tak\u0131ld\u0131.<\/p>\n<p>Muvazaayla sava\u015f\u0131ld\u0131,<br \/>\nBazen de sevi\u015fildi.<\/p>\n<p>Eczac\u0131lara puan verildi,<br \/>\nGen\u00e7lere \u201cs\u0131ran\u0131 bekle\u201d denildi.<\/p>\n<p>S\u0131n\u0131rlama getirildi,<br \/>\n\u201cYan\u0131ma eczane a\u00e7ma\u201d denildi.<\/p>\n<p>Eczac\u0131l\u0131k fak\u00fclteleri mitoz b\u00f6l\u00fcnmeyle \u00e7o\u011fald\u0131,<br \/>\nAma istihdam \u00e7o\u011falmad\u0131.<\/p>\n<p>\u201c\u00dclkemiz, eczane say\u0131s\u0131n\u0131n \u00e7ok fazla ancak eczac\u0131 say\u0131s\u0131n\u0131n yetersiz oldu\u011fu \u00fclkelerden bir tanesidir.\u201d<sup>1<\/sup>\u00a0denildi.<br \/>\nAma eczane eczac\u0131l\u0131\u011f\u0131 d\u0131\u015f\u0131nda yapacak pek bir \u015fey yoktu.<\/p>\n<p>T\u00fcrk Eczac\u0131lar\u0131 Birli\u011fi \u201cMevcut Sorunlar \u00c7\u00f6z\u00fclmeden, Yeni Eczac\u0131l\u0131k Fak\u00fcltesi A\u00e7\u0131lmas\u0131n\u201d<sup>2<\/sup>diye bas\u0131n a\u00e7\u0131klamas\u0131 yapt\u0131.<br \/>\nYapmaz olayd\u0131, 10 tane daha eczac\u0131l\u0131k fak\u00fcltesi a\u00e7\u0131ld\u0131.<\/p>\n<p style=\"color: #000000;\">Eczac\u0131l\u0131k e\u011fitimi yerinde sayarken,<br \/>\nLastik gibi 5 y\u0131la uzat\u0131ld\u0131.<\/p>\n<p style=\"color: #000000;\">Mezunlara da 1 y\u0131l zorunlu staj getirildi.<\/p>\n<p>Her \u015feyi hallettik de, sanki tek eksi\u011fimiz buymu\u015f gibi,<br \/>\nBir de \u00fcst\u00fcne s\u0131n\u0131rlama getirildi.<\/p>\n<p>1998 y\u0131l\u0131nda T\u00fcrk Eczac\u0131lar\u0131 Birli\u011fi Yard\u0131mla\u015fma Sand\u0131\u011f\u0131 Y\u00f6netmeli\u011fi\u2019nin 11. maddesine &#8220;TEB eczac\u0131lar\u0131 emekli etsin&#8221; diye (l) bendi eklendi,<br \/>\nEczac\u0131lar eczanelerinde \u00f6lmeye devam etti.<\/p>\n<p>Ama bu kadar \u00fcz\u00fclmeye, endi\u015fe etmeye gerek yok.<br \/>\n\u00c7\u00fcnk\u00fc yeni bir 6197 geliyor!<\/p>\n<p>\u201cYeni mezunlar yan\u0131m\u0131za eczane a\u00e7mas\u0131n, onun yerine yan\u0131m\u0131zda \u00e7al\u0131\u015fs\u0131n.\u201d<br \/>\ndiyorsan\u0131z, bu yasa tam size g\u00f6re!<\/p>\n<p>\u201cAma \u00e7ok para veremeyiz, asgari \u00fccretin bir bu\u00e7uk kat\u0131na \u00e7al\u0131\u015fs\u0131n.\u201d<br \/>\ndiyorsan\u0131z, bu yasa tam size g\u00f6re!<\/p>\n<p>Gen\u00e7 arkada\u015flar\u0131m da nank\u00f6rl\u00fck etmesin,<br \/>\nAza kanaat etmeyi \u00f6\u011frensin.<\/p>\n<p>Bakars\u0131n\u0131z yar\u0131n halk\u0131n eczaneleri gider,<br \/>\nSermayenin eczaneleri gelir.<\/p>\n<p>Rakibiniz \u00e7ok, i\u015finiz zor.<\/p>\n<p>O y\u00fczden;<\/p>\n<p>Fark yaratmaya \u00e7al\u0131\u015f\u0131n.<br \/>\nDiksiyonunuz d\u00fczg\u00fcn olsun.<br \/>\nPrezentabl olun.<br \/>\nEn az iki yabanc\u0131 dil bilin.<br \/>\nErkek olanlar, \u00f6nce askerli\u011finizi tamamlay\u0131n.<br \/>\nEsnek \u00e7al\u0131\u015fma saatlerine uyum sa\u011flay\u0131n.<br \/>\nAsgari \u00fccretin 3 kat\u0131ndan fazla maa\u015f istemeyin.<\/p>\n<p>\u0130steseniz de vermezler zaten.<\/p>\n<p>Ya da istemedi\u011finiz bir yerde s\u0131n\u0131rlamaya tak\u0131lmadan eczane a\u00e7\u0131n.<\/p>\n<p><em><sup>1<\/sup>6197 say\u0131l\u0131 Eczac\u0131lar ve Eczaneler Hakk\u0131nda Kanun ile 2313 say\u0131l\u0131 Uyu\u015fturucu Maddelerin Murakabesi Hakk\u0131nda Kanunda De\u011fi\u015fiklik Yap\u0131lmas\u0131na Dair Kanun Teklifi, Madde gerek\u00e7eleri, Madde-2<\/em><em><br \/>\n<a href=\"https:\/\/web.archive.org\/web\/20120519153121\/http:\/\/www2.tbmm.gov.tr\/d24\/2\/2-0489.pdf\">http:\/\/www2.tbmm.gov.tr\/d24\/2\/2-0489.pdf<\/a><\/em><\/p>\n<p><em><sup>2<\/sup>T\u00fcrk Eczac\u0131lar\u0131 Birli\u011fi\u2019nin 27 Nisan 2010 tarihli bas\u0131n a\u00e7\u0131klamas\u0131<\/em><em><br \/>\n<a href=\"https:\/\/web.archive.org\/web\/20120519153121\/http:\/\/www.teb.org.tr\/index_.php?modul=haberdetay&amp;id=1176042\">http:\/\/www.teb.org.tr\/index_.php?modul=haberdetay&amp;id=1176042<\/a><\/em><\/p>\n<p>&nbsp;<\/p>\n<p><em>Havanhaber.org sitesinden al\u0131nt\u0131d\u0131r.<\/em><\/p>\n","protected":false},"excerpt":{"rendered":"<p>Bug\u00fcn 14 May\u0131s, Mekteb-i T\u0131bbiye-i \u015eahane\u2019de eczac\u0131l\u0131k s\u0131n\u0131f\u0131 a\u00e7\u0131lal\u0131 tam 173 y\u0131l oldu. Ben fak\u00fclteye gireli \u00e7ok olmad\u0131. O g\u00fcnden&#46;&#46;&#46;<\/p>\n","protected":false},"author":6,"featured_media":0,"comment_status":"closed","ping_status":"closed","sticky":false,"template":"","format":"standard","meta":{"_jetpack_memberships_contains_paid_content":false,"footnotes":""},"categories":[59],"tags":[],"class_list":["post-4176","post","type-post","status-publish","format-standard","hentry","category-ecz-murat-gumus"],"aioseo_notices":[],"jetpack_featured_media_url":"","jetpack_sharing_enabled":true,"jetpack-related-posts":[],"_links":{"self":[{"href":"http:\/\/www.ced.org.tr\/index.php?rest_route=\/wp\/v2\/posts\/4176","targetHints":{"allow":["GET"]}}],"collection":[{"href":"http:\/\/www.ced.org.tr\/index.php?rest_route=\/wp\/v2\/posts"}],"about":[{"href":"http:\/\/www.ced.org.tr\/index.php?rest_route=\/wp\/v2\/types\/post"}],"author":[{"embeddable":true,"href":"http:\/\/www.ced.org.tr\/index.php?rest_route=\/wp\/v2\/users\/6"}],"replies":[{"embeddable":true,"href":"http:\/\/www.ced.org.tr\/index.php?rest_route=%2Fwp%2Fv2%2Fcomments&post=4176"}],"version-history":[{"count":5,"href":"http:\/\/www.ced.org.tr\/index.php?rest_route=\/wp\/v2\/posts\/4176\/revisions"}],"predecessor-version":[{"id":4324,"href":"http:\/\/www.ced.org.tr\/index.php?rest_route=\/wp\/v2\/posts\/4176\/revisions\/4324"}],"wp:attachment":[{"href":"http:\/\/www.ced.org.tr\/index.php?rest_route=%2Fwp%2Fv2%2Fmedia&parent=4176"}],"wp:term":[{"taxonomy":"category","embeddable":true,"href":"http:\/\/www.ced.org.tr\/index.php?rest_route=%2Fwp%2Fv2%2Fcategories&post=4176"},{"taxonomy":"post_tag","embeddable":true,"href":"http:\/\/www.ced.org.tr\/index.php?rest_route=%2Fwp%2Fv2%2Ftags&post=4176"}],"curies":[{"name":"wp","href":"https:\/\/api.w.org\/{rel}","templated":true}]}}