{"id":4179,"date":"2010-11-04T00:37:56","date_gmt":"2010-11-03T22:37:56","guid":{"rendered":"http:\/\/www.ced.org.tr\/?p=4179"},"modified":"2014-05-21T02:11:41","modified_gmt":"2014-05-20T23:11:41","slug":"taksici-ali-dayi","status":"publish","type":"post","link":"http:\/\/www.ced.org.tr\/?p=4179","title":{"rendered":"Taksici Ali Day\u0131"},"content":{"rendered":"<p>Ge\u00e7enlerde arkada\u015flarla Be\u015fikta\u015f\u2019tan Taksim\u2019e gidecektik. \u0130lk \u00e7evirdi\u011fimiz taksiye atlay\u0131verdik.<\/p>\n<p>Tak\u0131m elbiseli 60 ya\u015flar\u0131nda bir \u015fof\u00f6r \u201cho\u015fgeldiniz\u201d diyerek kar\u015f\u0131lad\u0131 bizi. \u00d6n koltu\u011fa, \u015fof\u00f6r\u00fcn yan\u0131na ben denk gelmi\u015ftim.<\/p>\n<p>\u201cNereye?\u201d dedi \u015fof\u00f6r.<\/p>\n<p>\u201cTaksim\u2019e gidiyoruz.\u201d<\/p>\n<p>\u201cHay hay\u201d<\/p>\n<p>\u201cPardon anlamad\u0131m.\u201d dedim, ger\u00e7ekten de anlamam\u0131\u015ft\u0131m.<\/p>\n<p>\u201cPek al\u0131\u015f\u0131k de\u011filsiniz galiba, hay hay dedim.\u201d dedi.<\/p>\n<p>\u201cEvet, pek al\u0131\u015f\u0131k de\u011filim ger\u00e7ekten de.\u201d gibi bir \u015feyler geveledim.<\/p>\n<p>\u201cHakl\u0131s\u0131n\u0131z, genelde arkada\u015flar\u0131m\u0131z pek kibar olmazlar.\u201d diyerek s\u00f6ze girdi. Ben de arkama yasland\u0131m ve bu pek de al\u0131\u015f\u0131k olmad\u0131\u011f\u0131m tak\u0131m elbiseli, d\u00fczg\u00fcn ve kibar bir T\u00fcrk\u00e7eyle konu\u015fan \u015fof\u00f6r\u00fc dinlemeye ba\u015flad\u0131m.<\/p>\n<p>\u00c7ok uzun y\u0131llard\u0131r taksi \u015fof\u00f6rl\u00fc\u011f\u00fc yap\u0131yormu\u015f. Art\u0131k mesle\u011fin \u00e7ok bozulmu\u015f olmas\u0131ndan, eski sayg\u0131nl\u0131\u011f\u0131ndan eser kalmad\u0131\u011f\u0131ndan \u015fikayet\u00e7iydi. \u201cArt\u0131k her ehliyeti olan taksicilik yapabiliyor.\u201d diyordu. Taksinin \u00fczerinde durak ad\u0131 ve telefon numaras\u0131 yazmas\u0131n\u0131n gerekti\u011finden, s\u0131ra s\u0131ra dizilmi\u015f taksilerden istedi\u011fimi se\u00e7me hakk\u0131m oldu\u011fundan, en \u00f6ndekine binmek gibi bir zorunlulu\u011fum olmad\u0131\u011f\u0131ndan, taksilerin otob\u00fcs duraklar\u0131nda beklememesi gerekti\u011finden ve \u00a0hepsini hat\u0131rlayamad\u0131\u011f\u0131m m\u00fc\u015fteri olarak sahip oldu\u011fum haklar\u0131mdan bahsetti. B\u00fct\u00fcn bunlar\u0131 da yan\u0131ndan ge\u00e7ti\u011fimiz taksilerden iyi ve k\u00f6t\u00fc \u00f6rnekler\u00a0 vererek anlatt\u0131.\u00a0\u00a0 Ger\u00e7ekten de hi\u00e7 dikkat etmemi\u015ftim bu taksinin dura\u011f\u0131n\u0131n ve telefonunun yazmamas\u0131 olay\u0131na, belki de benim cahilli\u011fimdi.<\/p>\n<p>\u201c\u0130nsanlar k\u0131z\u0131n\u0131, e\u015fini bize emanet ediyor.\u201d diyordu. \u00c7ok \u00f6nemli bir meslek yap\u0131yorlard\u0131 ger\u00e7ekten. \u0130nsanlar\u0131 her t\u00fcrl\u00fc ko\u015fulda adreslerine ula\u015ft\u0131ran, halk\u0131n nabz\u0131n\u0131 tutan, bazen bir sohbet arkada\u015f\u0131, bazen bir s\u0131rda\u015f, bazen siz alkoll\u00fcyken sizi toparlay\u0131p evinize teslim eden kafas\u0131 ay\u0131k arkada\u015f\u0131n\u0131z,\u00a0 bazen de hastan\u0131z\u0131 hastaneye yeti\u015ftiren ambulans\u0131n\u0131zd\u0131 taksiciniz.<\/p>\n<p>\u201cAma mesle\u011fimiz \u00e7ok bozuldu.\u201d diyordu. \u00a0\u201cL\u00fctfen bizi di\u011ferleriyle kar\u0131\u015ft\u0131rmay\u0131n\u0131z.\u201d<\/p>\n<p>Ayn\u0131 zamanda hala mesle\u011fine sahip \u00e7\u0131kan taksiciler olarak bir internet sitesinde bulu\u015ftuklar\u0131n\u0131 s\u00f6yledi.<\/p>\n<p>Bizden bir de ricas\u0131 vard\u0131. Az \u00f6nce bahsetti\u011fi etik de\u011ferleri ta\u015f\u0131yan ve mutlaka kap\u0131lar\u0131nda dura\u011f\u0131n\u0131n ad\u0131 ve telefonu yazan ve taksileri tercih etmemiz. Bu sayede e\u011fer dura\u011f\u0131n\u0131n ad\u0131na bakt\u0131ysak takside unuttu\u011fumuz bir e\u015fyam\u0131z\u0131 da kolayca bulabilecektik. Duruma bir de \u00f6rnek vererek silecek kolunda as\u0131l\u0131 duran, inciden dizilmi\u015f, alt\u0131n zincirli tespihi g\u00f6sterdi. Me\u011fer bunu bir m\u00fc\u015fterisi unutmu\u015f. Daha sonra arabas\u0131na binen ba\u015fka bir kuyumcu m\u00fc\u015fterisi de tespihin antika niteli\u011fi ta\u015f\u0131d\u0131\u011f\u0131n\u0131 s\u00f6ylemi\u015f. Hala bir umutla tespihin sahibini bulmas\u0131n\u0131 bekliyormu\u015f.<\/p>\n<p>\u0130nerken bir de kart\u0131n\u0131 verdi. \u0130smine bakt\u0131m, \u201cAli\u201d imi\u015f.<\/p>\n<p>Ak\u015fam eve gidince internet sitelerine girdim. Ali Day\u0131y\u0131 buldum hemen. Takma ad\u0131 \u201cKravat Ali\u201d. Sitenin daha \u00e7ok forum b\u00f6l\u00fcm\u00fc aktifti. O platformda yazan bir\u00e7ok taksici Ali Day\u0131 gibi taksicilik mesle\u011fin sayg\u0131nl\u0131\u011f\u0131n\u0131n azalmas\u0131ndan son derece \u015fikayet\u00e7iydi. Sitedeki di\u011fer yaz\u0131lar\u0131 okudu\u011fumda taksicilik mesle\u011fini hi\u00e7 bilmedi\u011fimi farkettim.<\/p>\n<p>Aralar\u0131nda kendilerini \u201ctaksici\u201d de\u011fil, \u201ctaksi \u015fof\u00f6r\u00fc\u201d olarak tan\u0131mlayanlar vard\u0131.<\/p>\n<p>Cebinde ehliyeti olan herkesin taksicilik yapmamas\u0131 gerekti\u011finden bahsediyorlard\u0131.<\/p>\n<p>Taksi plakas\u0131 kiralamaya kar\u015f\u0131yd\u0131lar. \u00c7\u00fcnk\u00fc kiral\u0131k olarak taksi \u00e7al\u0131\u015ft\u0131ranlar\u0131n tek ama\u00e7lar\u0131n\u0131n daha fazla para kazanmak oldu\u011funu, bunlar\u0131n da meslekta\u015flar\u0131na, yolcular\u0131na, trafik kurallar\u0131n\u0131 hi\u00e7e sayd\u0131n\u0131, dolay\u0131s\u0131yla mesleki sayg\u0131nl\u0131\u011f\u0131 azaltt\u0131\u011f\u0131n\u0131 d\u00fc\u015f\u00fcn\u00fcyorlard\u0131.<\/p>\n<p>Taksicili\u011fin di\u011fer i\u015fler k\u00f6t\u00fc gidince ba\u015fvurulan ge\u00e7ici bir meslek olmamas\u0131 gerekti\u011fini, uzun soluklu bir e\u011fitimden ge\u00e7tikten sonra m\u00fc\u015fterilerine meslekta\u015flar\u0131na sayg\u0131l\u0131 \u015fof\u00f6rler olarak yeti\u015fmelerinin do\u011fru olaca\u011f\u0131n\u0131 savunuyorlard\u0131.<\/p>\n<p>Sosyal g\u00fcvencelerinin yeterli olmad\u0131\u011f\u0131n\u0131, \u00e7ok d\u00fc\u015f\u00fck primlerle sigortalar\u0131n\u0131n yat\u0131r\u0131ld\u0131\u011f\u0131n\u0131 s\u00f6yl\u00fcyorlard\u0131.<\/p>\n<p>Can g\u00fcvenlikleri her zaman tehlikedeydi.<\/p>\n<p>Korsan taksilere \u00e7ok \u00f6fkeliydiler.<\/p>\n<p>Aralar\u0131nda \u00e7\u00fcr\u00fck elmalar oldu\u011funu kabulleniyorlard\u0131 ve bunlar\u0131 aralar\u0131nda bar\u0131nd\u0131rmamak i\u00e7in m\u00fccadele ediyorlard\u0131.<\/p>\n<p>Ve her vatanda\u015f\u0131n taksiyle ilgili bir k\u00f6t\u00fc an\u0131s\u0131 oldu\u011funu biliyord\u0131. O y\u00fczden taksimetreyi hep 1-0 mah\u00e7up a\u00e7\u0131yorlard\u0131.<\/p>\n<p>Sahi, b\u00fct\u00fcn bunlar bana bir ba\u015fka mesle\u011fi hat\u0131rlatt\u0131 ama neydi\u00a0 o ya.<\/p>\n<p>&nbsp;<\/p>\n<p><i>Havanhaber.org sitesinden al\u0131nt\u0131d\u0131r.<\/i><\/p>\n","protected":false},"excerpt":{"rendered":"<p>Ge\u00e7enlerde arkada\u015flarla Be\u015fikta\u015f\u2019tan Taksim\u2019e gidecektik. \u0130lk \u00e7evirdi\u011fimiz taksiye atlay\u0131verdik. Tak\u0131m elbiseli 60 ya\u015flar\u0131nda bir \u015fof\u00f6r \u201cho\u015fgeldiniz\u201d diyerek kar\u015f\u0131lad\u0131 bizi. \u00d6n&#46;&#46;&#46;<\/p>\n","protected":false},"author":6,"featured_media":0,"comment_status":"closed","ping_status":"closed","sticky":false,"template":"","format":"standard","meta":{"_jetpack_memberships_contains_paid_content":false,"footnotes":""},"categories":[59],"tags":[],"class_list":["post-4179","post","type-post","status-publish","format-standard","hentry","category-ecz-murat-gumus"],"aioseo_notices":[],"jetpack_featured_media_url":"","jetpack_sharing_enabled":true,"jetpack-related-posts":[],"_links":{"self":[{"href":"http:\/\/www.ced.org.tr\/index.php?rest_route=\/wp\/v2\/posts\/4179","targetHints":{"allow":["GET"]}}],"collection":[{"href":"http:\/\/www.ced.org.tr\/index.php?rest_route=\/wp\/v2\/posts"}],"about":[{"href":"http:\/\/www.ced.org.tr\/index.php?rest_route=\/wp\/v2\/types\/post"}],"author":[{"embeddable":true,"href":"http:\/\/www.ced.org.tr\/index.php?rest_route=\/wp\/v2\/users\/6"}],"replies":[{"embeddable":true,"href":"http:\/\/www.ced.org.tr\/index.php?rest_route=%2Fwp%2Fv2%2Fcomments&post=4179"}],"version-history":[{"count":3,"href":"http:\/\/www.ced.org.tr\/index.php?rest_route=\/wp\/v2\/posts\/4179\/revisions"}],"predecessor-version":[{"id":4187,"href":"http:\/\/www.ced.org.tr\/index.php?rest_route=\/wp\/v2\/posts\/4179\/revisions\/4187"}],"wp:attachment":[{"href":"http:\/\/www.ced.org.tr\/index.php?rest_route=%2Fwp%2Fv2%2Fmedia&parent=4179"}],"wp:term":[{"taxonomy":"category","embeddable":true,"href":"http:\/\/www.ced.org.tr\/index.php?rest_route=%2Fwp%2Fv2%2Fcategories&post=4179"},{"taxonomy":"post_tag","embeddable":true,"href":"http:\/\/www.ced.org.tr\/index.php?rest_route=%2Fwp%2Fv2%2Ftags&post=4179"}],"curies":[{"name":"wp","href":"https:\/\/api.w.org\/{rel}","templated":true}]}}