{"id":4181,"date":"2011-11-09T00:40:49","date_gmt":"2011-11-08T22:40:49","guid":{"rendered":"http:\/\/www.ced.org.tr\/?p=4181"},"modified":"2014-05-20T00:53:26","modified_gmt":"2014-05-19T21:53:26","slug":"fevkalade","status":"publish","type":"post","link":"http:\/\/www.ced.org.tr\/?p=4181","title":{"rendered":"Fevkal\u00e2de"},"content":{"rendered":"<p>1 Temmuz 1957 . T\u00fcrk Eczac\u0131lar\u0131 Birli\u011fi\u2019nin kurulu\u015funun \u00fczerinden hen\u00fcz 1 y\u0131l ge\u00e7mi\u015fken ilk defa Fevkalade Kongreye (Ola\u011fan\u00fcst\u00fc Kongre) gidilmi\u015fti. O d\u00f6nem 7 y\u00f6netim kurulu \u00fcyesinden olu\u015fan Merkez Heyetinin ba\u015fkan\u0131, ikinci ba\u015fkan\u0131 ve veznedar\u0131 17 Nisan 1957 tarihinde istifa etmi\u015f, yedek \u00fcyelerin g\u00f6revi kabul etmemesi \u00fczerine ilk Ola\u011fan\u00fcst\u00fc B\u00fcy\u00fck Kongre 1 Temmuz 1957 g\u00fcn\u00fc ger\u00e7ekle\u015ftirilmi\u015fti.<\/p>\n<p>Neden istifa karar\u0131 al\u0131nd\u0131\u011f\u0131n\u0131 biraz sonra anlataca\u011f\u0131m. Ondan \u00f6nce 38. Ola\u011fan B\u00fcy\u00fck Kongre s\u00fcrecinde \u00e7ok\u00e7a ele\u015ftirilen TEB\u2019in B\u00fcy\u00fck Kongre delege sisteminden bahsetmek istiyorum.<\/p>\n<p>TEB\u2019in kuruldu\u011fu g\u00fcnlerde toplam 8 tane b\u00f6lge eczac\u0131 odas\u0131 var. \u0130stanbul, Ankara, \u0130zmir, Adana, Konya, Samsun, Bursa ve Gaziantep. B\u00fcy\u00fck Kongrede \u0130stanbul\u00a0 7, di\u011fer odalar 5\u2019er delegeyle temsil ediliyor. O zamanki haliyle 6643 say\u0131l\u0131 TEB kanununa g\u00f6re; <em>\u201cA\u0302zas\u0131 iki yu\u0308ze kadar olanlar be\u015f, iki yu\u0308zden fazla olanlar yedi mu\u0308\u00admessil ve ayn\u0131 miktarda yedek sec\u0327erler\u201d <\/em>h\u00fckm\u00fc ge\u00e7erli. T\u00fcrkiye genelindeki eczane say\u0131s\u0131n\u0131n o y\u0131llarda 1000 civar\u0131nda oldu\u011fu g\u00f6z \u00f6n\u00fcne al\u0131n\u0131rsa delege say\u0131s\u0131n\u0131n belirlenme y\u00f6nteminin beklentileri kar\u015f\u0131layacak nitelikte oldu\u011fu s\u00f6ylenebilir. \u00d6rne\u011fin 1959 TU\u0130K verilerine g\u00f6re en \u00e7ok \u00fcyesi olan \u0130stanbul Eczac\u0131 Odas\u0131\u2019na ba\u011fl\u0131 (b\u00f6lgedeki di\u011fer illerle beraber) 375 eczane bulunuyordu. Ayn\u0131 \u015fekilde Ankara\u2019ya ba\u011fl\u0131 120, \u0130zmir\u2019e ba\u011fl\u0131 178, Adana\u2019ya ba\u011fl\u0131 85, Konya\u2019ya ba\u011fl\u0131 48, Samsun\u2019a ba\u011fl\u0131 104, Bursa\u2019ya ba\u011fl\u0131 96, Gaziantep\u2019e ba\u011fl\u0131 64 eczane hizmet vermekteydi.<\/p>\n<p>Daha sonra 1966\u2019da Eski\u015fehir, 1967\u2019de Antalya ve 1970\u2019te Diyarbak\u0131r Eczac\u0131 Odalar\u0131 kuruldu. TEB Merkez Heyeti 19.04.1972 tarihli toplant\u0131s\u0131nda merkeze ba\u011fl\u0131 odalar\u0131n say\u0131s\u0131n\u0131n 20\u2018ye \u00e7\u0131kar\u0131lmas\u0131n\u0131 kararla\u015ft\u0131rd\u0131 ve ard\u0131ndan Kayseri, Erzurum, Kahramanmara\u015f, Isparta, Denizli, Zonguldak, Trabzon, Tekirda\u011f ve Sakarya Eczac\u0131 Odalar\u0131 kuruldu. Bug\u00fcn 54 tane b\u00f6lge eczac\u0131 odas\u0131 faaliyet g\u00f6steriyor.<\/p>\n<p>1985\u2019te 6643\u2019\u00fcn 5. maddesi de\u011fi\u015ftirilerek yasaya \u201c<em>s\u0131n\u0131rlar\u0131 i\u00e7inde kay\u0131tl\u0131 en az 150 \u00fcye olan her ilde eczac\u0131 odas\u0131 kurulmas\u0131\u201d<\/em> h\u00fckm\u00fc eklenmesinden sonra g\u00fcn\u00fcm\u00fcze kadar 25 yeni eczac\u0131 odas\u0131 daha kuruluyor. Ayn\u0131 tarihte yap\u0131lan de\u011fi\u015fiklikle yeni oda kurulmas\u0131 Merkez Heyeti\u2019nin takdirindeyken, \u201c<em>Merkez Heyetinin \u00f6nerisi \u00fczerine B\u00fcy\u00fck Kongrece karara ba\u011flanacak\u201d<\/em> \u015fekilde d\u00fczenleme yap\u0131l\u0131yor.<\/p>\n<p>90\u2019lara gelindi\u011finde \u00fcye say\u0131s\u0131 bir hayli artan \u0130stanbul Eczac\u0131 Odas\u0131 iki y\u00fczden fazla \u00fcyesi olan odalar\u0131n delege say\u0131s\u0131n\u0131 7 ile s\u0131n\u0131rlayan d\u00fczenlemenin demokrasi ilkelerine ayk\u0131r\u0131 oldu\u011funu ileri s\u00fcrerek \u00f6nce TEB Merkez Heyeti Ba\u015fkanl\u0131\u011f\u0131na ba\u015fvuruyor. Bu istek, TEB Merkez Merkez Heyeti&#8217;nce reddedilince \u0130stanbul Eczac\u0131 Odas\u0131 bu i\u015flemin iptali dile\u011fiyle a\u00e7t\u0131\u011f\u0131 idari davada, Ankara 6. \u0130dare Mahkemesi, belirtilen h\u00fckm\u00fcn Anayasa&#8217;n\u0131n 135. maddesine ayk\u0131r\u0131 oldu\u011fu g\u00f6r\u00fc\u015f\u00fcyle, iptali i\u00e7in Anayasa Mahkemesi&#8217;ne ba\u015fvuruyor.<\/p>\n<p>Anayasa Mahkemesi\u2019nin 6643 say\u0131l\u0131 TEB yasas\u0131ndaki delege say\u0131s\u0131n\u0131n hesaplanmas\u0131 y\u00f6ntemiyle ilgili maddeyi Anayasaya ayk\u0131r\u0131 bularak oy\u00e7oklu\u011fuyla 1991\u2019de iptal etmesi \u00fczerine 1995\u2019de yasa de\u011fi\u015ftiriliyor. 6643\u2019\u00fcn 51. maddesi <em>\u201c\u0130kiy\u00fcze kadar azas\u0131 olanlar,be\u015f, Be\u015fy\u00fcze kadar azas\u0131 olanlar,be\u015f m\u00fcmessile ilave olarak ikiy\u00fczden fazla her tam y\u00fczelli aza i\u00e7in birer, be\u015fy\u00fczden fazla azas\u0131 olanlar, yedi m\u00fcmessile ilave olarak be\u015fy\u00fczden fazla her tam be\u015fy\u00fcz aza i\u00e7in birer delege se\u00e7ecek\u201d<\/em> \u015fekilde yeniden d\u00fczenleniyor.<\/p>\n<p>Daha sonra bu davay\u0131 emsal g\u00f6steren \u0130stanbul Di\u015f Hekimleri Odas\u0131 benzer gerek\u00e7elerle T\u00fcrk Di\u015f Hekimleri Birli\u011fi\u2019nin delege sistemine a\u00e7t\u0131\u011f\u0131 davada Anayasa Mahkemesi 1995\u2019de itiraz\u0131 oy\u00e7oklu\u011fuyla reddediyor. Yine benzer gerek\u00e7elerle \u0130stanbul Tabip Odas\u0131 da T\u00fcrk Tabipler birli\u011fi\u2019nin delege sistemine dava a\u00e7\u0131yor ve ilgili h\u00fck\u00fcm oy \u00e7oklu\u011fuyla Anayasaya ayk\u0131r\u0131l\u0131k nedeniyle iptal edilerek yeniden d\u00fczenlemeye gidiliyor.<\/p>\n<p>Anla\u015f\u0131lan, \u0130stanbul\u2019daki meslek odalar\u0131n\u0131n bir\u00e7o\u011fu 1950\u2019li y\u0131llarda kurulan ve o g\u00fcn\u00fcn ko\u015fullar\u0131na uygun olarak d\u00fczenlenmi\u015f olan birlik delege yap\u0131lar\u0131na itiraz ediyor.<\/p>\n<p>\u0130stanbul Eczac\u0131 Odas\u0131\u2019n\u0131n a\u00e7t\u0131\u011f\u0131 davada Anayasa Mahkemesi\u2019nin verdi\u011fi gerek\u00e7eli kararda <em>\u201cy\u00f6netim ve i\u015fleyi\u015finin de demokratik kurallara ayk\u0131r\u0131 olamayaca\u011f\u0131\u201d<\/em> belirtiliyor ve <em>\u201cDemokratik se\u00e7imin en \u00f6nemli niteli\u011fi, adil bir kat\u0131l\u0131m ilkesine dayal\u0131 serbest, e\u015fit ve genel oy esas\u0131n\u0131 i\u00e7ermesidir. \u0130tiraz konusu kural\u0131n, say\u0131s\u0131 ka\u00e7 olursa olsun iki y\u00fczden fazla \u00fcyesi olan eczac\u0131 odalar\u0131n\u0131n B\u00fcy\u00fck Kongre\u2019 ye kat\u0131lmas\u0131n\u0131 7 temsilciyle s\u0131n\u0131rland\u0131rmas\u0131 ve b\u00f6ylece en \u00f6nemli organ\u0131n olu\u015fumuna adil kat\u0131l\u0131m\u0131 \u00f6nlemesi, eczac\u0131 odalar\u0131n\u0131n i\u00e7 i\u015fleyi\u015finde, demokrasiye ayk\u0131r\u0131 d\u00fc\u015fen bir d\u00fczenlemedir.\u201d <\/em>ifadelerine yer veriliyor.<\/p>\n<p>Karara muhalif kalan bir grup \u00fcye kar\u015f\u0131 oy yaz\u0131s\u0131nda ise <em>\u201c\u00d6zellikle \u00e7ok fazla \u00fcyesi bulunan odalar\u0131n \u00fcye say\u0131lar\u0131na g\u00f6re b\u00fcy\u00fck kongrede temsil edilmelerinin b\u00fcy\u00fck yerlerin kongreye h\u00e2kim olmalar\u0131 sonucunu da do\u011furaca\u011f\u0131n\u0131 ve bu durumun demokratik y\u00f6netim ilkeleriyle ba\u011fda\u015fmayaca\u011f\u0131n\u0131\u201d <\/em>savunuyor.<\/p>\n<p>Yine kar\u015f\u0131 oy kullanan di\u011fer \u00fcyelerin g\u00f6r\u00fc\u015f\u00fc ise <em>\u201c\u0130tiraz konusu kural\u0131n iki y\u00fczden fazla \u00fcyesi olan ve t\u00fczelki\u015fili\u011fe sahip eczac\u0131 odalar\u0131n\u0131 B\u00fcy\u00fck Kongreye yedi temsilci g\u00f6nderme zorunda b\u0131rakmas\u0131n\u0131n, bir \u00f6l\u00e7\u00fc oldu\u011funu, sadece bu belirlemenin se\u00e7ime adil bir kat\u0131l\u0131m\u0131n \u00f6nlenmesi ve antidemokratik bir kar\u0131\u015fma olarak nitelendirilemeyece\u011fi ve yasal d\u00fczenlemelerin getirdi\u011fi kurallar\u0131n Anayasa\u2019ya ayk\u0131r\u0131 olmad\u0131\u011f\u0131 s\u00fcrece sadece en ideali olu\u015fturmamalar\u0131 nedeniyle iptal edilemeyece\u011fi\u201d <\/em>\u015feklinde oluyor.<\/p>\n<p>Bu konu bug\u00fcnk\u00fc haliyle Anayasa Mahkemesinin \u00f6n\u00fcne gelse g\u00f6r\u00fc\u015fler ve \u00e7\u0131kacak karar elbet de\u011fi\u015febilecektir. Ancak 1995\u2019te yap\u0131lan iyile\u015ftirmeye ra\u011fmen bug\u00fcn TEB B\u00fcy\u00fck Kongresinde 8284 \u00fcyeli bir odan\u0131n 376 \u00fcyesini 1 delege temsil ederken, yeni kurulan 150 \u00fcyeli herhangi bir odan\u0131n da 30 \u00fcyesini de 1 delege temsil ediyor.<\/p>\n<p>Ayr\u0131ca 38. B\u00fcy\u00fck Kongrede se\u00e7imi kaybeden grubun listelerinde yer alan \u0130stanbul, Ankara, \u0130zmir, Bursa, Gaziantep, Trabzon, Tekirda\u011f, Malatya, Mersin, Van, Erzurum, Amasya, Kocaeli Eczac\u0131 Odalar\u0131n\u0131n bug\u00fcnk\u00fc toplam eczane say\u0131s\u0131 12.650, toplam \u00fcye say\u0131s\u0131 da 19.230\u2019dur.<\/p>\n<p>Var\u0131n, hangi gerek\u00e7enin daha do\u011fru oldu\u011funa, ya da do\u011frunun ne oldu\u011funa; demokrasinin de \u00e7o\u011funlu\u011fun az\u0131nl\u0131\u011fa iktidar\u0131 m\u0131, az\u0131nl\u0131\u011f\u0131n \u00e7o\u011funlu\u011fa iktidar\u0131 m\u0131, adil kat\u0131l\u0131m ve temsiliyet mi, ya da \u201cistenilen yerde inilen bir tramvay\u201d m\u0131 oldu\u011funa siz karar verin.<\/p>\n<p>\u015eimdi gelelim 1957\u2019de TEB Merkez Heyetinin neden istifa karar\u0131 ald\u0131\u011f\u0131na.<\/p>\n<p>Sebep, ila\u00e7 fiyat tarifesinin (majistral tarife) TEB\u2019in d\u00f6nemin ilgili bakanl\u0131\u011f\u0131yla vard\u0131\u011f\u0131 mutabakattan farkl\u0131 olarak yay\u0131mlanmas\u0131 ve Merkez Heyeti ba\u015fkan\u0131n\u0131n deyimiyle \u201cku\u015fa \u00e7evrilmesi\u201d \u00fczerine, Merkez Heyeti \u00fcyelerinin topluca istifa ederek kamuoyunda bir etki yaratmak istemesidir. Ancak 7 \u00fcyeden 4\u2019\u00fc sonradan vazge\u00e7mi\u015f, ancak B\u00fcy\u00fck Kongre esnas\u0131nda istifa dilek\u00e7elerini Kongre Divan Ba\u015fkanl\u0131\u011f\u0131na sunmu\u015ftur.<\/p>\n<p>Yani eczac\u0131lar\u0131n gelirlerinin o y\u0131llarda b\u00fcy\u00fck bir b\u00f6l\u00fcm\u00fcn\u00fc olu\u015fturan majistral ila\u00e7lar\u0131n fiyat tarifesini haz\u0131rlamak ve S\u0131hhat ve \u0130\u00e7timai Muavenet Vekaletinin (Sa\u011fl\u0131k ve Sosyal Yard\u0131m Bakanl\u0131\u011f\u0131) onay\u0131na sunmakla y\u00fck\u00fcml\u00fc olan T\u00fcrk Eczac\u0131lar\u0131 Birli\u011fi Merkez Heyeti \u00fcyeleri \u201cbelki g\u00f6rev ba\u015f\u0131nda de\u011fil de g\u00f6revi b\u0131rakarak bir katk\u0131 veririz\u201d d\u00fc\u015f\u00fcncesiyle istifa etme yolunu se\u00e7mi\u015ftir.<\/p>\n<p>\u0130stifa dilek\u00e7esinin her bir c\u00fcmlesini \u00e7ok de\u011ferli buldu\u011fumdan dilek\u00e7eyi oldu\u011fu gibi aktarmay\u0131 gerekli g\u00f6r\u00fcyorum. Bir benzerlik yakalayabilene ne al<em>\u00e2<\/em>..<\/p>\n<p>&nbsp;<\/p>\n<p><em>T\u00fcrk Eczac\u0131lar\u0131 Birli\u011fi Merkez Heyeti <\/em><\/p>\n<p><em>Umumi Katipli\u011fine<\/em><em>\u00a0<\/em><\/p>\n<p><em>6643 say\u0131l\u0131 kanunla kurulan T\u00fcrk Eczac\u0131lar\u0131 Birli\u011fi ve Eczac\u0131 Odalar\u0131 takriben bir senedenberi memleket ve meslek hizmetine girmi\u015f bulunmaktad\u0131r. Kanunun tayin etti\u011fi mehiller dahilinde b\u00fct\u00fcn memleket sath\u0131nda te\u015fkil\u00e2t\u0131n\u0131 kurabilmek ve hizmetlerini ifa edebilmek hususunda, vazifeli b\u00fct\u00fcn meslekda\u015flar\u0131m\u0131z\u0131n sarfetti\u011fi cansiperane ve fedak\u00e2rane gayretleri numunei imtisal olacak cidden \u015fayani takdir bir mertebedir.<\/em><\/p>\n<p><em>Bu kanun, te\u015fkil\u00e2tta hizmet g\u00f6ren meslekda\u015flara \u00e7ok m\u00fchim meslek\u00ee vazifeler tahmil etmi\u015f bulunmaktad\u0131r. Kanunun 4. maddesinde zikredilen vazifeler meyan\u0131nda bilhassa \u015fu h\u00fck\u00fcmler yer alm\u0131\u015f bulunmaktad\u0131r: (Azas\u0131n\u0131n madd\u00ee ve manev\u00ee hak ve menfaatlerini korumak ve bunlar\u0131 halk\u0131n ve devletin menfaatleriyle en iyi bir \u015fekilde telife \u00e7al\u0131\u015fmak, husus\u00ee ihtisas komisyonlar\u0131na haz\u0131rlatt\u0131raca\u011f\u0131 il\u00e2\u00e7 fiat tarifelerini S\u0131hhat ve \u0130\u00e7tima\u00ee Muavenet Vek\u00e2letinin tensip ve tasdikine arzetmek, azas\u0131n\u0131 muayyen bir refah seviyyesine ula\u015ft\u0131racak gerekli i\u015f sahalar\u0131 bulmaya, i\u015f kanunlarile i\u00e7tima\u00ee kanunlar\u0131n ve bunlara m\u00fcsteniden \u00e7\u0131kar\u0131lan nizamname ve talimatname h\u00fck\u00fcmlerinin tatbikat\u0131nda meslek ve meslekda\u015f\u0131n hak ve menfaatlar\u0131n\u0131 korumaya \u00e7al\u0131\u015fmak, resm\u00ee makamlarla kar\u015f\u0131l\u0131kl\u0131 i\u015f birli\u011fi yaparak bu makamlar\u0131n yard\u0131m\u0131n\u0131 temine \u00e7al\u0131\u015fmak ve saire \u2026).<\/em><\/p>\n<p><em>Kanunun tahmil etti\u011fi bu vazifelerin ifas\u0131nda taraf\u0131m\u0131zdan \u00e7ok b\u00fcy\u00fck gayret sarfedilmi\u015f olmas\u0131na, kanun h\u00fck\u00fcmlerinin icras\u0131na, bilhassa S\u0131hhat ve \u0130\u00e7tima\u00ee Muavenet Vek\u00e2letinin memur edilmi\u015f bulunmas\u0131na, say\u0131n vekilimizin b\u00fct\u00fcn h\u00fcsn\u00fc kabul\u00fcne ra\u011fmen mesle\u011fimize m\u00fcteallik mevzuat ve haklar\u0131n anlay\u0131\u015f\u0131nda, kanunu tatbik mevkiinde bulunan ilgili makamlarla aram\u0131zda g\u00f6r\u00fc\u015f ayr\u0131l\u0131\u011f\u0131 bulunmas\u0131 y\u00fcz\u00fcnden bizim anlad\u0131\u011f\u0131m\u0131z manada hizmetlerimizin ifas\u0131na imk\u00e2n has\u0131l olamamaktad\u0131r.<\/em><\/p>\n<p><em>Meslekda\u015flar\u0131m\u0131z\u0131n b\u00fcy\u00fck itimat ve tevecc\u00fch\u00fc ile getirilmi\u015f oldu\u011fumuz bu meslek hizmetinde fayal\u0131 olmak muhal olmu\u015ftur.<\/em><\/p>\n<p><em>Aziz mesle\u011fimizin hal ve istikbali endi\u015fe verici bir mahiyet arzetmektedir. Alelhusus, mesle\u011fimizde vukua gelecek sars\u0131nt\u0131n\u0131n halk sa\u011fl\u0131\u011f\u0131na intikal edecek akisleri \u00e7ok elim olacakt\u0131r.<\/em><em>\u00a0<\/em><\/p>\n<p><em>Meslekda\u015flar\u0131m\u0131z\u0131n itimad ve tevecc\u00fchlerinin b\u00fcy\u00fck de\u011ferini m\u00fcdrik olmamakla beraber, bizlere ait olmuyan sebeplerden tevell\u00fct edecek ak\u0131betlerin a\u011f\u0131r mes\u2019uliyetini takabb\u00fbl edemiyece\u011fimizi bildirir, hizmetlerimizden aff\u0131m\u0131z\u0131 sayg\u0131 ile rica ederiz.<\/em><em>\u00a0<\/em><\/p>\n<p><em>17 Nisan 1957<\/em><\/p>\n<p><em>\u00a0<\/em><\/p>\n<p style=\"text-align: center;\"><em>Merkez Heyeti Veznedar\u0131\u00a0\u00a0\u00a0\u00a0\u00a0\u00a0 Merkez Heyeti 2. Reisi\u00a0\u00a0\u00a0\u00a0\u00a0\u00a0\u00a0\u00a0\u00a0 Merkez Heyeti Reisi <\/em><\/p>\n<p style=\"text-align: center;\"><em>\u00a0\u00a0\u00a0\u00a0\u00a0\u00a0\u00a0 R\u0131dvan \u00d6zerler\u00a0\u00a0\u00a0\u00a0\u00a0\u00a0\u00a0\u00a0\u00a0\u00a0\u00a0\u00a0\u00a0\u00a0\u00a0\u00a0\u00a0\u00a0\u00a0\u00a0\u00a0\u00a0\u00a0\u00a0\u00a0\u00a0 Pertev Ertem\u00a0\u00a0\u00a0\u00a0\u00a0\u00a0\u00a0\u00a0\u00a0\u00a0\u00a0\u00a0\u00a0\u00a0 \u00a0\u00a0 Sal\u00e2hattin Tandal<\/em><\/p>\n<p style=\"text-align: center;\">\n<p style=\"text-align: left;\"><i>Havanhaber.org sitesinden al\u0131nt\u0131d\u0131r.<\/i><\/p>\n","protected":false},"excerpt":{"rendered":"<p>1 Temmuz 1957 . T\u00fcrk Eczac\u0131lar\u0131 Birli\u011fi\u2019nin kurulu\u015funun \u00fczerinden hen\u00fcz 1 y\u0131l ge\u00e7mi\u015fken ilk defa Fevkalade Kongreye (Ola\u011fan\u00fcst\u00fc Kongre) gidilmi\u015fti.&#46;&#46;&#46;<\/p>\n","protected":false},"author":6,"featured_media":0,"comment_status":"closed","ping_status":"closed","sticky":false,"template":"","format":"standard","meta":{"_jetpack_memberships_contains_paid_content":false,"footnotes":""},"categories":[59],"tags":[],"class_list":["post-4181","post","type-post","status-publish","format-standard","hentry","category-ecz-murat-gumus"],"aioseo_notices":[],"jetpack_featured_media_url":"","jetpack_sharing_enabled":true,"jetpack-related-posts":[],"_links":{"self":[{"href":"http:\/\/www.ced.org.tr\/index.php?rest_route=\/wp\/v2\/posts\/4181","targetHints":{"allow":["GET"]}}],"collection":[{"href":"http:\/\/www.ced.org.tr\/index.php?rest_route=\/wp\/v2\/posts"}],"about":[{"href":"http:\/\/www.ced.org.tr\/index.php?rest_route=\/wp\/v2\/types\/post"}],"author":[{"embeddable":true,"href":"http:\/\/www.ced.org.tr\/index.php?rest_route=\/wp\/v2\/users\/6"}],"replies":[{"embeddable":true,"href":"http:\/\/www.ced.org.tr\/index.php?rest_route=%2Fwp%2Fv2%2Fcomments&post=4181"}],"version-history":[{"count":2,"href":"http:\/\/www.ced.org.tr\/index.php?rest_route=\/wp\/v2\/posts\/4181\/revisions"}],"predecessor-version":[{"id":4185,"href":"http:\/\/www.ced.org.tr\/index.php?rest_route=\/wp\/v2\/posts\/4181\/revisions\/4185"}],"wp:attachment":[{"href":"http:\/\/www.ced.org.tr\/index.php?rest_route=%2Fwp%2Fv2%2Fmedia&parent=4181"}],"wp:term":[{"taxonomy":"category","embeddable":true,"href":"http:\/\/www.ced.org.tr\/index.php?rest_route=%2Fwp%2Fv2%2Fcategories&post=4181"},{"taxonomy":"post_tag","embeddable":true,"href":"http:\/\/www.ced.org.tr\/index.php?rest_route=%2Fwp%2Fv2%2Ftags&post=4181"}],"curies":[{"name":"wp","href":"https:\/\/api.w.org\/{rel}","templated":true}]}}