{"id":4228,"date":"2012-09-04T00:56:30","date_gmt":"2012-09-03T21:56:30","guid":{"rendered":"http:\/\/www.ced.org.tr\/?p=4228"},"modified":"2014-05-21T02:31:20","modified_gmt":"2014-05-20T23:31:20","slug":"tasa-taslagi","status":"publish","type":"post","link":"http:\/\/www.ced.org.tr\/?p=4228","title":{"rendered":"Tasa Tasla\u011f\u0131"},"content":{"rendered":"<p>\u0130lgin\u00e7tir, ne zaman Say\u0131n Mehmet Doma\u00e7\u2019\u0131n e\u015fi eczane a\u00e7acak olsa eczac\u0131l\u0131k mevzuat\u0131 de\u011fi\u015fiyor. Eczac\u0131 han\u0131m 2005\u2019te bir AVM\u2019de eczanesini a\u00e7madan \u00f6nce 2004 Aral\u0131k ay\u0131nda y\u00f6netmelik de\u011fi\u015fmi\u015f, eczaneler birden fazla kap\u0131 bulundurma hakk\u0131na sahip olmu\u015ftu. \u015eimdi yine yasa de\u011fi\u015fti ve de\u011fi\u015fiklik Mrs. Doma\u00e7\u2019\u0131n yine yeni eczane a\u00e7\u0131l\u0131\u015f\u0131na denk geldi. Demek ki eczac\u0131l\u0131k mevzuat\u0131n\u0131n de\u011fi\u015fip de\u011fi\u015fmeyece\u011fini anlamak i\u00e7in han\u0131mefendiyi izlemek yeterli.<\/p>\n<p style=\"color: #666666;\"><br style=\"color: #000000;\" \/><span style=\"color: #000000;\">Neyse, i\u015fin magazinsel k\u0131sm\u0131ndan uzakla\u015f\u0131p yasal k\u0131sm\u0131na bakal\u0131m biz. Yasa de\u011fi\u015fikli\u011fi taslak halindeyken hemen hemen herkes yasay\u0131 \u00e7ok olumlu kar\u015f\u0131lad\u0131\u011f\u0131n\u0131 belirtti ve bir an \u00f6nce yasala\u015fmas\u0131n\u0131 istedi. Nitekim 17 May\u0131staki Meclis Genel Kurulu\u2019nda uzun zamand\u0131r g\u00f6r\u00fclmemi\u015f bir oybirli\u011fiyle yasa tasla\u011f\u0131 yasala\u015ft\u0131. Ancak T\u00fcrkiye \u0130la\u00e7 ve T\u0131bbi Cihaz Kurumu 17 A\u011fustosta bir duyuru yay\u0131mlad\u0131, bu sefer tasa tasla\u011f\u0131 tasala\u015ft\u0131. Tasa, yasan\u0131n Resmi Gazete\u2019de yay\u0131mlanarak y\u00fcr\u00fcrl\u00fc\u011fe girdi\u011fi 31 May\u0131s 2012 tarihinden sonra eczanesini kapatan eczac\u0131n\u0131n n\u00fcfus s\u0131n\u0131rlamas\u0131na tak\u0131lan bir il\u00e7ede yeni bir eczane a\u00e7amayacak olmas\u0131 olarak tan\u0131mlanabilir. Adil veya de\u011fil, sonu\u00e7ta bir avu\u00e7 eczac\u0131l\u0131k fak\u00fcltesi \u00f6\u011frencisi ve az say\u0131da eczac\u0131 hari\u00e7 herkesin mutab\u0131k oldu\u011fu bir yasa de\u011fil miydi bu? Benim anlad\u0131\u011f\u0131m, ge\u00e7ici 3. madde eczac\u0131lar\u0131 ikiye ay\u0131r\u0131yordu. Birinci paragrafta bahsedilenler eczanesi olmayan eczac\u0131lar, \u00f6\u011frenciler ve 2012 takvim y\u0131l\u0131nda fak\u00fclteye girecekler. \u0130kinci paragrafta bahsedilenler ise yasa y\u00fcr\u00fcrl\u00fc\u011fe girdi\u011fi tarihte eczanesi olan eczac\u0131lar.<\/span><br style=\"color: #000000;\" \/><br style=\"color: #000000;\" \/><span style=\"color: #000000;\">Hemen hemen herkes onay veriyor ama yasa h\u00fck\u00fcmlerinin uygulanaca\u011f\u0131 duyurulunca danan\u0131n kuyru\u011fu kopuyor. Anlayam\u0131yorum. As\u0131l sorun da bundan kaynaklan\u0131yor ya! Taslak daha anla\u015f\u0131lamadan, iyice tart\u0131\u015f\u0131lamadan, sindirilemeden y\u00fcr\u00fcrl\u00fc\u011fe girdi. Sindirilemedi\u011fi i\u00e7in de haz\u0131ms\u0131zl\u0131k yaratt\u0131. Zaten ne \u00f6nemi vard\u0131 ki? Yasa y\u00fcr\u00fcrl\u00fc\u011fe girince eczanelere s\u0131n\u0131rlama gelecek, eczac\u0131l\u0131\u011f\u0131n babas\u0131 Bergamal\u0131 Galenos\u2019un ordusu k\u0131vam\u0131nda alttan gelen yeni mezun eczac\u0131lar\u0131n \u015fehir i\u00e7lerine ak\u0131n\u0131 \u015fehrin etraf\u0131na \u00e7evrilen surlarla engellenecek, eczaneler bir \u201cde\u011fer\u201d kazanacakt\u0131. O \u201cde\u011fer\u201d de ne demekse art\u0131k! Marx amcam\u0131n bahsetti\u011fi \u201cart\u0131 de\u011fer\u201d olabilir pekala.\u00a0<\/span><br style=\"color: #000000;\" \/><br style=\"color: #000000;\" \/><span style=\"color: #000000;\">Bu, \u015funa benziyor. Binmi\u015fiz bir araca, uzunca bir yola \u00e7\u0131k\u0131yoruz ancak yola \u00e7\u0131kmadan \u00f6nce araca bak\u0131m yapt\u0131rmam\u0131\u015f\u0131z, sadece ara\u00e7 ar\u0131za yap\u0131nca motorun kapa\u011f\u0131n\u0131 kald\u0131r\u0131p alt\u0131nda ne oldu\u011funa bak\u0131yoruz. Sonra da \u201cbu motor hatal\u0131 \u00fcretim\u201d diyoruz. Motorun \u00fcreticisi ve yetkili servisi Sa\u011fl\u0131k Bakanl\u0131\u011f\u0131 T\u00fcrkiye \u0130la\u00e7 ve T\u0131bbi Cihaz Kurumu. Biz \u201cmotor hatal\u0131 \u00fcretim\u201d desek neye yarar?\u00a0<\/span><br style=\"color: #000000;\" \/><br style=\"color: #000000;\" \/><span style=\"color: #000000;\">Herkes yasay\u0131 kendisine g\u00f6re yorumluyor, Bakanl\u0131k aksi y\u00f6nde bir g\u00f6r\u00fc\u015f bildirince de \u201chay\u0131r efendim olmaz \u00f6yle \u015fey\u201d diyoruz. Ba\u015fta sormam\u0131z gereken sorular\u0131 ancak ta\u015f ba\u015f\u0131m\u0131za isabet etti\u011finde soruyoruz. Vurunca \u00e7al\u0131\u015faca\u011f\u0131na inand\u0131\u011f\u0131m\u0131z televizyonlar misali&#8230;<\/span><br style=\"color: #000000;\" \/><br style=\"color: #000000;\" \/><span style=\"color: #000000;\">Peki bir yasa yoruma a\u00e7\u0131k olabilir mi? A\u00e7\u0131ksa yasa taslak halindeyken neden kimse bunu dile getirmedi de \u015fimdi olay oldu?<\/span><br style=\"color: #000000;\" \/><br style=\"color: #000000;\" \/><span style=\"color: #000000;\">Ge\u00e7ti\u011fimiz g\u00fcnlerde Avrupa \u0130la\u00e7 Ajans\u0131 nam-\u0131 di\u011fer EMA, yani bizim \u0130la\u00e7 ve T\u0131bbi Cihaz Kurumu\u2019nun AB\u2019deki e\u015fde\u011feri, farmakovijilans ile ilgili mevzuat de\u011fi\u015fikli\u011fini anlatan bir videoyu sitesine koymu\u015f. Bir adam var, olay\u0131 anlat\u0131yor, yan\u0131ndan da yaz\u0131lar ve g\u00f6rseller ak\u0131yor. Videoyu izleyince en az\u0131ndan ne olup bitti\u011fini anl\u0131yorsunuz. Merak edenler i\u00e7in linkini de payla\u015fay\u0131m:<\/span><a href=\"http:\/\/web.archive.org\/web\/20121114085255\/http:\/\/tinyurl.com\/cn7bbo9\" target=\"_blank\">http:\/\/tinyurl.com\/cn7bbo9<\/a><\/p>\n<p style=\"color: #000000;\">Bu arada T\u00fcrk Eczac\u0131lar\u0131 Birli\u011fi yasay\u0131 sahiplenmekle birlikte geli\u015fmeleri izlemekle yetiniyor. \u0130yi bir izleyici. Zaten yasa de\u011fi\u015fikli\u011fi g\u00f6r\u00fc\u015f\u00fcl\u00fcrken de TEB y\u00f6netimi ve oda ba\u015fkanlar\u0131 g\u00f6r\u00fc\u015fmeleri Meclisin izleyici trib\u00fcn\u00fcnden izlemi\u015flerdi.<\/p>\n<p>Bizim k\u00fc\u00e7\u00fck b\u00fcy\u00fck ihtiyar, k\u0131zlar delikanl\u0131lar ise ne haklar\u0131ndan haberdar, ne de ne yapaca\u011f\u0131n\u0131 biliyor. Asl\u0131na bakarsan\u0131z bilen biri var m\u0131 yok mu ben de bilmiyorum. Varsa bir babayi\u011fit \u00e7\u0131ks\u0131n meydana yasay\u0131 anlats\u0131n. Var m\u0131? Yok.<\/p>\n<p>\u015eimdilik \u00f6n\u00fcm\u00fczde olan 31 May\u0131stan sonra eczanesini kapayanlar\u0131n g\u00f6receli olarak ya\u015fad\u0131\u011f\u0131 ma\u011fduriyet. Ancak bu daha bir ba\u015flang\u0131\u00e7. \u0130leride \u00f6n\u00fcm\u00fcze daha bir\u00e7ok sorun \u00e7\u0131kacak: Kim eczane devrabilir, kim ka\u00e7 defa devredebilir, yerle\u015ftirme puan\u0131 sorunsal\u0131, ikinci eczac\u0131 \u00e7al\u0131\u015ft\u0131rma kriteri, yard\u0131mc\u0131 eczac\u0131l\u0131k yapacak eczane bulma sorunu, ikinci eczac\u0131 ve yard\u0131mc\u0131 eczac\u0131 \u00fccretleri, eczane sahibi y\u00fcksek lisans ve doktora \u00f6\u011frencilerinin mesul m\u00fcd\u00fcr atama zorunlulu\u011fu, eczane d\u0131\u015f\u0131 eczac\u0131 istihdam\u0131n\u0131n s\u0131n\u0131rl\u0131 olmas\u0131, \u00f6n\u00fcm\u00fczdeki y\u0131llarda gen\u00e7lerin eczane a\u00e7acak yer bulamay\u0131p isyan etme e\u011filimi g\u00f6sterecek olmas\u0131, e\u015f durumundan dolay\u0131 tayinlerde di\u011fer e\u015fin eczane a\u00e7acak yak\u0131n bir yerle\u015fim yeri bulamayacak olmas\u0131, vs..<\/p>\n<p>Bir de bu sene 20 tanesi \u00f6\u011frenci almakla birlikte say\u0131lar\u0131 33\u2019e, kontenjan\u0131 1660\u2019a ula\u015fan eczac\u0131l\u0131k fak\u00fclteleri var. \u00dcniversiteye giri\u015fte eczac\u0131l\u0131\u011f\u0131n di\u011fer meslekler aras\u0131ndaki ba\u015far\u0131 s\u0131ralamas\u0131n\u0131n geriledi\u011fini ve yasan\u0131n da etkisiyle daha da gerileyece\u011fini de unutmamak gerekir. Bu noktada eczanelerin \u201cde\u011fer\u201dinden bahsederken eczac\u0131l\u0131\u011f\u0131n \u201cde\u011fer\u201dini de es ge\u00e7memeliyiz.<\/p>\n<p>Acaba bunlar\u0131 yasa de\u011fi\u015fikli\u011fi taslak halindeyken tart\u0131\u015ft\u0131k m\u0131? Tart\u0131\u015fmam\u0131za f\u0131rsat verildi mi? Yoksa galeyana m\u0131 geldik?<\/p>\n<p>Kas\u0131m sonuna kadar yay\u0131mlanmas\u0131 gereken y\u00f6netmelik ile bir\u00e7ok sorunun \u00e7\u00f6z\u00fclebilece\u011fine inan\u0131l\u0131yor. Ancak s\u0131n\u0131rlar yasayla \u00e7izilmi\u015fken y\u00f6netmelik ihtiya\u00e7lara ne kadar cevap verebilir bilemiyorum.<\/p>\n<p style=\"color: #666666;\">\n<p style=\"color: #666666;\"><em style=\"font-weight: inherit;\">Havanhaber.org sitesinden al\u0131nt\u0131d\u0131r.<\/em><\/p>\n","protected":false},"excerpt":{"rendered":"<p>\u0130lgin\u00e7tir, ne zaman Say\u0131n Mehmet Doma\u00e7\u2019\u0131n e\u015fi eczane a\u00e7acak olsa eczac\u0131l\u0131k mevzuat\u0131 de\u011fi\u015fiyor. Eczac\u0131 han\u0131m 2005\u2019te bir AVM\u2019de eczanesini a\u00e7madan&#46;&#46;&#46;<\/p>\n","protected":false},"author":6,"featured_media":0,"comment_status":"closed","ping_status":"closed","sticky":false,"template":"","format":"standard","meta":{"_jetpack_memberships_contains_paid_content":false,"footnotes":""},"categories":[59],"tags":[],"class_list":["post-4228","post","type-post","status-publish","format-standard","hentry","category-ecz-murat-gumus"],"aioseo_notices":[],"jetpack_featured_media_url":"","jetpack_sharing_enabled":true,"jetpack-related-posts":[],"_links":{"self":[{"href":"http:\/\/www.ced.org.tr\/index.php?rest_route=\/wp\/v2\/posts\/4228","targetHints":{"allow":["GET"]}}],"collection":[{"href":"http:\/\/www.ced.org.tr\/index.php?rest_route=\/wp\/v2\/posts"}],"about":[{"href":"http:\/\/www.ced.org.tr\/index.php?rest_route=\/wp\/v2\/types\/post"}],"author":[{"embeddable":true,"href":"http:\/\/www.ced.org.tr\/index.php?rest_route=\/wp\/v2\/users\/6"}],"replies":[{"embeddable":true,"href":"http:\/\/www.ced.org.tr\/index.php?rest_route=%2Fwp%2Fv2%2Fcomments&post=4228"}],"version-history":[{"count":4,"href":"http:\/\/www.ced.org.tr\/index.php?rest_route=\/wp\/v2\/posts\/4228\/revisions"}],"predecessor-version":[{"id":4246,"href":"http:\/\/www.ced.org.tr\/index.php?rest_route=\/wp\/v2\/posts\/4228\/revisions\/4246"}],"wp:attachment":[{"href":"http:\/\/www.ced.org.tr\/index.php?rest_route=%2Fwp%2Fv2%2Fmedia&parent=4228"}],"wp:term":[{"taxonomy":"category","embeddable":true,"href":"http:\/\/www.ced.org.tr\/index.php?rest_route=%2Fwp%2Fv2%2Fcategories&post=4228"},{"taxonomy":"post_tag","embeddable":true,"href":"http:\/\/www.ced.org.tr\/index.php?rest_route=%2Fwp%2Fv2%2Ftags&post=4228"}],"curies":[{"name":"wp","href":"https:\/\/api.w.org\/{rel}","templated":true}]}}