{"id":4237,"date":"2012-04-03T01:55:50","date_gmt":"2012-04-02T22:55:50","guid":{"rendered":"http:\/\/www.ced.org.tr\/?p=4237"},"modified":"2014-06-10T00:10:10","modified_gmt":"2014-06-09T21:10:10","slug":"6197","status":"publish","type":"post","link":"http:\/\/www.ced.org.tr\/?p=4237","title":{"rendered":"6197"},"content":{"rendered":"<p style=\"color: #000000;\">Bug\u00fcn eczac\u0131l\u0131\u011f\u0131n g\u00fcndeminde iki tane y\u0131lan hikayesi var.<\/p>\n<p>Birincisi y\u0131llard\u0131r dillerden d\u00fc\u015fmeyen 6197 say\u0131l\u0131 Eczac\u0131lar ve Eczaneler Hakk\u0131nda Kanun, eczac\u0131 meslek \u00f6rg\u00fctlerinin siyasi iktidarla b\u00fcy\u00fck oranda mutabakata varmas\u0131yla ve eczane eczac\u0131lar\u0131n\u0131n da b\u00fcy\u00fck bir k\u0131sm\u0131n\u0131n deste\u011fiyle neredeyse hayata ge\u00e7irilecek gibi g\u00f6r\u00fcn\u00fcyor.<\/p>\n<p style=\"color: #000000;\">6197\u2019de yap\u0131lmas\u0131 d\u00fc\u015f\u00fcn\u00fclen de\u011fi\u015fiklerin belli ba\u015fl\u0131lar\u0131 k\u0131saca \u015f\u00f6yle:<\/p>\n<ol style=\"color: #000000;\">\n<li>Eczane a\u00e7\u0131l\u0131\u015f\u0131na il\u00e7e baz\u0131nda 3500 ki\u015fiye 1 eczane d\u00fc\u015fecek \u015fekilde s\u0131n\u0131rlama getirilmesi,<\/li>\n<li>Meslek i\u00e7i e\u011fitimlerin zorunlu hale getirilmesi,<\/li>\n<li>Has\u0131lat\u0131 y\u00fcksek eczac\u0131lar\u0131n yapt\u0131klar\u0131 has\u0131lata g\u00f6re 1 ya da 1\u2019den fazla yard\u0131mc\u0131 eczac\u0131 \u00e7al\u0131\u015ft\u0131rmak zorunda olmas\u0131,<\/li>\n<li>67 ya\u015f \u00fcst\u00fc eczac\u0131lar\u0131n yard\u0131mc\u0131 eczac\u0131 \u00e7al\u0131\u015ft\u0131rmak zorunda kalacak olmas\u0131,<\/li>\n<li>Eczac\u0131l\u0131k fak\u00fcltesi mezunlar\u0131n\u0131n eczac\u0131l\u0131k yapabilmesi i\u00e7in en az 1 y\u0131l yard\u0131mc\u0131 eczac\u0131l\u0131k yapma \u015fart\u0131n\u0131n getirilmesi,<\/li>\n<li>TEB Ba\u015fkanl\u0131k Divan\u0131na (Ba\u015fkan, Genel Sekreter, \u0130kinci Ba\u015fkan ve Sayman) Oda ba\u015fkanlar\u0131n\u0131n eczanelerine bir mesul m\u00fcd\u00fcr atanmas\u0131 ve \u00f6rg\u00fct b\u00fct\u00e7esinden kar\u015f\u0131lanmas\u0131,<\/li>\n<li>Eczanedeki \u00fcr\u00fcn gam\u0131n\u0131n artt\u0131r\u0131lmas\u0131,<\/li>\n<li>Re\u00e7ete kay\u0131t defteri tutma zorunlulu\u011fun kald\u0131r\u0131larak dijital ortamda tutulan kayda serbestlik getirilmesi,<\/li>\n<li>Eczac\u0131n\u0131n tan\u0131m\u0131n\u0131n kanuna eklenmesi,<\/li>\n<\/ol>\n<p style=\"color: #000000;\">Peki eczac\u0131n\u0131n akl\u0131na gelmiyor mu: Bayram de\u011fil, seyran de\u011fil, eni\u015ftem beni niye \u015fimdi \u00f6pt\u00fc?<\/p>\n<p>Sa\u011fl\u0131kta D\u00f6n\u00fc\u015f\u00fcm Program\u0131n\u0131n uygulay\u0131c\u0131s\u0131 AKP H\u00fck\u00fcmeti, program\u0131 t\u00fcm ac\u0131mas\u0131zl\u0131\u011f\u0131yla s\u00fcrd\u00fcr\u00fcyor ve oylar\u0131n hat\u0131r\u0131 say\u0131l\u0131r bir k\u0131sm\u0131n\u0131n sa\u011fl\u0131ktan toplamaya devam ediyor. Sa\u011fl\u0131k alan\u0131n\u0131 sil ba\u015ftan de\u011fi\u015ftiren \u201creformlar\u201d (bize g\u00f6re y\u0131k\u0131mlar) ba\u015fta T\u00fcrk Tabipleri Birli\u011fi ve sendikalar olmak \u00fczere sa\u011fl\u0131k emek\u00e7isi kesimin b\u00fcy\u00fck tepkisini \u00e7ekerken, d\u00f6n\u00fc\u015f\u00fcm\u00fcn en fazla can yakmaya ba\u015flayan k\u0131sm\u0131 olan \u201cila\u00e7\u201d konusunda eczac\u0131lar\u0131n tepe \u00f6rg\u00fct\u00fc TEB suskunlu\u011funu koruyor. TEB, 6197 ile suskunlu\u011funun \u00f6d\u00fcl\u00fcn\u00fc m\u00fc al\u0131yor?<\/p>\n<p>Ya da AKP h\u00fck\u00fcmetinin kontrol alt\u0131nda tutabildi\u011fi ve y\u00f6nlendirebildi\u011fi T\u00fcrk Eczac\u0131lar\u0131 Birli\u011fi\u2019nin devam\u0131 m\u0131 isteniyor? Bunun i\u00e7in de bir \u201cba\u015far\u0131 \u00f6yk\u00fcs\u00fc\u201d yazma olana\u011f\u0131 verilen mevcut TEB y\u00f6netiminin 6197 \u00fczerinden yapaca\u011f\u0131 propagandayla \u00f6n\u00fcm\u00fczdeki se\u00e7imlere daha g\u00fc\u00e7l\u00fc girmesi ve iktidar\u0131n\u0131 devam ettirmesi mi ama\u00e7lan\u0131yor? \u00d6zellikle 2012 SGK protokol\u00fcnden sonra hayal k\u0131r\u0131kl\u0131\u011f\u0131na u\u011frayan eczac\u0131 taban\u0131n\u0131n TEB\u2019e olan tepkisinin hafifletilmesi mi isteniyor?<\/p>\n<p>Yeri gelmi\u015fken TEB ile SGK aras\u0131ndaki 2012 Y\u0131l\u0131 \u0130la\u00e7 Al\u0131m Protokol\u00fc\u2019n\u00fcn 14 Haziran 2015\u2019te yap\u0131lacak genel se\u00e7imlerden sonra 2 hafta sonra bitecek \u015fekilde imzaland\u0131\u011f\u0131n\u0131 hat\u0131rlatmakta fayda var.<\/p>\n<p>6197 taslak her ne kadar eczac\u0131 meslek \u00f6rg\u00fctleriyle var\u0131lan mutabakat neticesinde olu\u015fsa da ba\u015fta yeni uygulamalardan en \u00e7ok etkilenecek olan eczac\u0131 adaylar\u0131n\u0131n yeti\u015fti\u011fi eczac\u0131l\u0131k fak\u00fcltesi \u00f6\u011frencileriyle ve eczac\u0131 meslekta\u015flar\u0131m\u0131zla tart\u0131\u015f\u0131lan platformlar\u0131n s\u00fczgecinden ge\u00e7erek hayata ge\u00e7irilmesi gerekliydi.<\/p>\n<p>23 Martta \u0130stanbul Kongre Merkezi\u2019nde ger\u00e7ekle\u015fen ve eczac\u0131l\u0131\u011f\u0131n konu\u015fuldu\u011fu panelde s\u00f6z Meclis Genel Kurulu\u2019na gelmek \u00fczere olan 6197\u2019den a\u00e7\u0131l\u0131nca Mehmet Doma\u00e7 k\u00fcrs\u00fcye davet edildi. Her zamanki gibi kendisinin ne kadar ileri g\u00f6r\u00fc\u015fl\u00fc biri oldu\u011funu ve s\u0131kl\u0131kla verdi\u011fi Fransa\u2019da 54 bin eczac\u0131ya kar\u015f\u0131l\u0131k 22 bin eczane oldu\u011fu \u00f6rnek fasl\u0131n\u0131 ge\u00e7tikten sonra tasla\u011f\u0131n son halini \u00f6zetledi. Ard\u0131ndan da T\u00fcrkiye\u2019de bug\u00fcn oldu\u011fu gibi 40 y\u0131l \u00f6nce de eczac\u0131l\u0131\u011f\u0131n bitece\u011finin s\u00f6ylendi\u011fini dile getirdi.<\/p>\n<p>Bug\u00fcn yakla\u015f\u0131k 32 bin eczac\u0131, 24.311 eczane var. T\u00fcrkiye n\u00fcfusu 74.724.269 ki\u015fi. Eczane ba\u015f\u0131na 3074 ki\u015fi, eczac\u0131 ba\u015f\u0131na da yakla\u015f\u0131k 2350 ki\u015fi d\u00fc\u015fmekte. 2004\u2019te 11 eczac\u0131l\u0131k fak\u00fcltesi varken bug\u00fcn 19 eczac\u0131l\u0131k fak\u00fcltesi var. 6 fak\u00fcltenin kurulu\u015fu da resmile\u015fmi\u015f durumda. 2004\u2019te 925 olan eczac\u0131l\u0131k fak\u00fcltelerinin toplam \u00d6SYM kontenjan\u0131 2011\u2019de 1509. Her y\u0131l bir \u00f6nceki y\u0131la g\u00f6re %7,24 oran\u0131nda b\u00fcy\u00fcm\u00fc\u015f. B\u00f6yle devam ederse 2025 y\u0131l\u0131na geldi\u011fimizde 60 bin meslekta\u015f\u0131m\u0131z olacak. Eczac\u0131 say\u0131s\u0131ndaki bu art\u0131\u015fa ra\u011fmen Devlet Planlama Te\u015fkilat\u0131 verilerine g\u00f6re T\u00fcrkiye n\u00fcfusu 87.756.000 olacak. Yani n\u00fcfus art\u0131\u015f h\u0131z\u0131, eczac\u0131 art\u0131\u015f h\u0131z\u0131n\u0131n \u00e7ok gerisinde. \u00dclkemizde de Say\u0131n Doma\u00e7\u2019\u0131n s\u00fcrekli verdi\u011fi Fransa \u00f6rne\u011findeki gibi eczane d\u0131\u015f\u0131nda eczane eczac\u0131s\u0131 istihdam\u0131 olmayaca\u011f\u0131 gayet a\u00e7\u0131k.<\/p>\n<p>Peki 6197\u2019deki yap\u0131lacak de\u011fi\u015fiklikler a\u015fa\u011f\u0131da s\u0131ralad\u0131\u011f\u0131m sorunlar\u0131 \u00e7\u00f6zecek mi?<\/p>\n<p>1. T\u00fcm yetersizli\u011fine ra\u011fmen yeni eczac\u0131l\u0131k fak\u00fclteleri a\u00e7\u0131l\u0131yor ve kontenjanlar\u0131 artt\u0131r\u0131l\u0131yor.<br \/>\n2. Eczac\u0131n\u0131n eczane eczac\u0131l\u0131\u011f\u0131 d\u0131\u015f\u0131nda istihdam\u0131n\u0131 artt\u0131rmaya y\u00f6nelik hi\u00e7 bir geli\u015fme yok.<br \/>\n3. T\u00fcrk Eczac\u0131lar\u0131 Birli\u011fi B\u00fcy\u00fck Kongrece karar alt\u0131na al\u0131narak 1998 y\u0131l\u0131nda TEB Yard\u0131mla\u015fma Sand\u0131\u011f\u0131 Y\u00f6netmeli\u011fine eklenen\u00a0<em>\u201cemeklilik i\u015flemlerinin d\u00fczenlenmesini ve y\u00fcr\u00fct\u00fclmesini sa\u011flamak\u201d<\/em>vazifesini halen daha hayata ge\u00e7irebilmi\u015f de\u011fil.<br \/>\n4. 663 Say\u0131l\u0131 KHK ile kurulu\u015fu ba\u015flat\u0131lm\u0131\u015f, 7 mart 2012 tarihli Resmi Gazete\u2019de yay\u0131mlanan y\u00f6netmelikle de yap\u0131s\u0131 ve i\u015fleyi\u015fi belirginle\u015fmi\u015f T\u00fcrkiye \u0130la\u00e7 ve T\u0131bbi Cihaz Kurumuyla ilgili mevzuatta halen \u201ceczac\u0131\u201d ve \u201ceczane\u201d kavramlar\u0131n\u0131n yer almam\u0131\u015f olmas\u0131, ilac\u0131n eczane d\u0131\u015f\u0131na \u00e7\u0131kmas\u0131 endi\u015felerimizi giderememi\u015ftir.<br \/>\n5. \u0130la\u00e7 sekt\u00f6r\u00fc pastas\u0131nda eczac\u0131n\u0131n pay\u0131na d\u00fc\u015fen dilim s\u00fcrekli k\u00fc\u00e7\u00fclmektedir.<\/p>\n<p>O halde bunun bir tek anlam\u0131 var.<\/p>\n<p>1. Eczac\u0131n\u0131n eme\u011fi ucuzlat\u0131lmak istenmektedir.<br \/>\n2. Eczac\u0131 istihdam\u0131 sorunu ve eczanelere d\u00fc\u015fen pastan\u0131n payla\u015f\u0131lmas\u0131ndaki adaletsizli\u011fin giderek artmas\u0131 sorunu yine eczac\u0131n\u0131n pay\u0131na d\u00fc\u015fen dilimin d\u0131\u015f\u0131na \u00e7\u0131kmamaktad\u0131r.<br \/>\n3. Mesle\u011fe yeni ad\u0131m atacak olan gen\u00e7 arkada\u015flar\u0131m\u0131za \u201cya kaleye ge\u00e7ersin ya da top bizim, oynatmay\u0131z\u201d denilmektedir.<\/p>\n<p>Tasla\u011f\u0131n en \u00f6nemli maddesi olan n\u00fcfusa g\u00f6re il\u00e7e baz\u0131nda en fazla 3500 ki\u015fiye 1 eczane d\u00fc\u015fecek \u015fekilde s\u0131n\u0131rlama getirilmesi. Bu yasan\u0131n 1928\u2019de getirilen \u201ctahdit\u201dten, yani eczane ba\u015f\u0131na 10 bin ki\u015fi s\u0131n\u0131rlamas\u0131ndan sonra eczane eczac\u0131l\u0131\u011f\u0131 alan\u0131nda yap\u0131lacak en k\u00f6kl\u00fc de\u011fi\u015fimlerden biri olaca\u011f\u0131n\u0131 kabul etmek gerekir.<\/p>\n<p>Eldeki verileri kullanarak kabaca bir hesap yaparsak \u0130stanbul\u2019da eczane ba\u015f\u0131na 3500\u2019den fazla ki\u015fi d\u00fc\u015fmeyen il\u00e7elerin Arnavutk\u00f6y, Ba\u015fak\u015fehir, Sultangazi, Esenyurt, Sancaktepe, Beylikd\u00fcz\u00fc, \u00c7ekmek\u00f6y, Ata\u015fehir, Esenler, Ey\u00fcp, Ba\u011fc\u0131lar, Sultanbeyli, Tuzla oldu\u011funu g\u00f6r\u00fcr\u00fcz. Kad\u0131k\u00f6y, B\u00fcy\u00fck\u00e7ekmece, Fatih, Be\u015fikta\u015f, Adalar, Bak\u0131rk\u00f6y, \u015ei\u015fli il\u00e7eleri de ka\u011f\u0131t \u00fczerinde eczaneye en doygun il\u00e7elerdir. \u015e\u00fcphesiz bunda bu il\u00e7elerde ya\u015fayan halk\u0131n eczaneden faydalanma al\u0131\u015fkanl\u0131\u011f\u0131n\u0131n farkl\u0131l\u0131\u011f\u0131n\u0131n da pay\u0131 vard\u0131r.<\/p>\n<p>\u00d6zellikle hen\u00fcz eczac\u0131l\u0131k fak\u00fcltesine girmemi\u015f gen\u00e7lerin ise Kad\u0131k\u00f6y\u2019de eczane a\u00e7malar\u0131 herhalde ben \u00f6lene kadar ihtimal dahilinde de\u011fildir. Bu arada ergenlikten \u00e7\u0131kal\u0131 \u00e7ok fazla sene ge\u00e7medi\u011fini de\u00a0belirtmek isterim.<\/p>\n<p>\u015eu anda eczac\u0131 olma s\u0131fat\u0131na hak kazanm\u0131\u015f ya da eczac\u0131l\u0131k fak\u00fcltesinde okuyan \u00f6\u011frencilerin ise bir defaya mahsus olmak \u00fczere s\u0131n\u0131rlamalara tak\u0131lmaks\u0131z\u0131n eczane a\u00e7ma, devretme ve nakletme jokerleri ceptedir.<\/p>\n<p>Umar\u0131m eczanelere getirilen s\u0131n\u0131rlaman\u0131n, SSK\u2019l\u0131 hastalar\u0131n serbest eczanelerden ila\u00e7 temin etmeye ba\u015flamas\u0131 ve ila\u00e7 fiyatlar\u0131n\u0131n d\u00fc\u015f\u00fcr\u00fclmesinde oldu\u011fu gibi siyasi iktidar\u0131n se\u00e7im malzemesi haline gelmesine g\u00f6z yumulmamal\u0131d\u0131r. Kimse \u201c<em>Eczaneleri s\u0131n\u0131rland\u0131rd\u0131k, eczanesi olmayan yerlere eczane a\u00e7\u0131lmas\u0131n\u0131 sa\u011flad\u0131k\u201d<\/em>\u00a0diyerek oy toplamaya kalk\u0131\u015fmamal\u0131d\u0131r.<\/p>\n<p>E\u011fer eczac\u0131l\u0131\u011f\u0131n gelece\u011fini \u015fekillendireceksek, ben de birka\u00e7 \u00f6neride bulunmak isterim:<\/p>\n<p>1. Eczac\u0131l\u0131k fak\u00fcltelerinin yeni a\u00e7\u0131lacak olanlar\u0131 derhal kapat\u0131lmal\u0131, kontenjanlar\u0131 demografik g\u00f6stergeler do\u011frultusunda yeniden d\u00fczenlenmelidir.<br \/>\n2. TEB\u2019in vazifesi olan eczac\u0131 emeklili\u011fi, yorgun ve ya\u015fl\u0131 eczac\u0131 b\u00fcy\u00fcklerimiz eczanelerinde vefat etmeden \u00f6nce bir an \u00f6nce hayata ge\u00e7irilmelidir.<br \/>\n3. Yeni kurulan T\u00fcrkiye \u0130la\u00e7 Kurumu\u2019nda, Sa\u011fl\u0131k Bakanl\u0131\u011f\u0131 b\u00fcnyesinde ve Sa\u011fl\u0131k Bakanl\u0131\u011f\u0131\u2019na ba\u011fl\u0131 hastanelerde eczac\u0131 istihdam\u0131 artt\u0131r\u0131larak g\u00f6rev yapacak eczac\u0131lara getirilen KPSS s\u0131nav\u0131 \u015fart\u0131 kald\u0131r\u0131lmal\u0131d\u0131r.<br \/>\n4. Eczane s\u0131n\u0131rlamas\u0131nda \u00f6rnek ald\u0131\u011f\u0131m\u0131z \u00fclkelerde oldu\u011fu gibi Klinik Eczac\u0131l\u0131k uygulamas\u0131 hayata ge\u00e7irilerek eczac\u0131n\u0131n ila\u00e7la ilgili alanlarda daha \u00e7ok s\u00f6z sahibi olmas\u0131 sa\u011flanmal\u0131d\u0131r.<br \/>\n5. Eczanelerdeki \u00fcr\u00fcn gam\u0131n\u0131n geni\u015fletilmesi ve tedavi edici \u00f6zellik ta\u015f\u0131yan \u00fcr\u00fcnlerin eczane d\u0131\u015f\u0131nda sat\u0131lmamas\u0131 ka\u011f\u0131t \u00fczerinde kalmamal\u0131d\u0131r.<br \/>\n6. Mevzuatla s\u0131n\u0131rl\u0131 kalsa dahi her ne kadar Sa\u011fl\u0131k Bakanl\u0131\u011f\u0131\u2019n\u0131n ve TEB\u2019in yerli ila\u00e7 sanayisini te\u015fvik etmesi g\u00f6revleri aras\u0131nda yer al\u0131yorsa, ayn\u0131 kurumlar\u0131n ila\u00e7 sanayisinde daha \u00e7ok eczac\u0131 istihdam edilmesini te\u015fvik etmesi de g\u00f6revleri aras\u0131nda yer almal\u0131d\u0131r.<br \/>\n7. Uzun y\u0131llar \u00f6nce eczac\u0131 eksikli\u011fi nedeniyle eczac\u0131 olmayan meslek gruplar\u0131 (kimyager, biyolog, vs.) ila\u00e7 sanayisinde do\u011frudan eczac\u0131l\u0131kla ilgili alanlarda do\u011frudan yetkili k\u0131l\u0131nd\u0131ysa, ayn\u0131 \u015fekilde bu yetkiler eczac\u0131n\u0131n avantaj\u0131na olacak \u015fekilde yeniden d\u00fczenlenmelidir.<\/p>\n<p>Y\u0131llard\u0131r beklenen ve mesle\u011fimizi ileriye ta\u015f\u0131yacak uygulamalar\u0131 i\u00e7eren 6197, ancak bu d\u00fczenlemelerle beraber an\u0131ld\u0131\u011f\u0131nda anlaml\u0131 olacakt\u0131r.<\/p>\n<p>Bug\u00fcn yap\u0131lan 6197 hamlesi, bug\u00fcn\u00fcn eczac\u0131lar\u0131n\u0131n gelece\u011finin gelece\u011fin eczac\u0131lar\u0131 \u00fczerinden iyile\u015ftirilmesi anlam\u0131 ta\u015f\u0131makta, stat\u00fckocu bir yakla\u015f\u0131m i\u00e7ermekte ve gelece\u011fin mutsuz meslek gruplar\u0131na bir yenisini daha eklemektedir. E\u011fer son duyumlar do\u011fruysa, taslaktaki\u00a0<em>Meslek \u0130\u00e7i E\u011fitimlerin zorunlu olmas\u0131 ve 67 ya\u015f \u00fcst\u00fc eczac\u0131lara yard\u0131mc\u0131 eczac\u0131 \u00e7al\u0131\u015ft\u0131rma zorunlulu\u011fu getirilmesi<\/em>ne ili\u015fkin maddelerin \u00e7\u0131kar\u0131lm\u0131\u015ft\u0131r. Bu da stat\u00fckocu yakla\u015f\u0131m\u0131 do\u011frular niteliktedir.<\/p>\n<p>Eczac\u0131l\u0131k mesle\u011finin gelece\u011fi \u015fekillendirilirken, bunun bir bayrak yar\u0131\u015f\u0131 oldu\u011funda hareketle mesle\u011fin en az 50, 60 hatta 100 y\u0131l sonraki durumu da \u00f6ng\u00f6r\u00fclmek zorundad\u0131r . Aksi takdirde ya\u015fanabilecek t\u00fcm olumsuzluklar\u0131n sorumlusu bug\u00fcn\u00fc \u015fekillendiren eczac\u0131lar olacakt\u0131r.<\/p>\n<p>6197 ile ilgili y\u0131lan hikayesi burada bitiyor. Gelelim di\u011fer y\u0131lan hikayesine:<\/p>\n<p>Ge\u00e7ti\u011fimiz g\u00fcnlerde Sa\u011fl\u0131k Bakanl\u0131\u011f\u0131, hekimli\u011fin sembol\u00fc olan \u201casaya sar\u0131lm\u0131\u015f y\u0131lan\u201d\u0131 logosundan \u00e7\u0131kararak yerine yukar\u0131ya bakan ayy\u0131ld\u0131z\u0131n i\u00e7ine ne yapt\u0131\u011f\u0131 belli olmayan bir \u00e7ocuk yerle\u015ftirdi. Ayn\u0131 \u015fekilde k\u0131sa bir s\u00fcre \u00f6nce de \u0130la\u00e7 ve Eczac\u0131l\u0131k Genel M\u00fcd\u00fcrl\u00fc\u011f\u00fc, yeni ad\u0131yla \u0130la\u00e7 Kurumu, logosundan eczac\u0131l\u0131\u011f\u0131n sembol\u00fc olan \u201ckadehe sar\u0131lm\u0131\u015f\u201d y\u0131lan\u0131 \u00e7\u0131kararak Sa\u011fl\u0131k Bakanl\u0131\u011f\u0131\u2019n\u0131n yeni logosunu kullanmaya ba\u015flad\u0131.<\/p>\n<p>\u015eimdi soruyorum, y\u0131lan geri gelecek mi? Yoksa \u0130la\u00e7 ve Eczac\u0131l\u0131k Genel M\u00fcd\u00fcrl\u00fc\u011f\u00fc\u2019nden \u201ceczac\u0131\u201d kelimesinin \u00e7\u0131kar\u0131ld\u0131\u011f\u0131 gibi, eczac\u0131l\u0131\u011f\u0131n g\u00f6zden \u00e7\u0131kar\u0131ld\u0131\u011f\u0131 gibi, eczac\u0131l\u0131\u011f\u0131n sembol\u00fc kadehe sar\u0131lm\u0131\u015f vaziyette panzehirinin \u00e7\u0131kar\u0131lmas\u0131n\u0131 bekleyen \u201czavall\u0131 y\u0131lan\u201d da m\u0131 g\u00f6zden \u00e7\u0131kar\u0131ld\u0131?<\/p>\n<p><em><br \/>\nHavanhaber.org sitesinden al\u0131nt\u0131d\u0131r.<\/em><\/p>\n","protected":false},"excerpt":{"rendered":"<p>Bug\u00fcn eczac\u0131l\u0131\u011f\u0131n g\u00fcndeminde iki tane y\u0131lan hikayesi var. Birincisi y\u0131llard\u0131r dillerden d\u00fc\u015fmeyen 6197 say\u0131l\u0131 Eczac\u0131lar ve Eczaneler Hakk\u0131nda Kanun, eczac\u0131&#46;&#46;&#46;<\/p>\n","protected":false},"author":6,"featured_media":0,"comment_status":"closed","ping_status":"closed","sticky":false,"template":"","format":"standard","meta":{"_jetpack_memberships_contains_paid_content":false,"footnotes":""},"categories":[59],"tags":[],"class_list":["post-4237","post","type-post","status-publish","format-standard","hentry","category-ecz-murat-gumus"],"aioseo_notices":[],"jetpack_featured_media_url":"","jetpack_sharing_enabled":true,"jetpack-related-posts":[],"_links":{"self":[{"href":"http:\/\/www.ced.org.tr\/index.php?rest_route=\/wp\/v2\/posts\/4237","targetHints":{"allow":["GET"]}}],"collection":[{"href":"http:\/\/www.ced.org.tr\/index.php?rest_route=\/wp\/v2\/posts"}],"about":[{"href":"http:\/\/www.ced.org.tr\/index.php?rest_route=\/wp\/v2\/types\/post"}],"author":[{"embeddable":true,"href":"http:\/\/www.ced.org.tr\/index.php?rest_route=\/wp\/v2\/users\/6"}],"replies":[{"embeddable":true,"href":"http:\/\/www.ced.org.tr\/index.php?rest_route=%2Fwp%2Fv2%2Fcomments&post=4237"}],"version-history":[{"count":7,"href":"http:\/\/www.ced.org.tr\/index.php?rest_route=\/wp\/v2\/posts\/4237\/revisions"}],"predecessor-version":[{"id":4323,"href":"http:\/\/www.ced.org.tr\/index.php?rest_route=\/wp\/v2\/posts\/4237\/revisions\/4323"}],"wp:attachment":[{"href":"http:\/\/www.ced.org.tr\/index.php?rest_route=%2Fwp%2Fv2%2Fmedia&parent=4237"}],"wp:term":[{"taxonomy":"category","embeddable":true,"href":"http:\/\/www.ced.org.tr\/index.php?rest_route=%2Fwp%2Fv2%2Fcategories&post=4237"},{"taxonomy":"post_tag","embeddable":true,"href":"http:\/\/www.ced.org.tr\/index.php?rest_route=%2Fwp%2Fv2%2Ftags&post=4237"}],"curies":[{"name":"wp","href":"https:\/\/api.w.org\/{rel}","templated":true}]}}