{"id":4240,"date":"2010-09-30T02:18:11","date_gmt":"2010-09-29T23:18:11","guid":{"rendered":"http:\/\/www.ced.org.tr\/?p=4240"},"modified":"2014-05-21T02:20:23","modified_gmt":"2014-05-20T23:20:23","slug":"its-light","status":"publish","type":"post","link":"http:\/\/www.ced.org.tr\/?p=4240","title":{"rendered":"\u0130TS Light"},"content":{"rendered":"<p><span style=\"color: #000000;\">Tam sular duruldu, her \u015feye al\u0131\u015f\u0131ld\u0131 derken ge\u00e7ti\u011fimiz g\u00fcnlerde \u0130la\u00e7 Takip Sistemi ile ilgili bir genelge daha yay\u0131mland\u0131. 1 Eyl\u00fcl 2010 tarihli ve 2010\/63 say\u0131l\u0131 \u0130la\u00e7 ve Eczac\u0131l\u0131k Genel M\u00fcd\u00fcrl\u00fc\u011f\u00fc genelgesi. \u0130stanbul Eczac\u0131 Odas\u0131\u2019n\u0131n \u201c\u0130TS\u2019nin iflas belgesi\u201d olarak nitelendirdi\u011fi bu genelge ile ge\u00e7ici karekodlar\u0131n (G2D) \u00fczerinde yer alan sanal son kullanma tarihi 31.12.2010 tarihinden 31.12.2020 tarihine ertelendi. Gerek\u00e7esi de \u015f\u00f6yle a\u00e7\u0131kland\u0131: \u00a0<\/span><em style=\"color: #000000;\">\u201c\u0130la\u00e7 firmalar\u0131 ve ecza depolar\u0131 ile yap\u0131lan iki toplant\u0131da iade edilen \u00fcr\u00fcnler aras\u0131nda \u2018etiketi s\u00f6k\u00fclm\u00fc\u015f G2D\u2019li \u00fcr\u00fcnler\u2019 bulundu\u011fu ve \u2018eczanelerin G2D\u2019li \u00fcr\u00fcnleri almak istemedikleri\u2019 bilgisi edinilmi\u015ftir. Konu incelendi\u011finde problemin \u00fcr\u00fcnler \u00fczerinde yer alan sanal son kullanma tarihi ile ilgili oldu\u011fu g\u00f6r\u00fclm\u00fc\u015ft\u00fcr.\u201d<\/em><\/p>\n<p style=\"color: #000000;\">Yani problemin sanal son kullanma tarihinden kaynakland\u0131\u011f\u0131n\u0131 anlayabilmek i\u00e7in konuyu incelemek gerekiyormu\u015f. Ne yaz\u0131k ki Bakanl\u0131\u011f\u0131m\u0131z bu durumu firmalar\u0131n sorumlulu\u011fundaki karekodlama i\u015flemini kolayla\u015ft\u0131rmak i\u00e7in icat etti\u011fi \u201csanal parti numaras\u0131\u201d ve \u201csanal son kullanma tarihi\u201dni tan\u0131mlarken ve b\u00fct\u00fcn ge\u00e7ici karekodlar\u0131n (G2D) son kullanma tarihini 31.12.2010 olarak belirlerken fark edemedi de ila\u00e7 firmalar\u0131 ve ecza depolar\u0131 \u00fcr\u00fcnlerini satamay\u0131nca fark edebildi. Halbuki \u0130stanbul Eczac\u0131 Odas\u0131 bu ger\u00e7e\u011fi ve olas\u0131 zararlar\u0131n\u0131 bu duyuru yap\u0131l\u0131r yap\u0131lmaz a\u00e7\u0131klam\u0131\u015f ve hukuki s\u00fcreci ba\u015flatm\u0131\u015ft\u0131.<\/p>\n<p style=\"color: #000000;\">Matematikte \u201csanal say\u0131lar\u201d olarak tan\u0131mlanan say\u0131lar vard\u0131r. Sanal say\u0131lar\u0131n \u00f6zelli\u011fi ger\u00e7ekte var olmayan ya da bir \u00e7oklu\u011fu belirtmeyen say\u0131lar\u0131n denklemin \u00e7\u00f6z\u00fcm\u00fcn\u00fc kolayla\u015ft\u0131rmas\u0131d\u0131r. \u00d6rne\u011fin \u221a-1 (karek\u00f6k -1). Bu say\u0131lar \u201ci\u201d harfi ile tan\u0131mlan\u0131r. \u201ci\u201d harfi \u201cimagine\u201d kelimesinden gelmektedir. \u201c\u0130mec\u0131n\u0131\u201d bir hayli geni\u015f \u0130TS yaz\u0131l\u0131mc\u0131lar\u0131 da bunu fark etmi\u015f olacaklar ki ger\u00e7ekte var olmayan son kullanma tarihleri i\u00e7in de bu y\u00f6ntemi kulland\u0131lar. Sonra da Bakanl\u0131k \u201ci\u201dye istedi\u011fi de\u011feri verdi. \u00d6nce 31.12.2010 sonra da 31.12.2020. Ben de istersem 31.02.2068 tarihini verebilirim keza.<\/p>\n<p style=\"color: #000000;\">Ama her \u015fey bir yana, bunlar bo\u015funa \u00e7abalard\u0131. Neden mi? \u00c7\u00fcnk\u00fc \u0130la\u00e7 Takip Sistemi parti numaras\u0131n\u0131 ve son kullanma tarihini sorgulam\u0131yor! Karekodu okutun ve son kullanma tarihini tan\u0131mlayan (17)\u2019den sonra ba\u015flayan haneyi de\u011fi\u015ftirin. Son kullanma tarihini ge\u00e7ti\u011fimiz bir tarih olarak ayarlad\u0131\u011f\u0131n\u0131zda hatta parti numaras\u0131 yerine \u201cJERARD\u00d6PARD\u0130Y\u00d6\u201d yazsd\u0131\u011f\u0131n\u0131zda bile sistemin onay verdi\u011fini g\u00f6receksiniz.<\/p>\n<p style=\"color: #000000;\">\u015eu soru akla geliyor: Madem yaln\u0131zca barkodu (GTIN) ve kutuya \u00f6zg\u00fc seri numaras\u0131n\u0131 takip eden bir sistem yap\u0131lacakt\u0131, neden 4 tip bilgi i\u00e7eren datamatrix sistemi se\u00e7ildi? \u0130talya\u2019da kullan\u0131lan \u201cBollino\u201d gibi 2 barkodlu (biri 9 haneli \u00fcr\u00fcn kodu, di\u011feri kutuya \u00f6zg\u00fc seri numaras\u0131) bir sistem kullanmak daha uygun de\u011fil miydi? \u00dcstelik karekod okuyucu i\u00e7in ekstra masraf yapmaya mecbur kalmazd\u0131k.<\/p>\n<p style=\"color: #000000;\">Yine 2010\/63 say\u0131l\u0131 genelgede ye\u015fil ve k\u0131rm\u0131z\u0131 re\u00e7ete ile sat\u0131labilen ila\u00e7lar i\u00e7in \u015fu ibareler yer al\u0131yor:\u00a0<em>\u201cBu \u00fcr\u00fcnler i\u00e7in Sosyal G\u00fcvenlik Kurumlar\u0131nca yap\u0131lan eczane \u00f6demelerinde eskiden oldu\u011fu gibi kup\u00fcr kesme i\u015flemine devam edilmesi veya \u0130la\u00e7 Takip Sistemi d\u0131\u015f\u0131nda geli\u015ftirilebilecek ba\u015fka bir model kullan\u0131lmas\u0131 gerekmektedir.\u201d<\/em><\/p>\n<p style=\"color: #000000;\">Tamam can\u0131m sen dert etme, biz geli\u015ftiririz.<\/p>\n<p style=\"color: #000000;\">Asl\u0131nda hi\u00e7bir \u015fey de\u011fi\u015fmedi. Sa\u011fl\u0131k Bakanl\u0131\u011f\u0131 milyonlarca lira yat\u0131r\u0131m yapt\u0131. Eczac\u0131lar \u00fc\u00e7er-be\u015fer karekod okuyucular ald\u0131, eczane yaz\u0131l\u0131mlar\u0131na ve bilgisayarc\u0131lara paralar ak\u0131tt\u0131, kafalar patlat\u0131ld\u0131, hastalarla papaz olundu. Ama ne ila\u00e7 \u00fcreticiden hastaya kadar izlendi, ne sahtecili\u011fin \u00f6n\u00fcne ge\u00e7ildi ne de farmakovijilans takibi yap\u0131ld\u0131. Geri \u00e7ekilen onlarca \u00fcr\u00fcn\u00fcn hangisinde parti numaralar\u0131ndan yararlan\u0131ld\u0131? Yararlan\u0131lamaz da. Bir \u015feyler t\u0131k\u0131r t\u0131k\u0131r i\u015fliyor ama \u0130TS olmad\u0131\u011f\u0131 kesin. Olsa olsa \u201c\u0130TS\u00a0<em>light<\/em>\u201d olabilir sadece.<\/p>\n<p style=\"color: #000000;\">Bu arada, bir \u0130brahim Nay\u0131r vard\u0131. Sahi ne oldu ona?<\/p>\n<p style=\"color: #000000;\">\n<p style=\"color: #000000;\"><em>Havanhaber.org sitesinden al\u0131nt\u0131d\u0131r.<\/em><\/p>\n","protected":false},"excerpt":{"rendered":"<p>Tam sular duruldu, her \u015feye al\u0131\u015f\u0131ld\u0131 derken ge\u00e7ti\u011fimiz g\u00fcnlerde \u0130la\u00e7 Takip Sistemi ile ilgili bir genelge daha yay\u0131mland\u0131. 1 Eyl\u00fcl&#46;&#46;&#46;<\/p>\n","protected":false},"author":6,"featured_media":0,"comment_status":"closed","ping_status":"closed","sticky":false,"template":"","format":"standard","meta":{"_jetpack_memberships_contains_paid_content":false,"footnotes":""},"categories":[59],"tags":[],"class_list":["post-4240","post","type-post","status-publish","format-standard","hentry","category-ecz-murat-gumus"],"aioseo_notices":[],"jetpack_featured_media_url":"","jetpack_sharing_enabled":true,"jetpack-related-posts":[],"_links":{"self":[{"href":"http:\/\/www.ced.org.tr\/index.php?rest_route=\/wp\/v2\/posts\/4240","targetHints":{"allow":["GET"]}}],"collection":[{"href":"http:\/\/www.ced.org.tr\/index.php?rest_route=\/wp\/v2\/posts"}],"about":[{"href":"http:\/\/www.ced.org.tr\/index.php?rest_route=\/wp\/v2\/types\/post"}],"author":[{"embeddable":true,"href":"http:\/\/www.ced.org.tr\/index.php?rest_route=\/wp\/v2\/users\/6"}],"replies":[{"embeddable":true,"href":"http:\/\/www.ced.org.tr\/index.php?rest_route=%2Fwp%2Fv2%2Fcomments&post=4240"}],"version-history":[{"count":1,"href":"http:\/\/www.ced.org.tr\/index.php?rest_route=\/wp\/v2\/posts\/4240\/revisions"}],"predecessor-version":[{"id":4241,"href":"http:\/\/www.ced.org.tr\/index.php?rest_route=\/wp\/v2\/posts\/4240\/revisions\/4241"}],"wp:attachment":[{"href":"http:\/\/www.ced.org.tr\/index.php?rest_route=%2Fwp%2Fv2%2Fmedia&parent=4240"}],"wp:term":[{"taxonomy":"category","embeddable":true,"href":"http:\/\/www.ced.org.tr\/index.php?rest_route=%2Fwp%2Fv2%2Fcategories&post=4240"},{"taxonomy":"post_tag","embeddable":true,"href":"http:\/\/www.ced.org.tr\/index.php?rest_route=%2Fwp%2Fv2%2Ftags&post=4240"}],"curies":[{"name":"wp","href":"https:\/\/api.w.org\/{rel}","templated":true}]}}