{"id":4294,"date":"2014-05-26T14:00:25","date_gmt":"2014-05-26T11:00:25","guid":{"rendered":"http:\/\/www.ced.org.tr\/?p=4294"},"modified":"2014-06-05T14:40:28","modified_gmt":"2014-06-05T11:40:28","slug":"milupa-icin-80-ilde-toplatma-karari","status":"publish","type":"post","link":"http:\/\/www.ced.org.tr\/?p=4294","title":{"rendered":"Milupa i\u00e7in 80 ilde toplatma karar\u0131"},"content":{"rendered":"<p><strong>G\u0131da, Tar\u0131m ve Hayvanc\u0131l\u0131k Bakanl\u0131\u011f\u0131, GDO&#8217;lu Milupa&#8217;lar\u0131n toplat\u0131lmas\u0131 i\u00e7in, 80 il Valili\u011fi&#8217;ne yaz\u0131 g\u00f6nderildi.<\/strong><\/p>\n<p><strong style=\"color: #444444;\">Radikal.com.tr &#8211;\u00a0<\/strong><span style=\"color: #444444;\">Bursa \u0130l G\u0131da Tar\u0131m ve Hayvanc\u0131l\u0131k M\u00fcd\u00fcrl\u00fc\u011f\u00fc elemanlar\u0131n\u0131n piyasa denetimleri s\u0131ras\u0131nda ald\u0131klar\u0131 &#8220;Milupa Aptamil S\u00fctl\u00fc Tah\u0131l Kar\u0131\u015f\u0131m\u0131&#8221; \u00fcr\u00fcn\u00fcn incelemesi s\u0131ras\u0131nda GDO tespit ettiler.\u00a0<\/span><\/p>\n<p><span style=\"color: #444444;\">Gidahareketi.org&#8217;un haberine g\u00f6re; yetkililer, GDO&#8217;nun varl\u0131\u011f\u0131ndan emin olmak i\u00e7in Milupa Aptamil S\u00fctl\u00fc Tah\u0131l Kar\u0131\u015f\u0131m\u0131&#8217;na ait \u015fahit numuneleri<\/span><a class=\"IndexLink\" style=\"font-weight: bold; color: #004c89;\" href=\"http:\/\/www.radikal.com.tr\/index\/Ankara\">Ankara<\/a><span style=\"color: #444444;\">\u00a0Kontrol Laboratuar\u0131&#8217;nda g\u00f6nderdi.\u00a0<\/span><br style=\"color: #444444;\" \/><br style=\"color: #444444;\" \/><span style=\"color: #444444;\">Ankara Kontrol Laboratuar\u0131&#8217;n\u0131n yapt\u0131\u011f\u0131 analizlerde Milupa&#8217;n\u0131n GDO i\u00e7erdi\u011fi kesinle\u015fti. Bunun \u00fczerine GDO&#8217;lu Milupa&#8217;lar\u0131n \u00fcr\u00fcnlerin toplat\u0131lmas\u0131 i\u00e7in, 80 il Valili\u011fi&#8217;ne yaz\u0131 g\u00f6nderildi.\u00a0<\/span><br style=\"color: #444444;\" \/><br style=\"color: #444444;\" \/><span style=\"color: #444444;\">G\u0131da Tar\u0131m ve Hayvanc\u0131l\u0131k Bakanl\u0131\u011f\u0131&#8217;ndan yap\u0131lan a\u00e7\u0131klamada olay do\u011frulan\u0131rken, sorumlular hakk\u0131nda hukuki s\u00fcre\u00e7 ba\u015flat\u0131ld\u0131\u011f\u0131 bildirdi.\u00a0<\/span><br style=\"color: #444444;\" \/><br style=\"color: #444444;\" \/><strong style=\"color: #444444;\">Bakanl\u0131k, olay\u0131 \u015fu ifadelerle do\u011frulad\u0131:\u00a0<\/strong><br style=\"color: #444444;\" \/><span style=\"color: #444444;\">&#8220;\u0130nternet sitenizde yer alan bir bebek mamas\u0131 firmas\u0131na ait ithal bebek mamas\u0131nda GDO tespit edilmesine y\u00f6nelik bilginin kamuoyuna a\u00e7\u0131klanmas\u0131na ihtiya\u00e7 duyulmu\u015ftur; s\u00f6z konusu bebek mamas\u0131n\u0131n ithalat kontrollerinde GDO analizi yapt\u0131r\u0131lm\u0131\u015f GDO tespit edilmedi\u011finden ithalat\u0131na izin verilmi\u015ftir. Ancak piyasa denetimlerinde GDO tespit edildi\u011finden bebek mamalar\u0131n\u0131n toplat\u0131lmas\u0131 sa\u011flanm\u0131\u015f ve ilgili firma hakk\u0131nda hukuki s\u00fcre\u00e7 ba\u015flat\u0131lm\u0131\u015ft\u0131r. Bilgilerinize arz ederiz&#8221;\u00a0<\/span><br style=\"color: #444444;\" \/><br style=\"color: #444444;\" \/><span style=\"color: #444444;\">Milupa ise,\u00a0konuyla ilgili olarak \u015fu a\u00e7\u0131klamay\u0131 yapt\u0131:\u00a0<\/span><br style=\"color: #444444;\" \/><br style=\"color: #444444;\" \/><strong style=\"color: #444444;\">&#8216;TEDB\u0130R AMA\u00c7LI TOPLATIYORUZ&#8217;<\/strong><br style=\"color: #444444;\" \/><br style=\"color: #444444;\" \/><span style=\"color: #444444;\">Firmam\u0131z taraf\u0131ndan 2013&#8217;\u00fcn Kas\u0131m ay\u0131nda G\u0131da Tar\u0131m ve Hayvanc\u0131l\u0131k Bakanl\u0131\u011f\u0131&#8217;n\u0131n yapt\u0131\u011f\u0131 analiz ve kontroller sonras\u0131nda ithaline izin verilen 28.03.2015\u00a0<\/span><a class=\"IndexLink\" style=\"font-weight: bold; color: #004c89;\" href=\"http:\/\/www.radikal.com.tr\/index\/parti\">parti<\/a><span style=\"color: #444444;\">\u00a0numaras\u0131na sahip Aptamil Tah\u0131l Kar\u0131\u015f\u0131m\u0131 \u00fcr\u00fcn\u00fcm\u00fcz,\u00a0<\/span><a class=\"IndexLink\" style=\"font-weight: bold; color: #004c89;\" href=\"http:\/\/www.radikal.com.tr\/index\/avrupa\">Avrupa<\/a><span style=\"color: #444444;\">\u00a0Birli\u011fi Bebek Beslenmesi Direktifleri&#8217;ne uygun olarak Portekiz&#8217;de \u00fcretilmi\u015f olup hi\u00e7bir \u015fekilde Geneti\u011fi De\u011fi\u015ftirilmi\u015f Organizma (GDO) i\u00e7ermemektedir.\u00a0<\/span><br style=\"color: #444444;\" \/><br style=\"color: #444444;\" \/><span style=\"color: #444444;\">Uzun y\u0131llard\u0131r piyasada bulunan ve ithal edilen bu \u00fcr\u00fcn\u00fcn her partisi G\u0131da Tar\u0131m ve Hayvanc\u0131l\u0131k Bakanl\u0131\u011f\u0131 taraf\u0131ndan mevzuat gere\u011fi rutin olarak GDO analizine tabi tutulmaktad\u0131r, sonu\u00e7lar\u0131 negatiftir (GDO i\u00e7ermiyor). Buna ilave olarak, \u015firketimiz taraf\u0131ndan \u00fcr\u00fcne G\u0131da Tar\u0131m ve Hayvanc\u0131l\u0131k Bakanl\u0131\u011f\u0131&#8217;n\u0131n yetkilendirdi\u011fi iki ayr\u0131 laboratuarda yapt\u0131rd\u0131\u011f\u0131m\u0131z analizler de &#8220;negatif&#8221; (GDO i\u00e7ermiyor) \u00e7\u0131km\u0131\u015ft\u0131r.\u00a0<\/span><br style=\"color: #444444;\" \/><br style=\"color: #444444;\" \/><span style=\"color: #444444;\">\u00dclkemizde GDO analizlerinde kullan\u0131lmas\u0131 gereken y\u00f6ntem konusunda g\u00f6r\u00fc\u015f birli\u011fi olmamas\u0131 nedeniyle; t\u00fcm laboratuarlar G\u0131da Tar\u0131m ve Hayvanc\u0131l\u0131k Bakanl\u0131\u011f\u0131 taraf\u0131ndan onayl\u0131 ve yetkilendirilmi\u015f olmas\u0131na ra\u011fmen, yap\u0131lan \u00e7al\u0131\u015fmalar\u0131n kalibrasyon dereceleri de farkl\u0131 olabilmektedir. Nitekim bu \u00fcr\u00fcne ait laboratuar analizlerindeki sonu\u00e7 farkl\u0131l\u0131klar\u0131 da bu durumu g\u00f6stermektedir. Numune al\u0131n\u0131rken ya da laboratuarlarda \u00e7al\u0131\u015fma yap\u0131l\u0131rken ya da s\u00fcre\u00e7 i\u00e7erisindeki t\u00fcm a\u015famalarda meydana gelebilecek bula\u015fma ihtimali de her laboratuar\u0131n farkl\u0131 sonu\u00e7lara ula\u015fmas\u0131na neden olmaktad\u0131r.\u00a0<\/span><br style=\"color: #444444;\" \/><br style=\"color: #444444;\" \/><span style=\"color: #444444;\">Bu konu ile ilgili G\u0131da Tar\u0131m ve Hayvanc\u0131l\u0131k Bakanl\u0131\u011f\u0131 ile ileti\u015fimimiz devam etmektedir. Bakanl\u0131k\u00e7a yetkilendirilmi\u015f 3 farkl\u0131 laboratuardan ayn\u0131 parti numaras\u0131na sahip \u00fcr\u00fcnlerimiz i\u00e7in mevzuata uygun analiz sonucu \u00e7\u0131km\u0131\u015ft\u0131r. Bu a\u015famada, mevzuat\u0131n gerektirdi\u011fi t\u00fcm yasal i\u015flemler devam etmektedir. \u0130htiyati tedbir olarak ilgili parti no&#8217;lu \u00fcr\u00fcn\u00fcm\u00fcz\u00fc piyasadan toplam\u0131\u015f bulunmaktay\u0131z.\u00a0<\/span><br style=\"color: #444444;\" \/><br style=\"color: #444444;\" \/><span style=\"color: #444444;\">M\u00fc\u015fteri memnuniyeti bizim i\u00e7in \u00f6ncelikli ve esast\u0131r; e\u011fer t\u00fcketicilerimizin elinde bu parti no&#8217;lu \u00fcr\u00fcn mevcut ise sat\u0131n al\u0131nm\u0131\u015f \u00fcr\u00fcnler sat\u0131n alma noktas\u0131na bedeli kendilerine \u00f6denmek kayd\u0131 ile geri verilebilir ya da Numil G\u0131da \u00dcr\u00fcnleri San Ve Tic A.\u015e Levent Mah. C\u00f6mert Sk. Yap\u0131 Kredi Plaza B Blok K:7 adresine g\u00f6nderilebilir.\u00a0<\/span><br style=\"color: #444444;\" \/><br style=\"color: #444444;\" \/><span style=\"color: #444444;\">Bundan sonraki s\u00fcre\u00e7te \u00fcr\u00fcn\u00fcm\u00fcz\u00fcn g\u00fcvenli ve sa\u011fl\u0131k a\u00e7\u0131s\u0131ndan hi\u00e7bir zarar\u0131n\u0131n olmad\u0131\u011f\u0131n\u0131 elimizdeki t\u00fcm belgelerle ortaya koyaca\u011f\u0131m\u0131z\u0131 bilgilerinize sunar\u0131z.\u00a0<\/span><br style=\"color: #444444;\" \/><br style=\"color: #444444;\" \/><span style=\"color: #444444;\">Daha fazla bilgi i\u00e7in l\u00fctfen 0532 755 04 14 no&#8217;lu hatt\u0131 arayabilir veya milupa@milupa.com.tr&#8217; ye mail g\u00f6nderebilirsiniz.\u00a0<\/span><br style=\"color: #444444;\" \/><br style=\"color: #444444;\" \/><span style=\"color: #444444;\">Not: Son t\u00fcketim tarihi 28.03.2015 d\u0131\u015f\u0131nda olan herhangi bir Aptamil Tah\u0131l Kar\u0131\u015f\u0131m\u0131 ya da herhangi ba\u015fka bir \u00fcr\u00fcn\u00fcm\u00fcz i\u00e7in bu iddia s\u00f6z konusu de\u011fildir.\u00a0<\/span><\/p>\n<p><a href=\"http:\/\/www.radikal.com.tr\/saglik\/milupa_icin_80_ilde_toplatma_karari-1193964\">http:\/\/www.radikal.com.tr\/saglik\/milupa_icin_80_ilde_toplatma_karari-1193964<\/a><\/p>\n","protected":false},"excerpt":{"rendered":"<p>G\u0131da, Tar\u0131m ve Hayvanc\u0131l\u0131k Bakanl\u0131\u011f\u0131, GDO&#8217;lu Milupa&#8217;lar\u0131n toplat\u0131lmas\u0131 i\u00e7in, 80 il Valili\u011fi&#8217;ne yaz\u0131 g\u00f6nderildi. Radikal.com.tr &#8211;\u00a0Bursa \u0130l G\u0131da Tar\u0131m ve&#46;&#46;&#46;<\/p>\n","protected":false},"author":1,"featured_media":0,"comment_status":"closed","ping_status":"closed","sticky":false,"template":"","format":"standard","meta":{"_jetpack_memberships_contains_paid_content":false,"footnotes":""},"categories":[62],"tags":[],"class_list":["post-4294","post","type-post","status-publish","format-standard","hentry","category-sagliktan-haberler"],"aioseo_notices":[],"jetpack_featured_media_url":"","jetpack_sharing_enabled":true,"jetpack-related-posts":[],"_links":{"self":[{"href":"http:\/\/www.ced.org.tr\/index.php?rest_route=\/wp\/v2\/posts\/4294","targetHints":{"allow":["GET"]}}],"collection":[{"href":"http:\/\/www.ced.org.tr\/index.php?rest_route=\/wp\/v2\/posts"}],"about":[{"href":"http:\/\/www.ced.org.tr\/index.php?rest_route=\/wp\/v2\/types\/post"}],"author":[{"embeddable":true,"href":"http:\/\/www.ced.org.tr\/index.php?rest_route=\/wp\/v2\/users\/1"}],"replies":[{"embeddable":true,"href":"http:\/\/www.ced.org.tr\/index.php?rest_route=%2Fwp%2Fv2%2Fcomments&post=4294"}],"version-history":[{"count":1,"href":"http:\/\/www.ced.org.tr\/index.php?rest_route=\/wp\/v2\/posts\/4294\/revisions"}],"predecessor-version":[{"id":4295,"href":"http:\/\/www.ced.org.tr\/index.php?rest_route=\/wp\/v2\/posts\/4294\/revisions\/4295"}],"wp:attachment":[{"href":"http:\/\/www.ced.org.tr\/index.php?rest_route=%2Fwp%2Fv2%2Fmedia&parent=4294"}],"wp:term":[{"taxonomy":"category","embeddable":true,"href":"http:\/\/www.ced.org.tr\/index.php?rest_route=%2Fwp%2Fv2%2Fcategories&post=4294"},{"taxonomy":"post_tag","embeddable":true,"href":"http:\/\/www.ced.org.tr\/index.php?rest_route=%2Fwp%2Fv2%2Ftags&post=4294"}],"curies":[{"name":"wp","href":"https:\/\/api.w.org\/{rel}","templated":true}]}}