{"id":4303,"date":"2014-06-09T09:31:33","date_gmt":"2014-06-09T06:31:33","guid":{"rendered":"http:\/\/www.ced.org.tr\/?p=4303"},"modified":"2014-06-09T09:40:04","modified_gmt":"2014-06-09T06:40:04","slug":"titck-eczacilar-ve-eczaneler-hakkinda-yonetmelik-hakkinda-sikca-sorulan-sorular-yayinladi","status":"publish","type":"post","link":"http:\/\/www.ced.org.tr\/?p=4303","title":{"rendered":"T\u0130TCK Eczac\u0131lar ve Eczaneler Hakk\u0131nda Y\u00f6netmelik Hakk\u0131nda s\u0131k\u00e7a sorulan sorular yay\u0131nlad\u0131"},"content":{"rendered":"<p><strong>Eczac\u0131lar Ve Eczaneler Hakk\u0131nda Y\u00f6netmelik \u0130le \u0130lgili S\u0131k\u00e7a Sorulan Sorular Hakk\u0131nda<\/p>\n<p><\/strong>12.04.2014 tarihli ve 28970 say\u0131l\u0131 Resmi Gazete\u2019de yay\u0131mlanarak y\u00fcr\u00fcrl\u00fc\u011fe giren Eczac\u0131lar ve Eczaneler Hakk\u0131nda Y\u00f6netmelik ile ilgili s\u0131k\u00e7a sorulan sorular Eczaneler Birimi sayfas\u0131nda yay\u0131nlanm\u0131\u015ft\u0131r. S\u0131k\u00e7a sorulan sorular ve cevaplar\u0131na Anasayfa\/Birimler\/Eczaneler ve Ecza Depolar\u0131 Ruhsat Dairesi\/Eczaneler Birimi\/S\u0131k\u00e7a Sorulan Sorular b\u00f6l\u00fcm\u00fcnden ula\u015f\u0131labilmektedir. Kamuoyuna \u00f6nemle duyurulur.<\/p>\n<div style=\"color: #000000;\"><\/div>\n<div style=\"color: #000000;\"><\/div>\n<div style=\"color: #000000;\"><strong>Eczac\u0131lar Ve Eczaneler Hakk\u0131nda Y\u00f6netmelik \u0130le \u0130lgili S\u0131k\u00e7a Sorulan Sorular<br \/>\n<\/strong><br \/>\n12.04.2014 tarih ve 28970 say\u0131l\u0131 Eczac\u0131lar ve Eczaneler Hakk\u0131nda Y\u00f6netmelik ile ilgili s\u0131k\u00e7a sorulan sorular ve cevaplar\u0131 a\u015fa\u011f\u0131daki gibidir:<strong><br \/>\n<\/strong><\/div>\n<div style=\"color: #000000;\"><\/div>\n<div style=\"color: #000000;\"><\/div>\n<div style=\"color: #000000;\"><strong>Soru 1:\u00a0<\/strong>31.05.2012 tarihinden sonra eczanesini kapatan eczac\u0131lar eczane a\u00e7mak istediklerinde n\u00fcfus kriterine tabi olacaklar m\u0131d\u0131r? 31.05.2012 tarihinden sonra eczanesini il\u00e7e d\u0131\u015f\u0131na nakil eden eczac\u0131lar nakil hakk\u0131n\u0131 kullanm\u0131\u015f say\u0131lacak m\u0131d\u0131r?<\/div>\n<div style=\"color: #000000;\"><strong>Cevap:<\/strong>\u00a0Evet. 6197 say\u0131l\u0131 Kanun\u2019un ge\u00e7ici madde 3 \u00fcnc\u00fc maddesinde \u201cBu maddenin y\u00fcr\u00fcrl\u00fc\u011fe girdi\u011fi takvim y\u0131l\u0131nda eczac\u0131l\u0131k yapma hakk\u0131n\u0131 haiz eczac\u0131lar ile eczac\u0131l\u0131k fak\u00fcltelerinde okumakta olan ve okumaya hak kazanm\u0131\u015f bulunanlar hakk\u0131nda, bir defaya mahsus olmak \u00fczere n\u00fcfusa g\u00f6re eczane a\u00e7\u0131lmas\u0131na ve nakline dair s\u0131n\u0131rlamalara ve yard\u0131mc\u0131 eczac\u0131 olarak \u00e7al\u0131\u015fma zorunlulu\u011funa ili\u015fkin h\u00fck\u00fcmler uygulanmaz. Bu kimseler, sahip ve mesul m\u00fcd\u00fcrl\u00fc\u011f\u00fcn\u00fc yapt\u0131klar\u0131 eczaneleri bir sefere mahsus olmak \u00fczere devredebilirler.<\/div>\n<div style=\"color: #000000;\">Bu maddenin y\u00fcr\u00fcrl\u00fc\u011fe girdi\u011fi tarihte serbest eczanesi bulunan eczac\u0131lar, bir defaya mahsus olmak \u00fczere herhangi bir k\u0131s\u0131tlamaya tabi olmaks\u0131z\u0131n eczanesini bulundu\u011fu il\u00e7e d\u0131\u015f\u0131na nakledebilir ve devredebilir.\u201d h\u00fckm\u00fc yer almaktad\u0131r.<\/div>\n<div style=\"color: #000000;\"><\/div>\n<div style=\"color: #000000;\"><strong>Soru 2:<\/strong>\u00a06197 say\u0131l\u0131 Kanun\u2019un ge\u00e7ici 3 \u00fcnc\u00fc maddesinde \u201c\u2026bir devir ve bir nakil hakk\u0131 var\u201d denilmektedir. Bu durumda nakil hakk\u0131n\u0131 kullanan bir eczac\u0131n\u0131n bir devir hakk\u0131 halen bulunmakta m\u0131d\u0131r?<\/div>\n<div style=\"color: #000000;\"><strong>Cevap:<\/strong>\u00a0Evet. Ancak 31.05.2012 tarihinden sonra eczanesini devreden eczac\u0131 n\u00fcfus kriterine tabi olarak eczane a\u00e7abilecek ve a\u00e7aca\u011f\u0131 eczanesini n\u00fcfus kriterine tabi olarak il\u00e7e d\u0131\u015f\u0131na nakil edebilecektir.<\/div>\n<div style=\"color: #000000;\"><\/div>\n<div style=\"color: #000000;\"><strong>Soru 3:<\/strong>\u00a0Yard\u0131mc\u0131 eczac\u0131 olma \u015fart\u0131 hangi tarihten sonra eczac\u0131l\u0131k fak\u00fcltesine kay\u0131t yapt\u0131ran eczac\u0131lar i\u00e7in ge\u00e7erlidir?<\/div>\n<div style=\"color: #000000;\"><strong>Cevap:\u00a0<\/strong>31.12.2012 tarihinden sonra eczac\u0131l\u0131k fak\u00fcltesine kay\u0131t yapt\u0131ran eczac\u0131lar i\u00e7in ge\u00e7erlidir.<\/div>\n<div style=\"color: #000000;\"><\/div>\n<div style=\"color: #000000;\"><strong>Soru 4:<\/strong>\u00a0Nakil i\u015flemi ger\u00e7ekle\u015ftirilirken \u0130l Sa\u011fl\u0131k M\u00fcd\u00fcrl\u00fc\u011f\u00fc taraf\u0131ndan me\u015fruhat verilen yeni ruhsatname ne kadar s\u00fcrede eczac\u0131ya teslim edilmelidir? Bu eczane yeni yerine nakil i\u015flemini ne kadar s\u00fcrede ger\u00e7ekle\u015ftirmelidir?<\/div>\n<div style=\"color: #000000;\"><strong>Cevap:<\/strong>\u00a0En ge\u00e7 30 g\u00fcn i\u00e7inde eczane nakil olmal\u0131 ve ruhsatname eczac\u0131ya teslim edilmelidir. (Y\u00f6netmelik Madde-12 D\u00fczenlenen ruhsatnameler en ge\u00e7 otuz g\u00fcn i\u00e7erisinde eczac\u0131lar taraf\u0131ndan m\u00fccbir sebepler haricinde teslim al\u0131nmad\u0131\u011f\u0131 takdirde iptal edilir. Madde-19 Eczanenin naklinde, a\u00e7\u0131lmaya ili\u015fkin us\u00fbl ve esaslar uygulan\u0131r. Mevcut eczane yeni eczane i\u00e7in ruhsat d\u00fczenleninceye kadar eczane vasf\u0131n\u0131 korur. Ayn\u0131 il i\u00e7indeki nakillerde yeni ruhsatname d\u00fczenlenmez ve har\u00e7 \u00f6denmez.)<\/div>\n<div style=\"color: #000000;\"><\/div>\n<div style=\"color: #000000;\"><strong>Soru 5:<\/strong>\u00a0Eczanenin birden fazla asma kat\u0131 olabilir mi?<\/div>\n<div style=\"color: #000000;\"><strong>Cevap:<\/strong>\u00a0Evet. Ancak hastalar\u0131n bekleme yerleri eczanenin giri\u015f kat\u0131nda bulunmal\u0131d\u0131r. (Madde 20-6 nc\u0131 f\u0131kra)<\/div>\n<div style=\"color: #000000;\"><\/div>\n<div style=\"color: #000000;\"><strong>Soru 6:<\/strong>\u00a0Eczanelerin laboratuvarlar\u0131 asma katta olabilir mi?<\/div>\n<div style=\"color: #000000;\"><strong>Cevap:<\/strong>\u00a0Evet. Ancak eczanelerin laboratuvar k\u0131s\u0131mlar\u0131, m\u00fc\u015fteriler veya hastalarla irtibat olmayacak \u015fekilde ayr\u0131lmal\u0131d\u0131r. Eczane laboratuvar\u0131n\u0131n do\u011frudan d\u0131\u015far\u0131s\u0131 ile ba\u011flant\u0131s\u0131 olamaz. Laboratuvarlarda \u015fehir suyu bulunmas\u0131 zorunludur.<\/div>\n<div style=\"color: #000000;\"><\/div>\n<div style=\"color: #000000;\"><strong>Soru 7:<\/strong>\u00a0Eczanede bulunacak defterler nelerdir?<\/div>\n<div style=\"color: #000000;\"><strong>Cevap:<\/strong>\u00a0Eczanelerde tefti\u015f defteri, personel defteri ve stajyer defteri tutulur. (Madde-45)<\/div>\n<div style=\"color: #000000;\"><\/div>\n<div style=\"color: #000000;\"><strong>Soru 8:<\/strong>\u00a0Y\u00f6netmeli\u011fin 25 inci maddesinde \u00abBu Y\u00f6netmelik y\u00fcr\u00fcrl\u00fc\u011fe girdikten sonra a\u00e7\u0131lacak ve nakil yap\u0131lacak eczanelerin isimleri, eczanenin a\u00e7\u0131laca\u011f\u0131 il veya il\u00e7e i\u00e7inde bulunan eczanelerle ayn\u0131 isimlerde olamaz.\u00bb h\u00fckm\u00fc yer almaktad\u0131r. Eczane isimleri nas\u0131l d\u00fczenlenecektir?<\/div>\n<div style=\"color: #000000;\"><strong>Cevap:<\/strong>\u00a012.04.2014 tarihinden sonra a\u00e7\u0131lacak veya nakil edilecek eczaneler i\u00e7in ayn\u0131 il i\u00e7inde ayn\u0131 isimde eczane olmayacakt\u0131r.<\/div>\n<div style=\"color: #000000;\"><\/div>\n<div style=\"color: #000000;\"><strong>Soru 9:<\/strong>\u00a0Y\u00f6netmeli\u011fin 49 uncu maddesinde, birden fazla eczanesi bulunan yerlerde eczac\u0131n\u0131n hastal\u0131k ve sair mazeretlere istinaden talebi ile 2 y\u0131l\u0131 ge\u00e7memek \u00fczere eczanesi kapal\u0131 tutulabilir hakk\u0131, ayn\u0131 eczac\u0131 i\u00e7in sadece bir kereye mi mahsustur?<\/div>\n<div style=\"color: #000000;\"><strong>Cevap:<\/strong>\u00a0Hay\u0131r.<\/div>\n<div style=\"color: #000000;\"><\/div>\n<div style=\"color: #000000;\"><strong>Soru 10:\u00a0<\/strong>Y\u00f6netmeli\u011fin 17 nci maddesinde \u00abSerbest eczanelerin a\u00e7\u0131lmas\u0131nda bu Y\u00f6netmelik h\u00fck\u00fcmleri uygulan\u0131r. (2) Kanunun 14 \u00fcnc\u00fc maddesinin birinci f\u0131kras\u0131n\u0131n (A) ve (B) bendinde belirtilen eczaneler ile i\u00e7indeki hastaya hizmet vermek \u00fczere \u00fcniversite hastanelerinde bulunan eczanelerin a\u00e7\u0131lmas\u0131na il sa\u011fl\u0131k m\u00fcd\u00fcrl\u00fc\u011f\u00fc taraf\u0131ndan us\u00fbl\u00fcne g\u00f6re izin verilir ve bu durum Kuruma bildirilir. Bu eczanelerin bir diplomal\u0131 mesul m\u00fcd\u00fcr eczac\u0131n\u0131n idaresinde bulunmas\u0131 \u015fartt\u0131r.&#8221; h\u00fckm\u00fcnde bahsi ge\u00e7en \u00fcniversite hastaneleri ile vak\u0131f \u00fcniversitelerden mi bahsedilmektedir?<\/div>\n<div style=\"color: #000000;\"><strong>Cevap:<\/strong>\u00a0Devlet ve vak\u0131f \u00fcniversite hastanelerinden bahsedilmektedir.<\/div>\n<div style=\"color: #000000;\"><\/div>\n<div style=\"color: #000000;\"><strong>Soru 11:<\/strong>\u00a0Y\u00f6netmeli\u011fin 25 inci maddesinde yer alan \u00abVitrinlere \u00fcr\u00fcn tan\u0131t\u0131m\u0131 amac\u0131yla levha veya ilan yap\u0131\u015ft\u0131r\u0131lamaz\u00bb ibaresi bundan sonraki tan\u0131t\u0131m faaliyetlerinde kozmetik ve g\u0131da takviyesi kapsam\u0131ndaki \u00fcr\u00fcnler i\u00e7in ge\u00e7erli olacak m\u0131d\u0131r?<\/div>\n<div style=\"color: #000000;\"><strong>Cevap:<\/strong>\u00a0Evet. T\u00fcm \u00fcr\u00fcnler i\u00e7in ge\u00e7erli olacakt\u0131r.<\/div>\n<div style=\"color: #000000;\"><\/div>\n<div style=\"color: #000000;\"><strong>Soru 12:<\/strong>\u00a0Eczane olacak yerin yap\u0131 kullan\u0131m izin belgesi olmas\u0131 zorunlu mudur?<\/div>\n<div style=\"color: #000000;\"><strong>Cevap:<\/strong>\u00a0Y\u00f6netmeli\u011fin 20 nci maddesi 2 nci f\u0131kras\u0131nda \u201cEczane olarak kullan\u0131lacak binan\u0131n yap\u0131 kullan\u0131m izin belgesi veya yap\u0131 ruhsat\u0131n\u0131n bulunmas\u0131 gerekir. Bu Y\u00f6netmeli\u011fin y\u00fcr\u00fcrl\u00fc\u011fe girdi\u011fi tarihten \u00f6nce ba\u015fvuru yap\u0131lm\u0131\u015f veya ruhsatland\u0131r\u0131lm\u0131\u015f eczanelerde ve bunlar\u0131n devrinde bu madde h\u00fckm\u00fc uygulanmaz.\u201d h\u00fckm\u00fc, 4 \u00fcnc\u00fc f\u0131kras\u0131nda ise \u201cSerbest eczaneler halk\u0131n serbest\u00e7e girip \u00e7\u0131kabildi\u011fi yerlerde a\u00e7\u0131l\u0131r. Eczanelerin ba\u011f\u0131ms\u0131z d\u00fckk\u00e2nlarda a\u00e7\u0131lmas\u0131 ve faaliyet g\u00f6stermesi, havaalanlar\u0131, limanlar, otogarlar ve tren garlar\u0131nda a\u00e7\u0131lanlar\u0131n d\u0131\u015f\u0131nda cephesinin ve kap\u0131lar\u0131n\u0131n belediyelere ait cadde ve sokak \u00fczerinde bulunmas\u0131 zorunludur. Bu Y\u00f6netmeli\u011fin y\u00fcr\u00fcrl\u00fc\u011fe girdi\u011fi tarihten \u00f6nce ba\u015fvuru yap\u0131lm\u0131\u015f veya ruhsatland\u0131r\u0131lm\u0131\u015f<\/div>\n<div style=\"color: #000000;\">eczanelerde ve bunlar\u0131n devrinde bu madde h\u00fckm\u00fc uygulanmaz.\u201d h\u00fckm\u00fc yer almaktad\u0131r. Mezkur Y\u00f6netmeli\u011fin tan\u0131mlar b\u00f6l\u00fcm\u00fcnde ba\u011f\u0131ms\u0131z d\u00fckkan \u201cyap\u0131 ruhsat\u0131 veya yap\u0131 kullan\u0131m izni belgesinde d\u00fckk\u00e2n veya i\u015fyeri olarak kaydedilmi\u015f mek\u00e2n\u201d olarak tan\u0131mlanmaktad\u0131r.<\/div>\n<div style=\"color: #000000;\">Bu nedenle eczane a\u00e7\u0131l\u0131\u015flar\u0131nda ve nakillerinde mezkur Y\u00f6netmeli\u011fe g\u00f6re i\u015flem yap\u0131lmas\u0131, eczane olacak yerlerin yap\u0131 ruhsat\u0131 veya yap\u0131 kullan\u0131m izni belgesinde d\u00fckk\u00e2n veya i\u015fyeri olarak kaydedilmi\u015f olmas\u0131 gerekmektedir.<\/div>\n<div style=\"color: #000000;\">Ayr\u0131ca konu hakk\u0131nda 28.05.2014 tarih ve 64939 say\u0131l\u0131 \u0130l Sa\u011fl\u0131k M\u00fcd\u00fcrl\u00fcklerine g\u00f6nderilen ve Kurumumuz web sitesinde yay\u0131nlanan Genelge mevcuttur.<\/div>\n<div style=\"color: #000000;\"><\/div>\n<div style=\"color: #000000;\"><strong>Soru 13:<\/strong>\u00a035 metrekareden k\u00fc\u00e7\u00fck bir eczane devredilebilir mi?<\/div>\n<div style=\"color: #000000;\"><strong>Cevap:<\/strong>\u00a0Y\u00f6netmeli\u011fin 20 nci maddesinde \u00abEczane olacak yerlerin bodrum, asma katlar\u0131, varsa merdiven bo\u015fluklar\u0131, merdiven alt\u0131 k\u0131s\u0131mlar\u0131, kolonlar\u0131, ara duvarlar\u0131 hari\u00e7, lavabo ve tuvalet alan\u0131 d\u00e2hil olmak \u00fczere asgari 35 metrekare olmas\u0131; Kanunun 14 \u00fcnc\u00fc maddesinin (A) ve (B) bentlerine g\u00f6re a\u00e7\u0131lacak eczanelerin depo hari\u00e7 asgari 20 metrekare olmas\u0131 \u015fartt\u0131r. Bu Y\u00f6netmeli\u011fin yay\u0131mlanmas\u0131ndan \u00f6nce ruhsat alm\u0131\u015f eczanelerin devredilmesi h\u00e2linde bir defaya mahsus olmak \u00fczere herhangi bir metrekare k\u0131s\u0131tlamas\u0131 uygulanmaz. Ancak mevcut eczanenin ba\u015fka bir yere naklinde yukar\u0131daki h\u00fck\u00fcmlere g\u00f6re i\u015flem yap\u0131l\u0131r.\u00bb h\u00fckm\u00fc yer almaktad\u0131r.<\/div>\n<div style=\"color: #000000;\">Bu nedenle 35 metrekareden k\u00fc\u00e7\u00fck bir eczane 12.04.2014 tarihinden sonra devredilmediyse bir defaya mahsus olmak \u00fczere devredilebilir.<\/div>\n<div style=\"color: #000000;\"><\/div>\n<div style=\"color: #000000;\"><strong>Soru 14:<\/strong>\u00a06197 say\u0131l\u0131 Kanun\u2019un ge\u00e7ici 3 \u00fcnc\u00fc maddesi do\u011frultusunda n\u00fcfus kriterine tabi olmaks\u0131z\u0131n eczane a\u00e7ma hakk\u0131 olan eczac\u0131lar 31.05.2012 tarihinden sonra eczane devir almalar\u0131 durumunda Kanun\u2019da tan\u0131mlanan n\u00fcfus kriterine tabi olmaks\u0131z\u0131n eczane a\u00e7ma hakk\u0131n\u0131 kullanm\u0131\u015f say\u0131l\u0131rlar m\u0131?<\/div>\n<div style=\"color: #000000;\"><strong>Cevap:<\/strong>\u00a0Evet.<\/div>\n<p><a href=\"http:\/\/www.titck.gov.tr\/UnitsPageDescription.aspx?BirimId=pEbyXFaCOSI=&amp;KonuId=a\/0Tp\/ovYIU=\">http:\/\/www.titck.gov.tr\/UnitsPageDescription.aspx?BirimId=pEbyXFaCOSI=&amp;KonuId=a\/0Tp\/ovYIU=<\/a><\/p>\n<p>&nbsp;<\/p>\n","protected":false},"excerpt":{"rendered":"<p>Eczac\u0131lar Ve Eczaneler Hakk\u0131nda Y\u00f6netmelik \u0130le \u0130lgili S\u0131k\u00e7a Sorulan Sorular Hakk\u0131nda 12.04.2014 tarihli ve 28970 say\u0131l\u0131 Resmi Gazete\u2019de yay\u0131mlanarak y\u00fcr\u00fcrl\u00fc\u011fe&#46;&#46;&#46;<\/p>\n","protected":false},"author":1,"featured_media":0,"comment_status":"closed","ping_status":"closed","sticky":false,"template":"","format":"standard","meta":{"_jetpack_memberships_contains_paid_content":false,"footnotes":""},"categories":[64],"tags":[],"class_list":["post-4303","post","type-post","status-publish","format-standard","hentry","category-mevzuat"],"aioseo_notices":[],"jetpack_featured_media_url":"","jetpack_sharing_enabled":true,"jetpack-related-posts":[],"_links":{"self":[{"href":"http:\/\/www.ced.org.tr\/index.php?rest_route=\/wp\/v2\/posts\/4303","targetHints":{"allow":["GET"]}}],"collection":[{"href":"http:\/\/www.ced.org.tr\/index.php?rest_route=\/wp\/v2\/posts"}],"about":[{"href":"http:\/\/www.ced.org.tr\/index.php?rest_route=\/wp\/v2\/types\/post"}],"author":[{"embeddable":true,"href":"http:\/\/www.ced.org.tr\/index.php?rest_route=\/wp\/v2\/users\/1"}],"replies":[{"embeddable":true,"href":"http:\/\/www.ced.org.tr\/index.php?rest_route=%2Fwp%2Fv2%2Fcomments&post=4303"}],"version-history":[{"count":5,"href":"http:\/\/www.ced.org.tr\/index.php?rest_route=\/wp\/v2\/posts\/4303\/revisions"}],"predecessor-version":[{"id":4309,"href":"http:\/\/www.ced.org.tr\/index.php?rest_route=\/wp\/v2\/posts\/4303\/revisions\/4309"}],"wp:attachment":[{"href":"http:\/\/www.ced.org.tr\/index.php?rest_route=%2Fwp%2Fv2%2Fmedia&parent=4303"}],"wp:term":[{"taxonomy":"category","embeddable":true,"href":"http:\/\/www.ced.org.tr\/index.php?rest_route=%2Fwp%2Fv2%2Fcategories&post=4303"},{"taxonomy":"post_tag","embeddable":true,"href":"http:\/\/www.ced.org.tr\/index.php?rest_route=%2Fwp%2Fv2%2Ftags&post=4303"}],"curies":[{"name":"wp","href":"https:\/\/api.w.org\/{rel}","templated":true}]}}