{"id":4346,"date":"2014-06-29T16:43:55","date_gmt":"2014-06-29T13:43:55","guid":{"rendered":"http:\/\/www.ced.org.tr\/?p=4346"},"modified":"2014-06-29T16:43:55","modified_gmt":"2014-06-29T13:43:55","slug":"tarihi-rebul-eczanesi-kepenk-kapatti","status":"publish","type":"post","link":"http:\/\/www.ced.org.tr\/?p=4346","title":{"rendered":"Tarihi Rebul Eczanesi kepenk kapatt\u0131"},"content":{"rendered":"<div style=\"color: #222222; text-align: right;\"><strong>Birg\u00fcn\/OLGU KUNDAK\u00c7I<\/strong><\/div>\n<div style=\"color: #222222;\">\n<span style=\"color: #000000;\">\u0130stiklal Caddesi&#8217;ndeki Rumeli Han&#8217;da 1895 y\u0131l\u0131nda kurulan Rebul Eczanesi, Beyo\u011flu&#8217;ndaki kentsel d\u00f6n\u00fc\u015f\u00fcme yenik d\u00fc\u015ft\u00fc. Rumeli Han&#8217;\u0131n\u00a0 otel ve AVM yap\u0131lmas\u0131 planlan\u0131rkan, 120 y\u0131ld\u0131r eczanenin labaratuvar\u0131nda ila\u00e7 ve kozmetik \u00fcr\u00fcnleri \u00fcreten Rebul Eczanesi kapanarak Ba\u011fdat Caddesi&#8217;ne ta\u015f\u0131n\u0131yor. Eczanenin sahibi Mehmet M\u00fcderriso\u011flu, \u201cRebul Eczanesi kuruldu\u011fundan bu yana Rumeli Han&#8217;da hizmet verdik. Bu s\u00fcre i\u00e7erisinde d\u00fcnya de\u011fi\u015fti. U\u00e7ak ke\u015ffedildi, foto\u011fraf makinesi ke\u015ffedildi, r\u00f6ntgen cihaz\u0131 ke\u015ffedildi. \u0130ki d\u00fcnya harbine dayand\u0131k, ancak Beyo\u011flu&#8217;nu basan AVM seline yenik d\u00fc\u015ft\u00fck\u201d diyor.<\/span><\/div>\n<div style=\"color: #222222;\"><a href=\"http:\/\/www.ced.org.tr\/wp-content\/uploads\/2014\/06\/tarihi-rebul-eczanesi-kepenk-kapatti-1.jpg\"><img loading=\"lazy\" decoding=\"async\" class=\"alignleft size-full wp-image-4347\" src=\"http:\/\/www.ced.org.tr\/wp-content\/uploads\/2014\/06\/tarihi-rebul-eczanesi-kepenk-kapatti-1.jpg\" alt=\"tarihi-rebul-eczanesi-kepenk-kapatti-1\" width=\"640\" height=\"465\" srcset=\"http:\/\/www.ced.org.tr\/wp-content\/uploads\/2014\/06\/tarihi-rebul-eczanesi-kepenk-kapatti-1.jpg 640w, http:\/\/www.ced.org.tr\/wp-content\/uploads\/2014\/06\/tarihi-rebul-eczanesi-kepenk-kapatti-1-300x217.jpg 300w\" sizes=\"auto, (max-width: 640px) 100vw, 640px\" \/><\/a><\/p>\n<p><span style=\"color: #800000;\"><strong>&#8216;REBUL&#8217; \u0130SM\u0130N\u0130N \u00d6YK\u00dcS\u00dc<\/strong><\/span><br \/>\n<span style=\"color: #000000;\">T\u00fcrkiye&#8217;de eczac\u0131l\u0131k hen\u00fcz geli\u015fmemi\u015fken 1895 y\u0131l\u0131nda Frans\u0131z eczac\u0131 Jean Cesar Reboul, bug\u00fcnk\u00fc \u0130stikl\u00e2l Caddesi olan Rue de Pera&#8217;da \u201cGrande Pharmacie Parisienne\u201d (B\u00fcy\u00fck Paris Eczanesi) adl\u0131 bir eczane a\u00e7ar. Cumhuriyet tarihinin ilk eczac\u0131lar\u0131ndan olan Kemal M\u00fcderriso\u011flu, Darulf\u00fcnun-u Osmani T\u0131p Fak\u00fcltesi Eczac\u0131 Mektebi&#8217;nde ikinci s\u0131n\u0131f \u00f6\u011frencisiyken Jean Cesar Reboul&#8217;un yan\u0131nda stajyer olmak ister, ancak Frans\u0131zcas\u0131 olmad\u0131\u011f\u0131 i\u00e7in reddedilir.<\/p>\n<p>Kemal M\u00fcderriso\u011flu eczanede \u00e7al\u0131\u015fabilmek i\u00e7in Frans\u0131z Konsoloslu\u011fu&#8217;nun gece kurslar\u0131na giderek bir y\u0131lda Frans\u0131zca \u00f6\u011frenir. Bunun \u00fczerine M\u00f6sy\u00f6 Reboul, 1921&#8217;de Kemal M\u00fcderriso\u011flu&#8217;nu i\u015fe alarak kendi evlad\u0131 gibi yeti\u015ftirir. M\u00f6sy\u00f6 Rebul, emekli olmak isteyince Kemal M\u00fcderriso\u011flu, eczaneye\u00a0 ortak olur ve eczanenin ismi \u00f6nce &#8216;Kemal ve Rebul Eczanesi&#8217; ismini al\u0131r.\u00a0 1939&#8217;da\u00a0 M\u00f6sy\u00f6 Rebul&#8217;un \u00fclkesine d\u00f6nmesiyle eczaneyi devralan Kemal Bey,\u00a0 ustas\u0131na sayg\u0131s\u0131ndan eczanenin ad\u0131n\u0131 &#8216;Rebul Eczanesi&#8217; olarak de\u011fi\u015ftirir.<\/span><\/p>\n<p><span style=\"color: #800000;\"><strong>&#8216;LABARATUVARI DA\u011eITIYORUZ&#8217;<\/strong><\/span><br \/>\n<span style=\"color: #000000;\">Kemal Bey&#8217;in o\u011flu Mehmet M\u00fcderriso\u011flu, Rebul Eczanesi&#8217;nde bu zamana kadar ilk g\u00fcnk\u00fc heyecan\u0131 ya\u015fatt\u0131klar\u0131n\u0131 s\u00f6yl\u00fcyor. Rebul Eczanesi&#8217;nin kapanan d\u00fckkan\u0131n\u0131n \u00fcst kat\u0131ndaki labaratuvar\u0131nda ila\u00e7 ve kozmetik olmak \u00fczere patentli 200 \u00fcr\u00fcn \u00fcretilmi\u015f. Rebul&#8217;un 73 \u00fcr\u00fcn\u00fc piyasada sat\u0131l\u0131yor, bu \u00fcr\u00fcnler 52 \u00fclkeye ihra\u00e7 ediliyor.<\/p>\n<p>M\u00fcderriso\u011flu&#8217;nun defterinde 1 milyon 492 bin form\u00fcl kay\u0131tl\u0131. \u00c7ay \u00f6z\u00fcnden yap\u0131lm\u0131\u015f g\u00fcne\u015f koruma kreminden, ya\u011f dokusunu s\u0131k\u0131la\u015ft\u0131r\u0131c\u0131 kremlere, cilt losyonundan sa\u00e7 bak\u0131m ya\u011flar\u0131na kadar Rebul&#8217;un \u00fcretti\u011fi pek \u00e7ok kozmetik \u00fcr\u00fcn var. Rahim duvarlar\u0131 ince oldu\u011fu i\u00e7in hamile kalamayan kad\u0131nlara Viagra&#8217;dan ov\u00fcl yapt\u0131klar\u0131n\u0131, ilac\u0131n\u0131 alamayan otistik \u00e7ocuklara \u00e7are olsun diye\u00a0 ilac\u0131 krem haline getirdikleri projelerini anlat\u0131yor M\u00fcderriso\u011flu. Ancak eczanenin \u00fcst kat\u0131ndaki labaratuvar da \u015fimdi kapan\u0131yor.<\/span><\/p>\n<p><span style=\"color: #800000;\"><strong>&#8216;HER TU\u011eLASINDA PARMAK \u0130Z\u0130M VAR&#8217;<\/strong><\/span><br \/>\n<span style=\"color: #000000;\">M\u00fcderriso\u011flu, \u201c1895 y\u0131l\u0131nda eczane kuruldu\u011f\u0131nda M\u00f6sy\u00f6 Rebul, a\u011f\u0131z gargaras\u0131, gece kremi, nas\u0131r pomad\u0131 yaparm\u0131\u015f. Ayn\u0131 hadiseyi bug\u00fcn biz yap\u0131yoruz. \u0130la\u00e7 yapan tek eczane kald\u0131. Buras\u0131 kapan\u0131nca labaratuvar\u0131m\u0131z\u0131 da da\u011f\u0131tmak zorunda kald\u0131k. Kozmetik \u00fcr\u00fcnleri tuttu\u011fumuz ba\u015fka bir yerde \u00fcretmeye devam edece\u011fiz, ancak art\u0131k ila\u00e7 yapmayaca\u011f\u0131z. Burada 1000&#8217;\u00fcn \u00fczerinde T\u00fcrk eczac\u0131s\u0131, 100&#8217;\u00fcn \u00fczerinde yabanc\u0131 eczac\u0131 yeti\u015ftirdik. Burada 14-15 ki\u015fiyiz. \u015eimdi da\u011f\u0131l\u0131yoruz. Buradaki en b\u00fcy\u00fck \u00fcz\u00fcnt\u00fcm yeti\u015ftirdi\u011fimiz elemanlar\u0131 kaybetmek. Zor g\u00fcnler ya\u015f\u0131yoruz. Bu d\u00fckkan\u0131n her tu\u011flas\u0131nda parmak izim var. \u0130n\u015fallah Topkap\u0131 Saray\u0131 da AVM ve otel projesine d\u00f6n\u00fc\u015ft\u00fcr\u00fclmez\u201d diyor.<\/span><\/div>\n<div style=\"color: #222222;\"><\/div>\n<div style=\"color: #222222;\">\n<div><span style=\"color: #800000;\"><strong><a style=\"color: #1155cc;\" href=\"http:\/\/birgun.net\/haber\/tarihi-rebul-eczanesi-kepenk-kapatti-15993.html\" target=\"_blank\">http:\/\/birgun.net\/haber\/<wbr \/>tarihi-rebul-eczanesi-kepenk-<wbr \/>kapatti-15993.html<\/a><\/strong><\/span><\/div>\n<div><\/div>\n<\/div>\n","protected":false},"excerpt":{"rendered":"<p>Birg\u00fcn\/OLGU KUNDAK\u00c7I \u0130stiklal Caddesi&#8217;ndeki Rumeli Han&#8217;da 1895 y\u0131l\u0131nda kurulan Rebul Eczanesi, Beyo\u011flu&#8217;ndaki kentsel d\u00f6n\u00fc\u015f\u00fcme yenik d\u00fc\u015ft\u00fc. Rumeli Han&#8217;\u0131n\u00a0 otel ve&#46;&#46;&#46;<\/p>\n","protected":false},"author":1,"featured_media":4347,"comment_status":"closed","ping_status":"closed","sticky":false,"template":"","format":"standard","meta":{"_jetpack_memberships_contains_paid_content":false,"footnotes":""},"categories":[1],"tags":[],"class_list":["post-4346","post","type-post","status-publish","format-standard","has-post-thumbnail","hentry","category-ced"],"aioseo_notices":[],"jetpack_featured_media_url":"http:\/\/www.ced.org.tr\/wp-content\/uploads\/2014\/06\/tarihi-rebul-eczanesi-kepenk-kapatti-1.jpg","jetpack_sharing_enabled":true,"jetpack-related-posts":[],"_links":{"self":[{"href":"http:\/\/www.ced.org.tr\/index.php?rest_route=\/wp\/v2\/posts\/4346","targetHints":{"allow":["GET"]}}],"collection":[{"href":"http:\/\/www.ced.org.tr\/index.php?rest_route=\/wp\/v2\/posts"}],"about":[{"href":"http:\/\/www.ced.org.tr\/index.php?rest_route=\/wp\/v2\/types\/post"}],"author":[{"embeddable":true,"href":"http:\/\/www.ced.org.tr\/index.php?rest_route=\/wp\/v2\/users\/1"}],"replies":[{"embeddable":true,"href":"http:\/\/www.ced.org.tr\/index.php?rest_route=%2Fwp%2Fv2%2Fcomments&post=4346"}],"version-history":[{"count":1,"href":"http:\/\/www.ced.org.tr\/index.php?rest_route=\/wp\/v2\/posts\/4346\/revisions"}],"predecessor-version":[{"id":4348,"href":"http:\/\/www.ced.org.tr\/index.php?rest_route=\/wp\/v2\/posts\/4346\/revisions\/4348"}],"wp:featuredmedia":[{"embeddable":true,"href":"http:\/\/www.ced.org.tr\/index.php?rest_route=\/wp\/v2\/media\/4347"}],"wp:attachment":[{"href":"http:\/\/www.ced.org.tr\/index.php?rest_route=%2Fwp%2Fv2%2Fmedia&parent=4346"}],"wp:term":[{"taxonomy":"category","embeddable":true,"href":"http:\/\/www.ced.org.tr\/index.php?rest_route=%2Fwp%2Fv2%2Fcategories&post=4346"},{"taxonomy":"post_tag","embeddable":true,"href":"http:\/\/www.ced.org.tr\/index.php?rest_route=%2Fwp%2Fv2%2Ftags&post=4346"}],"curies":[{"name":"wp","href":"https:\/\/api.w.org\/{rel}","templated":true}]}}