{"id":4350,"date":"2014-06-30T17:09:52","date_gmt":"2014-06-30T14:09:52","guid":{"rendered":"http:\/\/www.ced.org.tr\/?p=4350"},"modified":"2014-06-30T17:09:52","modified_gmt":"2014-06-30T14:09:52","slug":"son-bir-yilda-bin-eczane-kapatti","status":"publish","type":"post","link":"http:\/\/www.ced.org.tr\/?p=4350","title":{"rendered":"Son bir y\u0131lda bin eczane kapatt\u0131"},"content":{"rendered":"<div style=\"color: #222222;\">30 Haziran 2014<\/div>\n<div style=\"color: #222222;\">H\u00fcrriyet<\/div>\n<div style=\"color: #222222;\">\n<div><\/div>\n<div>\n<div title=\"Haberi \u00d6ne \u00c7\u0131kar\">T\u00fcrkiye&#8217;de son bir y\u0131l i\u00e7erisinde bin eczane kapand\u0131. 4 bin eczane de kapanma tehlikesiyle kar\u015f\u0131 kar\u015f\u0131ya geldi. Her y\u0131l eczac\u0131l\u0131k fak\u00fcltesinden mezun olan eczac\u0131lar\u0131n y\u00fczde 60&#8217;\u0131 sadece 3 y\u0131l dayanabiliyor. Eczanelerini kapatan eczac\u0131lar\u0131n \u00e7o\u011fu i\u015fsiz olurken, kimisi de ba\u015fka bir \u00fcniversite okuyup meslek de\u011fi\u015ftirdi\u011fi belirtildi.<\/div>\n<\/div>\n<div>\n<p>Eczac\u0131lar Y\u00f6netim Zirvesi Dan\u0131\u015fman\u0131 Bir\u00f6z Biricik, kendisinin in\u015faat m\u00fchendisi oldu\u011funu ancak baba mesle\u011fi olan eczac\u0131l\u0131\u011f\u0131 devam ettirmek i\u00e7in ayr\u0131ca eczac\u0131l\u0131k fak\u00fcltesini bitirdi\u011fini s\u00f6yleyerek, \u201c55 y\u0131ll\u0131k eczanemizi ayakta tutmak i\u00e7in baba mesle\u011fim i\u00e7in eczac\u0131l\u0131k okudum. Her y\u0131l fak\u00fcltelerden ortalama 1500 mezun veriliyor. Bunlarda hemen eczane a\u00e7\u0131yor. Ancak sadece 3 y\u0131l dayanabiliyor. Daha sonra da kapat\u0131yor. Eczac\u0131lar ayakta durmak i\u00e7in bitkisel ila\u00e7 bile sat\u0131p, promosyon vermeye ba\u015flad\u0131.<\/p>\n<p>Eczanelerin kapanmas\u0131ndaki en b\u00fcy\u00fck sebepler aras\u0131nda ila\u00e7 fiyatlar\u0131ndaki d\u00fc\u015f\u00fc\u015fler ve bu d\u00fc\u015f\u00fc\u015flere ba\u011fl\u0131 gelir kay\u0131plar\u0131, ezcac\u0131l\u0131k fak\u00fcltelerinden mezun vermede h\u0131zl\u0131 art\u0131\u015f, rekabet ve i\u015fletmecilik ile y\u00f6netimin zay\u0131f olmas\u0131\u201d diye konu\u015ftu. Biricik, eczanelerin kapanmamas\u0131 i\u00e7in yeni \u00e7\u00f6z\u00fcmler bulmak i\u00e7in kas\u0131m ay\u0131nda K\u0131br\u0131s&#8217;ta ger\u00e7ekle\u015fecek olan \u201c1&#8217;nci Eczac\u0131l\u0131k ve Y\u00f6netimi Zirvesi\u201d adl\u0131 kongrede biraraya geleceklerini s\u00f6yledi.<\/p>\n<p><strong>ECZACI OLMAK \u0130\u00c7\u0130N \u0130N\u015eAAT M\u00dcHEND\u0130SL\u0130\u011e\u0130N\u0130 BIRAKTI<\/strong><\/p>\n<p>T\u00fcrkiye&#8217;de son bir y\u0131l i\u00e7erisinde bin eczanenin kapand\u0131\u011f\u0131, 4 bin eczanenin de kapanma tehlikesiyle kar\u015f\u0131 kar\u015f\u0131ya geldi\u011fi belirtildi. Bu iddiay\u0131 ortaya atan ki\u015fi de Eczac\u0131lar Y\u00f6netimi Zirvesi Dan\u0131\u015fman\u0131 Ecz. Bir\u00f6z Biricik. Biricik, 55 y\u0131ll\u0131k baba mesle\u011fini s\u00fcrd\u00fcrebilmek i\u00e7in in\u015faat m\u00fchendisli\u011fi mesle\u011fini yapmad\u0131\u011f\u0131n\u0131, yeniden \u00fcniversite s\u0131nav\u0131na girip eczac\u0131l\u0131\u011f\u0131 bitirdi\u011fini anlatt\u0131. Biricik, \u201c\u015eu anda 2600 eczac\u0131 mesle\u011fini yapam\u0131yor. Bir eczanenin ayl\u0131k cirosunun 68 bin 500 TL olmas\u0131 gerekiyor. Ancak kapanan eczanelerinin y\u00fczde 80&#8217;nin cirosu 40 bin TL civar\u0131ndayd\u0131. Bunun en b\u00fcy\u00fck sebebi ise ila\u00e7 fiyatlar\u0131ndaki d\u00fc\u015f\u00fc\u015fler bu d\u00fc\u015f\u00fc\u015flere ba\u011fl\u0131 gelir kay\u0131plar\u0131, ezcac\u0131l\u0131k fak\u00fcltelerinden mezun vermede h\u0131zl\u0131 art\u0131\u015f, rekabet ve i\u015fletmecilik ile y\u00f6netimin zay\u0131f olmas\u0131d\u0131r\u201d dedi.<\/p>\n<p><strong>MEZUN A\u00c7TI\u011eI ECZANEDE EN FAZLA 3 YIL DAYANAB\u0130L\u0130YOR<\/strong><\/p>\n<p>Biricik, eczac\u0131l\u0131k fak\u00fcltelerinin her y\u0131l ortalama bin 500 mezun verdi\u011fini s\u00f6ylerken, \u201cHepsi de eczane a\u00e7\u0131yor. Fark\u0131ndaysan\u0131z her semtte yanyana eczaneler var. Durum b\u00f6yle olunca hepsi promosyon yoluna gidiyor. Yasak olmas\u0131na ra\u011fmen katk\u0131 pay\u0131 alm\u0131yorlar. B\u00f6ylece yanyana eczanelerden biri kapatmak zorunda kal\u0131yor. Son y\u0131llarda ayakta durmak i\u00e7in eczaneler bitkisel ila\u00e7lar da satmaya ba\u015flad\u0131. Bunun i\u00e7in de ciddi b\u00fct\u00e7eler ay\u0131r\u0131yorlar. \u00d6rne\u011fin bir sa\u00e7 d\u00f6k\u00fclmesini engelleyen \u00fcr\u00fcn i\u00e7in vatanda\u015f eczaneye gidiyor. Vatanda\u015f, eczanedeki de\u011fil de ba\u015fka pahal\u0131 bir markay\u0131 soruyor. Eczane sahibi de \u201cBen bu \u00fcr\u00fcn\u00fc de alay\u0131m\u201d diyor. Fakat sonra o \u00fcr\u00fcn de elinde kal\u0131yor. Ba\u015fka bir \u00f6rnek vermek gerekirse de promosyon olay\u0131. Eczaneler 2 liral\u0131k ilac\u0131n yan\u0131na, 5 liral\u0131k \u00e7antay\u0131 veriyorlar. Bu da kapanmalar\u0131n yolunu a\u00e7\u0131yor\u201d \u015feklinde konu\u015ftu.<\/p>\n<p><strong>FAK\u00dcLTELER A\u00c7ILMASIN DED\u0130K, SAYI DAHA DA ARTTI<\/strong><\/p>\n<p>2002 \u00f6ncesine kadar devletten d\u00fczenli olarak para alamad\u0131klar\u0131n\u0131 ancak 2002 sonras\u0131nda bu sistemin de\u011fi\u015fti\u011fini kaydeden Biricik, \u201cT\u00fcrkiye&#8217;de 2011 y\u0131l\u0131na kadar eczac\u0131l\u0131k fak\u00fcltesi say\u0131s\u0131 19 olarak a\u00e7\u0131klanm\u0131\u015ft\u0131. Son 10 y\u0131lda eczac\u0131l\u0131k fak\u00fcltesi say\u0131lar\u0131 s\u00fcrekli art\u0131r\u0131ld\u0131. Eczac\u0131lar\u0131n kamu ve sanayide yeterli d\u00fczeyde istihdam edilmedi\u011fi herkesin bildi\u011fi bir ger\u00e7ektir. Bu nedenle eczac\u0131l\u0131k fak\u00fcltelerinden mezun olan ki\u015filerin tamam\u0131 serbest eczac\u0131l\u0131\u011fa y\u00f6neldi. Bug\u00fcn eczac\u0131l\u0131k fak\u00fclte say\u0131s\u0131 46 oldu\u201d diye konu\u015ftu. Biricik, \u201cKapanmalardaki en b\u00fcy\u00fck sebebin ba\u015f\u0131nda ise i\u015fletmecilik ve y\u00f6netim eksikli\u011fi geliyor. Bu derse de fak\u00fcltelerde fazla a\u011f\u0131rl\u0131k verilmiyor\u201d dedi.<\/p>\n<p><strong>AYAKTA DURMAK \u0130\u00c7\u0130N KONGREDE B\u0130RARAYA GELECE\u011e\u0130Z<\/strong><\/p>\n<p>E\u011fer b\u00f6yle giderse 5 y\u0131l sonra Ya da 10 y\u0131l sonra eczac\u0131l\u0131\u011f\u0131n kalmayaca\u011f\u0131n\u0131 da vurgulayan Biricik, \u201cAyakta kalmak i\u00e7in, eczac\u0131lar\u0131n sorunlar\u0131n\u0131 kamuoyuna sunmak i\u00e7in kas\u0131m ay\u0131nda K\u0131br\u0131s&#8217;ta \u201cEczac\u0131l\u0131k Y\u00f6netimi Zirvesi\u201d adl\u0131 kongre d\u00fczenleyece\u011fiz\u201d diye konu\u015ftu.<\/p>\n<p><strong>ORTAK AKILLA \u00c7\u00d6Z\u00dcM YOLU BULUNMALI<\/strong><\/p>\n<p>Eczac\u0131l\u0131k mesle\u011finin bir\u00e7ok meslekten daha zorlu g\u00fcnler ge\u00e7irdi\u011fini belirten Eczac\u0131l\u0131k Y\u00f6netimi Zirvesi Ba\u015fkan\u0131 Prof. Dr. Erdem Ye\u015filada, \u201cPek \u00e7ok meslekta\u015f\u0131m\u0131z bu s\u0131k\u0131nt\u0131l\u0131 d\u00f6nem i\u00e7inde eski g\u00fcnlerinden \u00e7ok uzak bir durumda meslek ya\u015fam\u0131n\u0131 s\u00fcrd\u00fcr\u00fcyor. Hatta baz\u0131 eczac\u0131lar\u0131m\u0131z da bu s\u00fcre\u00e7te maalesef i\u015flerine son vermek zorunda kald\u0131lar. Ancak \u015funu unutmamak gerekir: B\u00fct\u00fcn bu ya\u015fananlar bizim kabahatimiz de\u011fil ve mesle\u011fin bu kadar s\u0131k\u0131nt\u0131l\u0131 bir tablo i\u00e7ine d\u00fc\u015fmesi de bizi asla k\u00fc\u00e7\u00fcltmez! Eczac\u0131l\u0131k, sa\u011fl\u0131k alan\u0131 i\u00e7inde olmazsa olmaz ve \u00f6nemi kimse taraf\u0131ndan yads\u0131namaz bir meslektir ve art\u0131k kafa kafaya vererek ortak bir ak\u0131lla hepimizin \u00e7\u0131karlar\u0131n\u0131 g\u00f6zetecek \u00e7\u00f6z\u00fcm yollar\u0131n\u0131 birlikte aramam\u0131z\u0131n zaman\u0131 \u00e7oktan gelmi\u015ftir\u201d dedi.<\/p>\n<p>Prof. Dr. Ye\u015filada, \u201cPek \u00e7ok arkada\u015f\u0131m\u0131n b\u00fcy\u00fck s\u0131k\u0131nt\u0131lar i\u00e7inde mesleklerini s\u00fcrd\u00fcrd\u00fcklerini biliyorum. Ancak biz bunlara \u00e7\u00f6z\u00fcmler \u00fcretmezsek kimse bizim i\u00e7in bir \u015fey yapmayacak! Sorunlar\u0131m\u0131z\u0131 ancak ve ancak biz \u00e7\u00f6zebiliriz; \u00e7\u00fcnk\u00fc kimse bizim sorunlar\u0131m\u0131z\u0131 ve bu do\u011frultuda yap\u0131lmas\u0131 gerekenleri bizden daha iyi bilmiyor\u201d \u015feklinde konu\u015ftu.<\/p>\n<p><a href=\"http:\/\/www.hurriyet.com.tr\/ekonomi\/26711067.asp\">http:\/\/www.hurriyet.com.tr\/<wbr \/>ekonomi\/26711067.asp<\/a><\/p>\n<\/div>\n<\/div>\n","protected":false},"excerpt":{"rendered":"<p>30 Haziran 2014 H\u00fcrriyet T\u00fcrkiye&#8217;de son bir y\u0131l i\u00e7erisinde bin eczane kapand\u0131. 4 bin eczane de kapanma tehlikesiyle kar\u015f\u0131 kar\u015f\u0131ya&#46;&#46;&#46;<\/p>\n","protected":false},"author":1,"featured_media":0,"comment_status":"closed","ping_status":"closed","sticky":false,"template":"","format":"standard","meta":{"_jetpack_memberships_contains_paid_content":false,"footnotes":""},"categories":[1],"tags":[],"class_list":["post-4350","post","type-post","status-publish","format-standard","hentry","category-ced"],"aioseo_notices":[],"jetpack_featured_media_url":"","jetpack_sharing_enabled":true,"jetpack-related-posts":[],"_links":{"self":[{"href":"http:\/\/www.ced.org.tr\/index.php?rest_route=\/wp\/v2\/posts\/4350","targetHints":{"allow":["GET"]}}],"collection":[{"href":"http:\/\/www.ced.org.tr\/index.php?rest_route=\/wp\/v2\/posts"}],"about":[{"href":"http:\/\/www.ced.org.tr\/index.php?rest_route=\/wp\/v2\/types\/post"}],"author":[{"embeddable":true,"href":"http:\/\/www.ced.org.tr\/index.php?rest_route=\/wp\/v2\/users\/1"}],"replies":[{"embeddable":true,"href":"http:\/\/www.ced.org.tr\/index.php?rest_route=%2Fwp%2Fv2%2Fcomments&post=4350"}],"version-history":[{"count":1,"href":"http:\/\/www.ced.org.tr\/index.php?rest_route=\/wp\/v2\/posts\/4350\/revisions"}],"predecessor-version":[{"id":4351,"href":"http:\/\/www.ced.org.tr\/index.php?rest_route=\/wp\/v2\/posts\/4350\/revisions\/4351"}],"wp:attachment":[{"href":"http:\/\/www.ced.org.tr\/index.php?rest_route=%2Fwp%2Fv2%2Fmedia&parent=4350"}],"wp:term":[{"taxonomy":"category","embeddable":true,"href":"http:\/\/www.ced.org.tr\/index.php?rest_route=%2Fwp%2Fv2%2Fcategories&post=4350"},{"taxonomy":"post_tag","embeddable":true,"href":"http:\/\/www.ced.org.tr\/index.php?rest_route=%2Fwp%2Fv2%2Ftags&post=4350"}],"curies":[{"name":"wp","href":"https:\/\/api.w.org\/{rel}","templated":true}]}}