{"id":4357,"date":"2014-07-02T22:11:40","date_gmt":"2014-07-02T19:11:40","guid":{"rendered":"http:\/\/www.ced.org.tr\/?p=4357"},"modified":"2014-07-04T16:34:03","modified_gmt":"2014-07-04T13:34:03","slug":"yuregimiz-21-yildir-yangin-yeri","status":"publish","type":"post","link":"http:\/\/www.ced.org.tr\/?p=4357","title":{"rendered":"Y\u00fcre\u011fimiz 21 y\u0131ld\u0131r yang\u0131n yeri!"},"content":{"rendered":"<div style=\"color: #222222;\">\n<p>T\u00fcrkiye tarihinin en karanl\u0131k s\u00fcre\u00e7lerinden biri olarak an\u0131lan Sivas Katliam\u0131 bug\u00fcn 21. y\u0131l\u0131nda&#8230;<\/p>\n<\/div>\n<p><!--more--><\/p>\n<div style=\"color: #222222;\"><a style=\"color: #1155cc;\" href=\"http:\/\/birgun.net\/haber\/yuregimiz-21-yildir-yangin-yeri-16219.html\" target=\"_blank\">http:\/\/birgun.net\/haber\/<wbr \/>yuregimiz-21-yildir-yangin-<wbr \/>yeri-16219.html<\/a><\/div>\n<div style=\"color: #222222;\"><\/div>\n<div style=\"color: #222222;\"><a href=\"http:\/\/www.ced.org.tr\/wp-content\/uploads\/2014\/07\/yuregimiz-21-yildir-yangin-yeri-11.jpg\"><img loading=\"lazy\" decoding=\"async\" class=\"aligncenter wp-image-4358\" src=\"http:\/\/www.ced.org.tr\/wp-content\/uploads\/2014\/07\/yuregimiz-21-yildir-yangin-yeri-11.jpg\" alt=\"yuregimiz-21-yildir-yangin-yeri-1[1]\" width=\"492\" height=\"358\" srcset=\"http:\/\/www.ced.org.tr\/wp-content\/uploads\/2014\/07\/yuregimiz-21-yildir-yangin-yeri-11.jpg 640w, http:\/\/www.ced.org.tr\/wp-content\/uploads\/2014\/07\/yuregimiz-21-yildir-yangin-yeri-11-300x217.jpg 300w\" sizes=\"auto, (max-width: 492px) 100vw, 492px\" \/><\/a><\/div>\n","protected":false},"excerpt":{"rendered":"<p>T\u00fcrkiye tarihinin en karanl\u0131k s\u00fcre\u00e7lerinden biri olarak an\u0131lan Sivas Katliam\u0131 bug\u00fcn 21. y\u0131l\u0131nda&#8230;<\/p>\n","protected":false},"author":1,"featured_media":4358,"comment_status":"closed","ping_status":"closed","sticky":false,"template":"","format":"standard","meta":{"_jetpack_memberships_contains_paid_content":false,"footnotes":""},"categories":[1],"tags":[],"class_list":["post-4357","post","type-post","status-publish","format-standard","has-post-thumbnail","hentry","category-ced"],"aioseo_notices":[],"jetpack_featured_media_url":"http:\/\/www.ced.org.tr\/wp-content\/uploads\/2014\/07\/yuregimiz-21-yildir-yangin-yeri-11.jpg","jetpack_sharing_enabled":true,"jetpack-related-posts":[],"_links":{"self":[{"href":"http:\/\/www.ced.org.tr\/index.php?rest_route=\/wp\/v2\/posts\/4357","targetHints":{"allow":["GET"]}}],"collection":[{"href":"http:\/\/www.ced.org.tr\/index.php?rest_route=\/wp\/v2\/posts"}],"about":[{"href":"http:\/\/www.ced.org.tr\/index.php?rest_route=\/wp\/v2\/types\/post"}],"author":[{"embeddable":true,"href":"http:\/\/www.ced.org.tr\/index.php?rest_route=\/wp\/v2\/users\/1"}],"replies":[{"embeddable":true,"href":"http:\/\/www.ced.org.tr\/index.php?rest_route=%2Fwp%2Fv2%2Fcomments&post=4357"}],"version-history":[{"count":2,"href":"http:\/\/www.ced.org.tr\/index.php?rest_route=\/wp\/v2\/posts\/4357\/revisions"}],"predecessor-version":[{"id":4368,"href":"http:\/\/www.ced.org.tr\/index.php?rest_route=\/wp\/v2\/posts\/4357\/revisions\/4368"}],"wp:featuredmedia":[{"embeddable":true,"href":"http:\/\/www.ced.org.tr\/index.php?rest_route=\/wp\/v2\/media\/4358"}],"wp:attachment":[{"href":"http:\/\/www.ced.org.tr\/index.php?rest_route=%2Fwp%2Fv2%2Fmedia&parent=4357"}],"wp:term":[{"taxonomy":"category","embeddable":true,"href":"http:\/\/www.ced.org.tr\/index.php?rest_route=%2Fwp%2Fv2%2Fcategories&post=4357"},{"taxonomy":"post_tag","embeddable":true,"href":"http:\/\/www.ced.org.tr\/index.php?rest_route=%2Fwp%2Fv2%2Ftags&post=4357"}],"curies":[{"name":"wp","href":"https:\/\/api.w.org\/{rel}","templated":true}]}}