{"id":4361,"date":"2014-06-01T17:33:30","date_gmt":"2014-06-01T14:33:30","guid":{"rendered":"http:\/\/www.ced.org.tr\/?p=4361"},"modified":"2014-07-03T18:15:09","modified_gmt":"2014-07-03T15:15:09","slug":"cagdas-eczacilar-dernegi-olagan-genel-kurulu-gerceklestirildi-2","status":"publish","type":"post","link":"http:\/\/www.ced.org.tr\/?p=4361","title":{"rendered":"\u00c7a\u011fda\u015f Eczac\u0131lar Derne\u011fi Ola\u011fan Genel Kurulu Ger\u00e7ekle\u015ftirildi"},"content":{"rendered":"<p>\u00c7a\u011fda\u015f Eczac\u0131lar Derne\u011fi Ola\u011fan Genel Kurulu 25 May\u0131s 2014 Pazar g\u00fcn\u00fc Pangalt\u0131\u2019ndaki dernek merkezimizde ger\u00e7ekle\u015ftirildi. Yap\u0131lan se\u00e7im sonucunda se\u00e7ilen \u00c7ED Merkez Y\u00f6netim Kurulu ve g\u00f6rev da\u011f\u0131l\u0131m\u0131 \u015fu \u015fekilde olmu\u015ftur:<\/p>\n<p>Ecz. Nurdan DEM\u0130RKAN (Ba\u015fkan)<br \/>\nEcz. Oktay Y\u00dcKSEL (Genel Sekreter)<br \/>\nEcz.\u00a0Banu ER\u0130\u015e (Sayman)<br \/>\nEcz. Ersin SEV\u0130N\u00c7 (\u00dcye)<br \/>\nEcz. Fatma Selda KUYUMCU\u00a0(\u00dcye)<br \/>\nEcz. Nurg\u00fcl AKTAY (\u00dcye)<br \/>\nEcz. F\u00fcsun \u00c7A\u011eLAR (\u00dcye)<br \/>\nEcz. I\u015f\u0131l YILDIRIM (\u00dcye)<br \/>\nEcz. Fatma AK\u015e\u0130T D\u0130KEN\u00a0(\u00dcye)<br \/>\nEcz. Sidar D\u0130KEN(\u00dcye)<br \/>\nEcz. Ayhan AKSOY\u00a0(\u00dcye)<br \/>\nEcz. \u00d6z\u00fcn BAYAR \u00d6ZKAYA (\u00dcye)<br \/>\nEcz. Ayi\u015fe CO\u015eKUN (\u00dcye)<\/p>\n","protected":false},"excerpt":{"rendered":"<p>\u00c7a\u011fda\u015f Eczac\u0131lar Derne\u011fi Ola\u011fan Genel Kurulu 25 May\u0131s 2014 Pazar g\u00fcn\u00fc Pangalt\u0131\u2019ndaki dernek merkezimizde ger\u00e7ekle\u015ftirildi. Yap\u0131lan se\u00e7im sonucunda se\u00e7ilen \u00c7ED&#46;&#46;&#46;<\/p>\n","protected":false},"author":1,"featured_media":0,"comment_status":"closed","ping_status":"closed","sticky":false,"template":"","format":"standard","meta":{"_jetpack_memberships_contains_paid_content":false,"footnotes":""},"categories":[1],"tags":[],"class_list":["post-4361","post","type-post","status-publish","format-standard","hentry","category-ced"],"aioseo_notices":[],"jetpack_featured_media_url":"","jetpack_sharing_enabled":true,"jetpack-related-posts":[],"_links":{"self":[{"href":"http:\/\/www.ced.org.tr\/index.php?rest_route=\/wp\/v2\/posts\/4361","targetHints":{"allow":["GET"]}}],"collection":[{"href":"http:\/\/www.ced.org.tr\/index.php?rest_route=\/wp\/v2\/posts"}],"about":[{"href":"http:\/\/www.ced.org.tr\/index.php?rest_route=\/wp\/v2\/types\/post"}],"author":[{"embeddable":true,"href":"http:\/\/www.ced.org.tr\/index.php?rest_route=\/wp\/v2\/users\/1"}],"replies":[{"embeddable":true,"href":"http:\/\/www.ced.org.tr\/index.php?rest_route=%2Fwp%2Fv2%2Fcomments&post=4361"}],"version-history":[{"count":4,"href":"http:\/\/www.ced.org.tr\/index.php?rest_route=\/wp\/v2\/posts\/4361\/revisions"}],"predecessor-version":[{"id":4367,"href":"http:\/\/www.ced.org.tr\/index.php?rest_route=\/wp\/v2\/posts\/4361\/revisions\/4367"}],"wp:attachment":[{"href":"http:\/\/www.ced.org.tr\/index.php?rest_route=%2Fwp%2Fv2%2Fmedia&parent=4361"}],"wp:term":[{"taxonomy":"category","embeddable":true,"href":"http:\/\/www.ced.org.tr\/index.php?rest_route=%2Fwp%2Fv2%2Fcategories&post=4361"},{"taxonomy":"post_tag","embeddable":true,"href":"http:\/\/www.ced.org.tr\/index.php?rest_route=%2Fwp%2Fv2%2Ftags&post=4361"}],"curies":[{"name":"wp","href":"https:\/\/api.w.org\/{rel}","templated":true}]}}