{"id":4369,"date":"2014-07-04T16:58:27","date_gmt":"2014-07-04T13:58:27","guid":{"rendered":"http:\/\/www.ced.org.tr\/?p=4369"},"modified":"2014-07-04T17:13:08","modified_gmt":"2014-07-04T14:13:08","slug":"serbest-eczaneler-ile-ozel-saglik-kuruluslarinin-ayni-binada-faaliyet-gosteremeyecegi-hukmu-yonetmelige-eklendi","status":"publish","type":"post","link":"http:\/\/www.ced.org.tr\/?p=4369","title":{"rendered":"Serbest eczaneler ile \u00f6zel sa\u011fl\u0131k kurulu\u015flar\u0131n\u0131n ayn\u0131 binada faaliyet g\u00f6steremeyece\u011fi h\u00fckm\u00fc Y\u00f6netmeli\u011fe eklendi"},"content":{"rendered":"<p>3 Temmuz 2014 tarih ve 29049 say\u0131l\u0131 Resmi Gazete&#8217;de yay\u0131mlanan de\u011fi\u015fiklikle Ayakta Te\u015fhis ve Tedavi\u00a0Yap\u0131lan\u00a0\u00d6zel Sa\u011fl\u0131k Kurulu\u015flar\u0131 Hakk\u0131nda Y\u00f6netmeli\u011fin 31. maddesinin 1. f\u0131kras\u0131na serbest eczaneler ile \u00f6zel sa\u011fl\u0131k kurulu\u015flar\u0131n\u0131n ayn\u0131 binada faaliyet g\u00f6steremeyece\u011fine dair a\u015fa\u011f\u0131daki h\u00fck\u00fcm eklenmi\u015ftir.<\/p>\n<p><em>\u00a0\u201cAyn\u0131 bina ve bah\u00e7esi ile m\u00fc\u015ftemilat\u0131 i\u00e7erisinde serbest eczane ile 3153 say\u0131l\u0131 Kanun kapsam\u0131nda g\u00f6r\u00fcnt\u00fcleme hizmeti sunan m\u00fcessese ve\u00a0laboratuvarlar\u00a0hari\u00e7 olmak \u00fczere sa\u011fl\u0131k kurulu\u015flar\u0131 faaliyet g\u00f6steremez. Ayn\u0131 bina ve bah\u00e7esi ile m\u00fc\u015ftemilat\u0131 i\u00e7erisinde\u00a0optisyenlik\u00a0m\u00fcessesesi ile g\u00f6z hastal\u0131klar\u0131 uzman\u0131n\u0131n mesle\u011fini icra etti\u011fi \u00f6zel muayenehane ve sa\u011fl\u0131k kurulu\u015flar\u0131 faaliyet g\u00f6steremez.\u201d<\/em><\/p>\n<p>&nbsp;<\/p>\n<p>Y\u00f6netmelik de\u011fi\u015fikli\u011finin tamam\u0131 i\u00e7in <a href=\"http:\/\/www.resmigazete.gov.tr\/eskiler\/2014\/07\/20140703-5.htm\" target=\"_blank\">t\u0131klay\u0131n\u0131z.<\/a><\/p>\n","protected":false},"excerpt":{"rendered":"<p>3 Temmuz 2014 tarih ve 29049 say\u0131l\u0131 Resmi Gazete&#8217;de yay\u0131mlanan de\u011fi\u015fiklikle Ayakta Te\u015fhis ve Tedavi\u00a0Yap\u0131lan\u00a0\u00d6zel Sa\u011fl\u0131k Kurulu\u015flar\u0131 Hakk\u0131nda Y\u00f6netmeli\u011fin 31.&#46;&#46;&#46;<\/p>\n","protected":false},"author":1,"featured_media":0,"comment_status":"closed","ping_status":"closed","sticky":false,"template":"","format":"standard","meta":{"_jetpack_memberships_contains_paid_content":false,"footnotes":""},"categories":[64],"tags":[],"class_list":["post-4369","post","type-post","status-publish","format-standard","hentry","category-mevzuat"],"aioseo_notices":[],"jetpack_featured_media_url":"","jetpack_sharing_enabled":true,"jetpack-related-posts":[],"_links":{"self":[{"href":"http:\/\/www.ced.org.tr\/index.php?rest_route=\/wp\/v2\/posts\/4369","targetHints":{"allow":["GET"]}}],"collection":[{"href":"http:\/\/www.ced.org.tr\/index.php?rest_route=\/wp\/v2\/posts"}],"about":[{"href":"http:\/\/www.ced.org.tr\/index.php?rest_route=\/wp\/v2\/types\/post"}],"author":[{"embeddable":true,"href":"http:\/\/www.ced.org.tr\/index.php?rest_route=\/wp\/v2\/users\/1"}],"replies":[{"embeddable":true,"href":"http:\/\/www.ced.org.tr\/index.php?rest_route=%2Fwp%2Fv2%2Fcomments&post=4369"}],"version-history":[{"count":6,"href":"http:\/\/www.ced.org.tr\/index.php?rest_route=\/wp\/v2\/posts\/4369\/revisions"}],"predecessor-version":[{"id":4375,"href":"http:\/\/www.ced.org.tr\/index.php?rest_route=\/wp\/v2\/posts\/4369\/revisions\/4375"}],"wp:attachment":[{"href":"http:\/\/www.ced.org.tr\/index.php?rest_route=%2Fwp%2Fv2%2Fmedia&parent=4369"}],"wp:term":[{"taxonomy":"category","embeddable":true,"href":"http:\/\/www.ced.org.tr\/index.php?rest_route=%2Fwp%2Fv2%2Fcategories&post=4369"},{"taxonomy":"post_tag","embeddable":true,"href":"http:\/\/www.ced.org.tr\/index.php?rest_route=%2Fwp%2Fv2%2Ftags&post=4369"}],"curies":[{"name":"wp","href":"https:\/\/api.w.org\/{rel}","templated":true}]}}