{"id":4388,"date":"2014-08-06T14:07:39","date_gmt":"2014-08-06T11:07:39","guid":{"rendered":"http:\/\/www.ced.org.tr\/?p=4388"},"modified":"2014-08-06T14:07:39","modified_gmt":"2014-08-06T11:07:39","slug":"raporda-ve-ilacta-sinirlama-sinyali","status":"publish","type":"post","link":"http:\/\/www.ced.org.tr\/?p=4388","title":{"rendered":"Raporda ve ila\u00e7ta s\u0131n\u0131rlama sinyali"},"content":{"rendered":"<p><span style=\"color: #222222;\">SGK, kontrole tabi ila\u00e7lar ile mor ve turuncu re\u00e7eteye yaz\u0131lan ila\u00e7lar hakk\u0131nda yapt\u0131\u011f\u0131 k\u0131s\u0131tlamalar\u0131 ve rapor d\u00fczenlemelerini TEB\u2019e g\u00f6nderdi.<\/span><\/p>\n<p>Birg\u00fcn &#8211; 06.08.2014<!--more--><\/p>\n<p style=\"color: #222222;\"><a style=\"color: #1155cc;\" href=\"http:\/\/www.birgun.net\/news\/view\/raporda-ve-ilacta-sinirlama-sinyali\/3222\" target=\"_blank\">http:\/\/www.birgun.net\/news\/<wbr \/>view\/raporda-ve-ilacta-<wbr \/>sinirlama-sinyali\/3222<\/a><\/p>\n<p style=\"color: #222222;\"><span style=\"color: #800000;\"><strong>Burcu Cansu\/Ankara<\/strong><\/span><\/p>\n<p style=\"color: #222222;\"><span style=\"color: #000000;\">Sosyal G\u00fcvenlik Kurumu (SGK) taraf\u0131ndan T\u00fcrk Eczac\u0131lar\u0131 Birli\u011fi (TEB)&#8217;ne yaz\u0131lan Kontrole tabi ila\u00e7lar ile mor ve turuncu re\u00e7eteye yaz\u0131lan ila\u00e7lar hakk\u0131nda duyuru yay\u0131mland\u0131. Afyon Eczac\u0131 Odas\u0131 26 Haziran\u2019da Sosyal G\u00fcvenlik Kurumu Sa\u011fl\u0131k Sosyal G\u00fcvenlik Merkez M\u00fcd\u00fcrl\u00fckleri ile kontrole tabi ila\u00e7lar ve kan \u00fcr\u00fcn\u00fc ila\u00e7lar\u0131 konusundaki uygulamalarda g\u00f6r\u00fc\u015f ayr\u0131l\u0131\u011f\u0131 ya\u015fand\u0131\u011f\u0131na ili\u015fkin TEB\u2019e bilgi verdi. TEB, ya\u015fanan g\u00f6r\u00fc\u015f ayr\u0131l\u0131klar\u0131na dair SGK\u2019dan resmi bilgi istedi. SGK ya\u015fanan g\u00f6r\u00fc\u015f ayr\u0131l\u0131klar\u0131na dair TEB\u2019e resmi yaz\u0131 g\u00f6nderdi.<\/span><\/p>\n<p style=\"color: #222222;\"><span style=\"color: #000000;\">SGK\u2019dan yap\u0131lan resmi yaz\u0131da, ila\u00e7larda k\u0131s\u0131tlamaya gidilece\u011fini ve raporlarda da d\u00fczenleme yap\u0131laca\u011f\u0131 a\u00e7\u0131\u011fa \u00e7\u0131kard\u0131.<\/span><\/p>\n<p style=\"color: #222222;\"><span style=\"color: #800000;\"><strong>&#8216;EN FAZLA B\u0130R KUTU \u00d6DER\u0130M&#8217;<\/strong><\/span><br \/>\n<span style=\"color: #000000;\">SGK, TEB\u2019e g\u00f6nderdi\u011fi resmi yaz\u0131da, hiperaktivite ve dikkat eksikli\u011fi tedavisinde psikiyatri uzmanlar\u0131nca re\u00e7ete edilebilen, Concerta tabletin t\u00fcm formlar\u0131n\u0131n 1 kutudan fazla re\u00e7ete edilmesi durumunda sa\u011fl\u0131k kurulu raporu istenmesi ile ilgili olarak \u015funlar\u0131 kaydetti:<br \/>\n*Hastan\u0131n tedavisinde ilk defa re\u00e7ete edilecek ila\u00e7lar (raporlu olsa dahi) kullan\u0131m dozuna g\u00f6re, bir ay\u0131 ge\u00e7meyecek s\u00fcrelerde en fazla 1 kutu \u00f6denir. K\u00fcr protokol\u00fc uygulanan ila\u00e7larda ise 1 k\u00fcre yetecek miktarda ilac\u0131n bedeli \u00f6denir. Sonraki re\u00e7etelerde yaz\u0131lacak ila\u00e7 miktar\u0131 i\u00e7in SUT\u2019ta yer alan genel veya \u00f6zel d\u00fczenlemeler esas al\u0131n\u0131r.<\/span><\/p>\n<p style=\"color: #222222;\"><span style=\"color: #000000;\">*Rapor d\u00fczenlenmesine ili\u015fkin \u00f6zel d\u00fczenlemede herhangi bir h\u00fck\u00fcm yer almad\u0131\u011f\u0131ndan Metil Fenidat HCl i\u00e7eren ila\u00e7lar\u0131n raporlanmas\u0131n\u0131n Sa\u011fl\u0131k Uygulama Tebli\u011finde belirtilen genel d\u00fczenlemelere g\u00f6re yap\u0131l\u0131r.<br \/>\n*S\u00f6z konusu ila\u00e7lar\u0131n k\u0131rm\u0131z\u0131 re\u00e7ete kapsam\u0131nda kar\u015f\u0131lanmas\u0131 ve \u201cG\u00fcvenlik ve endikasyon formu olan ila\u00e7lar ile uyu\u015fturucu ve psikotrop ila\u00e7lar\u0131n re\u00e7eteye yaz\u0131lacak maksimum dozlar\u0131, varsa rapor s\u00fcreleri ve ko\u015fullar\u0131 ile re\u00e7eteleme ko\u015fullar\u0131 konusunda, SUT\u2019ta bulunan \u00f6zel d\u00fczenlemeler sakl\u0131 kalmak kayd\u0131yla T\u0130TCK\u2019ca belirlenen kurallara uyulacakt\u0131r.\u201d<\/span><\/p>\n<p style=\"color: #222222;\"><span style=\"color: #800000;\"><strong>MOR VE TURUNCU RE\u00c7ETEYE YAZILAN \u0130LA\u00c7LAR<\/strong><\/span><\/p>\n<p style=\"color: #222222;\"><span style=\"color: #000000;\">SGK, TEB\u2019e g\u00f6nderdi\u011fi yaz\u0131da mor ve turuncu re\u00e7eteli ila\u00e7lar i\u00e7in ise \u015fu bilgileri aktard\u0131:<br \/>\n*\u201cHemofili hastalar\u0131 i\u00e7in en az bir hematoloji uzman hekiminin imzas\u0131n\u0131n da bulundu\u011fu sa\u011fl\u0131k kurulu raporu d\u00fczenlenecektir. Hemofili hastalar\u0131 i\u00e7in d\u00fczenlenen sa\u011fl\u0131k kurulu raporlar\u0131nda, fakt\u00f6r d\u00fczeyleri ve hematoloji uzman hekimi ibaresi mutlaka belirtilecektir.\u201d<br \/>\n*\u201cKan \u00fcr\u00fcn\u00fc re\u00e7eteleri, ilgili birimlerden al\u0131nacak sa\u011fl\u0131k kurulu raporlar\u0131na ba\u011fl\u0131 olarak uzman hekimler taraf\u0131ndan yaz\u0131labilecektir. Ancak, acil hallerde kullan\u0131lmas\u0131 zorunlu olan \u00fcr\u00fcnlerden yaln\u0131z tetanos ve anti D imm\u00fcnglobulinleri ile larenks \u00f6demi ile ba\u015fvuran herediter anjiyo\u00f6dem tan\u0131l\u0131 hastalar\u0131n acil (akut) tedavisinde C1 esteraz inhibit\u00f6rleri i\u00e7in sa\u011fl\u0131k kurulu raporu ve mor re\u00e7ete \u015fart\u0131 aranmayacakt\u0131r.\u201d<\/span><\/p>\n","protected":false},"excerpt":{"rendered":"<p>SGK, kontrole tabi ila\u00e7lar ile mor ve turuncu re\u00e7eteye yaz\u0131lan ila\u00e7lar hakk\u0131nda yapt\u0131\u011f\u0131 k\u0131s\u0131tlamalar\u0131 ve rapor d\u00fczenlemelerini TEB\u2019e g\u00f6nderdi. Birg\u00fcn&#46;&#46;&#46;<\/p>\n","protected":false},"author":1,"featured_media":0,"comment_status":"closed","ping_status":"closed","sticky":false,"template":"","format":"standard","meta":{"_jetpack_memberships_contains_paid_content":false,"footnotes":""},"categories":[62],"tags":[],"class_list":["post-4388","post","type-post","status-publish","format-standard","hentry","category-sagliktan-haberler"],"aioseo_notices":[],"jetpack_featured_media_url":"","jetpack_sharing_enabled":true,"jetpack-related-posts":[],"_links":{"self":[{"href":"http:\/\/www.ced.org.tr\/index.php?rest_route=\/wp\/v2\/posts\/4388","targetHints":{"allow":["GET"]}}],"collection":[{"href":"http:\/\/www.ced.org.tr\/index.php?rest_route=\/wp\/v2\/posts"}],"about":[{"href":"http:\/\/www.ced.org.tr\/index.php?rest_route=\/wp\/v2\/types\/post"}],"author":[{"embeddable":true,"href":"http:\/\/www.ced.org.tr\/index.php?rest_route=\/wp\/v2\/users\/1"}],"replies":[{"embeddable":true,"href":"http:\/\/www.ced.org.tr\/index.php?rest_route=%2Fwp%2Fv2%2Fcomments&post=4388"}],"version-history":[{"count":1,"href":"http:\/\/www.ced.org.tr\/index.php?rest_route=\/wp\/v2\/posts\/4388\/revisions"}],"predecessor-version":[{"id":4389,"href":"http:\/\/www.ced.org.tr\/index.php?rest_route=\/wp\/v2\/posts\/4388\/revisions\/4389"}],"wp:attachment":[{"href":"http:\/\/www.ced.org.tr\/index.php?rest_route=%2Fwp%2Fv2%2Fmedia&parent=4388"}],"wp:term":[{"taxonomy":"category","embeddable":true,"href":"http:\/\/www.ced.org.tr\/index.php?rest_route=%2Fwp%2Fv2%2Fcategories&post=4388"},{"taxonomy":"post_tag","embeddable":true,"href":"http:\/\/www.ced.org.tr\/index.php?rest_route=%2Fwp%2Fv2%2Ftags&post=4388"}],"curies":[{"name":"wp","href":"https:\/\/api.w.org\/{rel}","templated":true}]}}