{"id":4391,"date":"2014-08-10T14:00:04","date_gmt":"2014-08-10T11:00:04","guid":{"rendered":"http:\/\/www.ced.org.tr\/?p=4391"},"modified":"2014-08-10T14:01:30","modified_gmt":"2014-08-10T11:01:30","slug":"vefat-ve-bassagligi-7","status":"publish","type":"post","link":"http:\/\/www.ced.org.tr\/?p=4391","title":{"rendered":"Vefat ve Ba\u015fsa\u011fl\u0131\u011f\u0131"},"content":{"rendered":"<p>Derne\u011fimizin \u00fcyesi, arkada\u015f\u0131m\u0131z Ecz. Abdurrahman Aslan&#8217;\u0131n ye\u011feni Dicle Sida Aslan vefat etmi\u015ftir. Cenazesi 10 A\u011fustos 2014 Pazar g\u00fcn\u00fc ikindi namaz\u0131ndan sonra Karacak\u00f6y Camii&#8217;nden kald\u0131r\u0131larak \u00c7atalca Karacak\u00f6y Mezarl\u0131\u011f\u0131nda topra\u011fa verilecektir.<\/p>\n<p>Meslekta\u015flar\u0131m\u0131za ve yak\u0131nlar\u0131na ba\u015fsa\u011fl\u0131\u011f\u0131 dileriz.<\/p>\n<p style=\"text-align: center;\"><b>\u00c7a\u011fda\u015f Eczac\u0131lar Derne\u011fi<\/b><\/p>\n<p style=\"text-align: center;\"><!--more--><\/p>\n","protected":false},"excerpt":{"rendered":"<p>Derne\u011fimizin \u00fcyesi, arkada\u015f\u0131m\u0131z Ecz. Abdurrahman Aslan&#8217;\u0131n ye\u011feni Dicle Sida Aslan vefat etmi\u015ftir. Cenazesi 10 A\u011fustos 2014 Pazar g\u00fcn\u00fc ikindi namaz\u0131ndan&#46;&#46;&#46;<\/p>\n","protected":false},"author":1,"featured_media":0,"comment_status":"closed","ping_status":"closed","sticky":false,"template":"","format":"standard","meta":{"_jetpack_memberships_contains_paid_content":false,"footnotes":""},"categories":[1],"tags":[],"class_list":["post-4391","post","type-post","status-publish","format-standard","hentry","category-ced"],"aioseo_notices":[],"jetpack_featured_media_url":"","jetpack_sharing_enabled":true,"jetpack-related-posts":[],"_links":{"self":[{"href":"http:\/\/www.ced.org.tr\/index.php?rest_route=\/wp\/v2\/posts\/4391","targetHints":{"allow":["GET"]}}],"collection":[{"href":"http:\/\/www.ced.org.tr\/index.php?rest_route=\/wp\/v2\/posts"}],"about":[{"href":"http:\/\/www.ced.org.tr\/index.php?rest_route=\/wp\/v2\/types\/post"}],"author":[{"embeddable":true,"href":"http:\/\/www.ced.org.tr\/index.php?rest_route=\/wp\/v2\/users\/1"}],"replies":[{"embeddable":true,"href":"http:\/\/www.ced.org.tr\/index.php?rest_route=%2Fwp%2Fv2%2Fcomments&post=4391"}],"version-history":[{"count":2,"href":"http:\/\/www.ced.org.tr\/index.php?rest_route=\/wp\/v2\/posts\/4391\/revisions"}],"predecessor-version":[{"id":4393,"href":"http:\/\/www.ced.org.tr\/index.php?rest_route=\/wp\/v2\/posts\/4391\/revisions\/4393"}],"wp:attachment":[{"href":"http:\/\/www.ced.org.tr\/index.php?rest_route=%2Fwp%2Fv2%2Fmedia&parent=4391"}],"wp:term":[{"taxonomy":"category","embeddable":true,"href":"http:\/\/www.ced.org.tr\/index.php?rest_route=%2Fwp%2Fv2%2Fcategories&post=4391"},{"taxonomy":"post_tag","embeddable":true,"href":"http:\/\/www.ced.org.tr\/index.php?rest_route=%2Fwp%2Fv2%2Ftags&post=4391"}],"curies":[{"name":"wp","href":"https:\/\/api.w.org\/{rel}","templated":true}]}}