{"id":4395,"date":"2014-08-20T09:58:55","date_gmt":"2014-08-20T06:58:55","guid":{"rendered":"http:\/\/www.ced.org.tr\/?p=4395"},"modified":"2014-08-20T10:43:48","modified_gmt":"2014-08-20T07:43:48","slug":"isidin-yaptigi-katliamlari-sadece-kinamak-yetmez-dayanisma-gerekir","status":"publish","type":"post","link":"http:\/\/www.ced.org.tr\/?p=4395","title":{"rendered":"I\u015eiD&#8217;\u0131n yapt\u0131\u011f\u0131 katliamlar\u0131 sadece k\u0131namak yetmez, dayan\u0131\u015fma gerekir"},"content":{"rendered":"<div style=\"color: #222222;\">I\u015eID&#8217;\u0131n yapt\u0131\u011f\u0131 katliamlardan kurtulabilen insanlar\u0131n bir k\u0131sm\u0131 da Silopi&#8217;ye ka\u00e7abilmi\u015f ancak \u00e7ok k\u00f6t\u00fc \u015fartlarda hayatlar\u0131n\u0131 devam ettirmeye \u00e7al\u0131\u015f\u0131yor.<\/div>\n<div style=\"color: #222222;\"><\/div>\n<div style=\"color: #222222;\">\u0130stanbul Ecza Koop\u00a0\u00a0acil ila\u00e7 yard\u0131m\u0131\u00a0kampanyas\u0131 d\u00fczenledi.<\/div>\n<div style=\"color: #222222;\"><\/div>\n<div style=\"color: #222222;\">Bu yard\u0131m\u00a0kampanyas\u0131na\u00a0kat\u0131lmak\u00a0 insani bir g\u00f6revdir. I\u015eID&#8217;\u0131n yapt\u0131\u011f\u0131 insanl\u0131k d\u0131\u015f\u0131 katliamlar\u0131 sadece k\u0131namak yetmiyor.<\/div>\n<div style=\"color: #222222;\">Kampanyaya kat\u0131lmak i\u00e7in \u0130stanbul Ecza Koop ile veya bizlerle temas kurabilirsiniz.<\/div>\n<div style=\"color: #222222;\"><\/div>\n<p>&nbsp;<\/p>\n<div style=\"color: #222222; text-align: center;\"><strong>\u00c7a\u011fda\u015f Eczac\u0131lar Derne\u011fi<\/strong><\/div>\n<p>&nbsp;<\/p>\n<div style=\"color: #222222; text-align: center;\"><\/div>\n<div style=\"color: #222222; text-align: left;\">\u00c7ED ileti\u015fim: Sidar Diken 05362494452 &#8211; Oktay Y\u00fcksel 0532425025<\/div>\n<p>&nbsp;<\/p>\n<div style=\"color: #222222; text-align: center;\">\n<div style=\"text-align: left;\"><strong>\u0130NSANLIK ADINA DAYANI\u015eMAYA DEVAM!<\/strong><\/div>\n<div style=\"text-align: left;\"><strong>19.08.2014<\/strong><\/div>\n<div style=\"text-align: left;\"><\/div>\n<div style=\"text-align: left;\">\n<p><a href=\"http:\/\/www.ced.org.tr\/wp-content\/uploads\/2014\/08\/ezidi2.png\"><img loading=\"lazy\" decoding=\"async\" class=\"size-full wp-image-4396 aligncenter\" src=\"http:\/\/www.ced.org.tr\/wp-content\/uploads\/2014\/08\/ezidi2.png\" alt=\"ezidi2\" width=\"698\" height=\"339\" srcset=\"http:\/\/www.ced.org.tr\/wp-content\/uploads\/2014\/08\/ezidi2.png 698w, http:\/\/www.ced.org.tr\/wp-content\/uploads\/2014\/08\/ezidi2-300x145.png 300w\" sizes=\"auto, (max-width: 698px) 100vw, 698px\" \/><\/a>YEN\u0130 B\u0130R \u0130NSANLIK DRAMI DAHA YANI BA\u015eIMIZDA, \u015eENGAL\u2019DE YA\u015eANIYOR. I\u015e\u0130D SOYKIRIMINDAN KA\u00c7AN Y\u00dcZB\u0130NLERCE EZ\u0130D\u0130 DA\u011eLARDA A\u00c7LIK VE SUSUZLU\u011eA TERKED\u0130LM\u0130\u015e, YA\u015eAM SAVA\u015eI VER\u0130YOR. B\u0130R B\u00d6L\u00dcM\u00dc DE S\u0130LOP\u0130\u2019DE KURULAN \u00c7ADIR KENTLERE SI\u011eINMI\u015e DURUMDA.<\/p>\n<p>DAYANI\u015eMAMIZ \u015e\u0130MD\u0130 DE \u015eENGAL\u2019E VE EZ\u0130D\u0130LERE AC\u0130L \u0130LA\u00c7 KAMPANYASI \u0130\u00c7\u0130N. DESTEKLER\u0130N\u0130Z\u0130 BEKL\u0130YORUZ. YARDIM KAMPANYASI \u0130\u00c7\u0130N SATI\u015e ELEMANINIZLA \u0130LET\u0130\u015e\u0130ME GE\u00c7\u0130N\u0130Z.<\/p>\n<p><strong>\u0130STANBUL ECZACILAR \u00a0KOOPERAT\u0130F\u0130<\/strong><\/p>\n<p><a href=\"http:\/\/www.ist.eczakoop.org.tr\/Haber-Detay\/1369\/iNSANLiK-ADiNA-DAYANisMAYA-DEVAM!\/index.html\">http:\/\/www.ist.eczakoop.org.tr\/Haber-Detay\/1369\/iNSANLiK-ADiNA-DAYANisMAYA-DEVAM!\/index.html<\/a><\/p>\n<\/div>\n<\/div>\n","protected":false},"excerpt":{"rendered":"<p>I\u015eID&#8217;\u0131n yapt\u0131\u011f\u0131 katliamlardan kurtulabilen insanlar\u0131n bir k\u0131sm\u0131 da Silopi&#8217;ye ka\u00e7abilmi\u015f ancak \u00e7ok k\u00f6t\u00fc \u015fartlarda hayatlar\u0131n\u0131 devam ettirmeye \u00e7al\u0131\u015f\u0131yor. \u0130stanbul Ecza&#46;&#46;&#46;<\/p>\n","protected":false},"author":1,"featured_media":4396,"comment_status":"closed","ping_status":"closed","sticky":false,"template":"","format":"standard","meta":{"_jetpack_memberships_contains_paid_content":false,"footnotes":""},"categories":[1],"tags":[],"class_list":["post-4395","post","type-post","status-publish","format-standard","has-post-thumbnail","hentry","category-ced"],"aioseo_notices":[],"jetpack_featured_media_url":"http:\/\/www.ced.org.tr\/wp-content\/uploads\/2014\/08\/ezidi2.png","jetpack_sharing_enabled":true,"jetpack-related-posts":[],"_links":{"self":[{"href":"http:\/\/www.ced.org.tr\/index.php?rest_route=\/wp\/v2\/posts\/4395","targetHints":{"allow":["GET"]}}],"collection":[{"href":"http:\/\/www.ced.org.tr\/index.php?rest_route=\/wp\/v2\/posts"}],"about":[{"href":"http:\/\/www.ced.org.tr\/index.php?rest_route=\/wp\/v2\/types\/post"}],"author":[{"embeddable":true,"href":"http:\/\/www.ced.org.tr\/index.php?rest_route=\/wp\/v2\/users\/1"}],"replies":[{"embeddable":true,"href":"http:\/\/www.ced.org.tr\/index.php?rest_route=%2Fwp%2Fv2%2Fcomments&post=4395"}],"version-history":[{"count":19,"href":"http:\/\/www.ced.org.tr\/index.php?rest_route=\/wp\/v2\/posts\/4395\/revisions"}],"predecessor-version":[{"id":4415,"href":"http:\/\/www.ced.org.tr\/index.php?rest_route=\/wp\/v2\/posts\/4395\/revisions\/4415"}],"wp:featuredmedia":[{"embeddable":true,"href":"http:\/\/www.ced.org.tr\/index.php?rest_route=\/wp\/v2\/media\/4396"}],"wp:attachment":[{"href":"http:\/\/www.ced.org.tr\/index.php?rest_route=%2Fwp%2Fv2%2Fmedia&parent=4395"}],"wp:term":[{"taxonomy":"category","embeddable":true,"href":"http:\/\/www.ced.org.tr\/index.php?rest_route=%2Fwp%2Fv2%2Fcategories&post=4395"},{"taxonomy":"post_tag","embeddable":true,"href":"http:\/\/www.ced.org.tr\/index.php?rest_route=%2Fwp%2Fv2%2Ftags&post=4395"}],"curies":[{"name":"wp","href":"https:\/\/api.w.org\/{rel}","templated":true}]}}