{"id":4421,"date":"2014-08-20T19:48:54","date_gmt":"2014-08-20T16:48:54","guid":{"rendered":"http:\/\/www.ced.org.tr\/?p=4421"},"modified":"2014-08-20T19:48:54","modified_gmt":"2014-08-20T16:48:54","slug":"who-ebola-krizi-hafife-alindi","status":"publish","type":"post","link":"http:\/\/www.ced.org.tr\/?p=4421","title":{"rendered":"WHO: Ebola krizi hafife al\u0131nd\u0131"},"content":{"rendered":"<div style=\"color: #222222;\">BBC- 15.08.2014<\/div>\n<div style=\"color: #222222;\"><\/div>\n<div style=\"color: #222222;\">Ebola&#8217;dan \u00f6lenlerin say\u0131s\u0131 1069&#8217;a \u00e7\u0131karken, D\u00fcnya Sa\u011fl\u0131k \u00d6rg\u00fct\u00fc (WHO) salg\u0131n\u0131n &#8220;\u00e7ok b\u00fcy\u00fck \u00f6l\u00e7\u00fcde hafife al\u0131nd\u0131\u011f\u0131n\u0131&#8221; a\u00e7\u0131klad\u0131.<\/div>\n<div style=\"color: #222222;\">\n<p>Ba\u015fta grip benzeri belirtiler g\u00f6steren hastal\u0131k, g\u00f6zler ve di\u015fetleri gibi b\u00f6lgelerde kanamaya ve organlar\u0131n iflas etmesine yol a\u00e7an i\u00e7 kanamaya yol a\u00e7\u0131yor.<\/p>\n<p>Ebola vir\u00fcs\u00fc ta\u015f\u0131yan ki\u015filerin v\u00fccut s\u0131v\u0131lar\u0131yla do\u011frudan temas sonucu bula\u015f\u0131yor.<\/p>\n<p>Kurulu\u015f, \u00e7al\u0131\u015fanlar\u0131n\u0131n bildirilen Ebola vakalar\u0131 ve \u00f6l\u00fcmlerinin krizin boyutunu yans\u0131tmad\u0131\u011f\u0131n\u0131 g\u00f6stereren kan\u0131tlar g\u00f6rd\u00fc\u011f\u00fcn\u00fc belirtti.<\/p>\n<p>\u00d6rg\u00fctten yap\u0131lan yaz\u0131l\u0131 a\u00e7\u0131klamada &#8220;ola\u011fan\u00fcst\u00fc \u00f6nlemler&#8221; al\u0131nmas\u0131 gerekti\u011fi vurguland\u0131.<\/p>\n<p>Ge\u00e7en \u015eubat ay\u0131nda Gine&#8217;de ba\u015flayan salg\u0131n Liberya, Sierra Leone ve Nijerya&#8217;ya yay\u0131ld\u0131.<\/p>\n<p>Ancak WHO hastal\u0131k havadan bula\u015fmad\u0131\u011f\u0131 i\u00e7in havayoluyla seyahatte vir\u00fcse yakalanma riskinin d\u00fc\u015f\u00fck oldu\u011funu bildirdi.<\/p>\n<p>WHO salg\u0131n\u0131n &#8220;bir s\u00fcre daha devam etmesinin&#8221; beklendi\u011fini a\u00e7\u0131klad\u0131.<\/p>\n<p>A\u00e7\u0131klamada, &#8220;Salg\u0131n\u0131n g\u00f6r\u00fcld\u00fc\u011f\u00fc yerlerdeki personelimiz bildirilen vakalar\u0131n salg\u0131n\u0131n boyutlar\u0131n\u0131 temsil etmekten \u00e7ok uzak oldu\u011funu g\u00f6steren kan\u0131tlar g\u00f6rd\u00fc. &#8221; denildi.<\/p>\n<p>\u00d6rg\u00fct salg\u0131nla m\u00fccadeledeki zorluklardan birinin &#8220;doktor say\u0131s\u0131n\u0131n \u00e7ok az, korkunun ise b\u00fcy\u00fck oldu\u011fu, sa\u011fl\u0131k sisteminin \u00e7al\u0131\u015fmad\u0131\u011f\u0131, a\u015f\u0131r\u0131 yoksul yerlerde g\u00f6r\u00fclmesi&#8221; oldu\u011funu belirtti.<\/p>\n<h2>Dedikodu can ald\u0131<\/h2>\n<p>Bu arada Nijerya&#8217;da Ebola&#8217;ya yakalanmay\u0131 \u00f6nledi\u011fi dedikodular\u0131 yay\u0131lan tuzlu bir s\u0131v\u0131y\u0131 i\u00e7en iki ki\u015finin \u00f6ld\u00fc\u011f\u00fc a\u00e7\u0131kland\u0131.<\/p>\n<p>Sa\u011fl\u0131k bakan\u0131n\u0131n dedikodular\u0131 yalanlamas\u0131na kar\u015f\u0131n, s\u0131v\u0131y\u0131 i\u00e7en \u00e7ok say\u0131da ki\u015fi hastaneye kald\u0131r\u0131ld\u0131.<\/p>\n<p>Ebola vir\u00fcs\u00fc ta\u015f\u0131yan ki\u015filerin v\u00fccut s\u0131v\u0131lar\u0131yla do\u011frudan temas sonucu bula\u015f\u0131yor.<\/p>\n<p>Ba\u015fta grip benzeri belirtiler g\u00f6steren hastal\u0131k, g\u00f6zler ve di\u015fetleri gibi b\u00f6lgelerde kanamaya ve organlar\u0131n iflas etmesine yol a\u00e7an i\u00e7 kanamaya yol a\u00e7\u0131yor.<\/p>\n<p><a style=\"color: #1155cc;\" href=\"http:\/\/www.bbc.co.uk\/turkce\/konular\/health\/\" target=\"_blank\">http:\/\/www.bbc.co.uk\/turkce\/<wbr \/>konular\/health\/<\/a><\/p>\n<div><\/div>\n<\/div>\n","protected":false},"excerpt":{"rendered":"<p>BBC- 15.08.2014 Ebola&#8217;dan \u00f6lenlerin say\u0131s\u0131 1069&#8217;a \u00e7\u0131karken, D\u00fcnya Sa\u011fl\u0131k \u00d6rg\u00fct\u00fc (WHO) salg\u0131n\u0131n &#8220;\u00e7ok b\u00fcy\u00fck \u00f6l\u00e7\u00fcde hafife al\u0131nd\u0131\u011f\u0131n\u0131&#8221; a\u00e7\u0131klad\u0131. Ba\u015fta grip&#46;&#46;&#46;<\/p>\n","protected":false},"author":1,"featured_media":0,"comment_status":"closed","ping_status":"closed","sticky":false,"template":"","format":"standard","meta":{"_jetpack_memberships_contains_paid_content":false,"footnotes":""},"categories":[62],"tags":[],"class_list":["post-4421","post","type-post","status-publish","format-standard","hentry","category-sagliktan-haberler"],"aioseo_notices":[],"jetpack_featured_media_url":"","jetpack_sharing_enabled":true,"jetpack-related-posts":[],"_links":{"self":[{"href":"http:\/\/www.ced.org.tr\/index.php?rest_route=\/wp\/v2\/posts\/4421","targetHints":{"allow":["GET"]}}],"collection":[{"href":"http:\/\/www.ced.org.tr\/index.php?rest_route=\/wp\/v2\/posts"}],"about":[{"href":"http:\/\/www.ced.org.tr\/index.php?rest_route=\/wp\/v2\/types\/post"}],"author":[{"embeddable":true,"href":"http:\/\/www.ced.org.tr\/index.php?rest_route=\/wp\/v2\/users\/1"}],"replies":[{"embeddable":true,"href":"http:\/\/www.ced.org.tr\/index.php?rest_route=%2Fwp%2Fv2%2Fcomments&post=4421"}],"version-history":[{"count":1,"href":"http:\/\/www.ced.org.tr\/index.php?rest_route=\/wp\/v2\/posts\/4421\/revisions"}],"predecessor-version":[{"id":4422,"href":"http:\/\/www.ced.org.tr\/index.php?rest_route=\/wp\/v2\/posts\/4421\/revisions\/4422"}],"wp:attachment":[{"href":"http:\/\/www.ced.org.tr\/index.php?rest_route=%2Fwp%2Fv2%2Fmedia&parent=4421"}],"wp:term":[{"taxonomy":"category","embeddable":true,"href":"http:\/\/www.ced.org.tr\/index.php?rest_route=%2Fwp%2Fv2%2Fcategories&post=4421"},{"taxonomy":"post_tag","embeddable":true,"href":"http:\/\/www.ced.org.tr\/index.php?rest_route=%2Fwp%2Fv2%2Ftags&post=4421"}],"curies":[{"name":"wp","href":"https:\/\/api.w.org\/{rel}","templated":true}]}}