{"id":4424,"date":"2014-08-26T12:02:44","date_gmt":"2014-08-26T09:02:44","guid":{"rendered":"http:\/\/www.ced.org.tr\/?p=4424"},"modified":"2014-08-26T12:02:44","modified_gmt":"2014-08-26T09:02:44","slug":"eczacilar-ve-eczaneler-hakkinda-yonetmelik-degisikligi","status":"publish","type":"post","link":"http:\/\/www.ced.org.tr\/?p=4424","title":{"rendered":"Eczac\u0131lar ve Eczaneler Hakk\u0131nda Y\u00f6netmelik De\u011fi\u015fikli\u011fi"},"content":{"rendered":"<p>T\u00fcrkiye \u0130la\u00e7 ve T\u0131bbi Cihaz Kurumu taraf\u0131ndan 23.08.2014 tarih ve <span style=\"color: #000000;\">29097 say\u0131l\u0131 Resmi Gazete&#8217;de\u00a0Eczac\u0131lar ve Eczaneler Hakk\u0131nda Y\u00f6netmelikte De\u011fi\u015fiklik Yap\u0131lmas\u0131na Dair Y\u00f6netmelik yay\u0131mlanm\u0131\u015ft\u0131r.<\/span><\/p>\n<p>Y\u00f6netmelik de\u011fi\u015fikli\u011fi a\u015fa\u011f\u0131da bilgilerinize sunulur.<\/p>\n<p>&nbsp;<\/p>\n<p>23 A\u011fustos 2014\u00a0\u00a0CUMARTES\u0130<\/p>\n<p><strong>Resm\u00ee Gazete<\/strong><\/p>\n<p>Say\u0131 : 29097<\/p>\n<p><strong>Y\u00d6NETMEL\u0130K<\/strong><\/p>\n<p>T\u00fcrkiye \u0130la\u00e7 ve T\u0131bbi Cihaz Kurumundan:<\/p>\n<p>ECZACILAR VE ECZANELER HAKKINDA Y\u00d6NETMEL\u0130KTE<\/p>\n<p>DE\u011e\u0130\u015e\u0130KL\u0130K YAPILMASINA DA\u0130R Y\u00d6NETMEL\u0130K<\/p>\n<p><strong>MADDE 1 \u2013\u00a0<\/strong>12\/4\/2014\u00a0tarihli ve 28970 say\u0131l\u0131 Resm\u00ee Gazete\u2019de yay\u0131mlanan Eczac\u0131lar ve Eczaneler Hakk\u0131nda Y\u00f6netmeli\u011fin 11 inci maddesine a\u015fa\u011f\u0131daki f\u0131kra eklenmi\u015ftir.<\/p>\n<p>\u201c(2) Faaliyette olan eczanelerle ilgili muvazaa \u015f\u00fcphesi bulunmas\u0131 halinde de muvazaa de\u011ferlendirmesi Y\u00f6netmelik h\u00fck\u00fcmleri ve Kurumca belirlenecek\u00a0us\u00fbl\u00a0ve esaslar do\u011frultusunda yap\u0131l\u0131r.\u201d<\/p>\n<p><strong>MADDE 2 \u2013<\/strong>\u00a0Ayn\u0131 Y\u00f6netmeli\u011fin 25 inci maddesinin birinci f\u0131kras\u0131 a\u015fa\u011f\u0131daki \u015fekilde de\u011fi\u015ftirilmi\u015ftir.<\/p>\n<p>\u201c(1) Bu Y\u00f6netmelik y\u00fcr\u00fcrl\u00fc\u011fe girdikten sonra a\u00e7\u0131lacak ve nakil yap\u0131lacak eczanelerin isimleri, eczanenin a\u00e7\u0131laca\u011f\u0131 il i\u00e7inde bulunan eczanelerle ayn\u0131 isimlerde olamaz.\u201d<\/p>\n<p><strong>MADDE 3 \u2013<\/strong>\u00a0Ayn\u0131 Y\u00f6netmeli\u011fin 46\u00a0nc\u0131\u00a0maddesinin birinci f\u0131kras\u0131 a\u015fa\u011f\u0131daki \u015fekilde de\u011fi\u015ftirilmi\u015ftir.<\/p>\n<p>\u201c(1) Eczane denetimleri, Kurum sa\u011fl\u0131k denet\u00e7ileri, sa\u011fl\u0131k m\u00fcd\u00fcrl\u00fc\u011f\u00fc taraf\u0131ndan g\u00f6revlendirilecek eczac\u0131, sa\u011fl\u0131k m\u00fcd\u00fcrl\u00fc\u011f\u00fcnde g\u00f6revli eczac\u0131 yoksa ildeki Bakanl\u0131k ve ba\u011fl\u0131 kurulu\u015flar\u0131na ait kurum ve kurulu\u015flarda g\u00f6rev yapan ve sa\u011fl\u0131k m\u00fcd\u00fcrl\u00fc\u011f\u00fc taraf\u0131ndan g\u00f6revlendirilecek eczac\u0131 veya resmi tabip taraf\u0131ndan yap\u0131l\u0131r.\u201d<\/p>\n<p><strong>MADDE 4 \u2013<\/strong>\u00a0Bu Y\u00f6netmelik yay\u0131m\u0131 tarihinde y\u00fcr\u00fcrl\u00fc\u011fe girer.<\/p>\n<p><strong>MADDE 5 \u2013<\/strong>\u00a0Bu Y\u00f6netmelik h\u00fck\u00fcmlerini T\u00fcrkiye \u0130la\u00e7 ve T\u0131bbi Cihaz Kurumu Ba\u015fkan\u0131 y\u00fcr\u00fct\u00fcr.<\/p>\n<p>&nbsp;<\/p>\n<p><a href=\"http:\/\/www.resmigazete.gov.tr\/eskiler\/2014\/08\/20140823-4.htm\">http:\/\/www.resmigazete.gov.tr\/eskiler\/2014\/08\/20140823-4.htm<\/a><\/p>\n","protected":false},"excerpt":{"rendered":"<p>T\u00fcrkiye \u0130la\u00e7 ve T\u0131bbi Cihaz Kurumu taraf\u0131ndan 23.08.2014 tarih ve 29097 say\u0131l\u0131 Resmi Gazete&#8217;de\u00a0Eczac\u0131lar ve Eczaneler Hakk\u0131nda Y\u00f6netmelikte De\u011fi\u015fiklik Yap\u0131lmas\u0131na&#46;&#46;&#46;<\/p>\n","protected":false},"author":1,"featured_media":0,"comment_status":"closed","ping_status":"closed","sticky":false,"template":"","format":"standard","meta":{"_jetpack_memberships_contains_paid_content":false,"footnotes":""},"categories":[64],"tags":[],"class_list":["post-4424","post","type-post","status-publish","format-standard","hentry","category-mevzuat"],"aioseo_notices":[],"jetpack_featured_media_url":"","jetpack_sharing_enabled":true,"jetpack-related-posts":[],"_links":{"self":[{"href":"http:\/\/www.ced.org.tr\/index.php?rest_route=\/wp\/v2\/posts\/4424","targetHints":{"allow":["GET"]}}],"collection":[{"href":"http:\/\/www.ced.org.tr\/index.php?rest_route=\/wp\/v2\/posts"}],"about":[{"href":"http:\/\/www.ced.org.tr\/index.php?rest_route=\/wp\/v2\/types\/post"}],"author":[{"embeddable":true,"href":"http:\/\/www.ced.org.tr\/index.php?rest_route=\/wp\/v2\/users\/1"}],"replies":[{"embeddable":true,"href":"http:\/\/www.ced.org.tr\/index.php?rest_route=%2Fwp%2Fv2%2Fcomments&post=4424"}],"version-history":[{"count":1,"href":"http:\/\/www.ced.org.tr\/index.php?rest_route=\/wp\/v2\/posts\/4424\/revisions"}],"predecessor-version":[{"id":4425,"href":"http:\/\/www.ced.org.tr\/index.php?rest_route=\/wp\/v2\/posts\/4424\/revisions\/4425"}],"wp:attachment":[{"href":"http:\/\/www.ced.org.tr\/index.php?rest_route=%2Fwp%2Fv2%2Fmedia&parent=4424"}],"wp:term":[{"taxonomy":"category","embeddable":true,"href":"http:\/\/www.ced.org.tr\/index.php?rest_route=%2Fwp%2Fv2%2Fcategories&post=4424"},{"taxonomy":"post_tag","embeddable":true,"href":"http:\/\/www.ced.org.tr\/index.php?rest_route=%2Fwp%2Fv2%2Ftags&post=4424"}],"curies":[{"name":"wp","href":"https:\/\/api.w.org\/{rel}","templated":true}]}}