{"id":4481,"date":"2014-09-08T11:13:12","date_gmt":"2014-09-08T08:13:12","guid":{"rendered":"http:\/\/www.ced.org.tr\/?p=4481"},"modified":"2014-09-08T11:13:12","modified_gmt":"2014-09-08T08:13:12","slug":"vefat-ve-bassagligi-10","status":"publish","type":"post","link":"http:\/\/www.ced.org.tr\/?p=4481","title":{"rendered":"Vefat ve Ba\u015fsa\u011fl\u0131\u011f\u0131"},"content":{"rendered":"<p style=\"color: #000000;\">Derne\u011fimizin Genel Ba\u015fkan\u0131, \u00e7al\u0131\u015fma arkada\u015f\u0131m\u0131z Ecz. Nurdan Demirkan\u2019\u0131n annesi \u00a0Ay\u015fe Demirkan vefat etmi\u015ftir. Cenazesi 8 Eyl\u00fcl 2014 Pazartesi g\u00fcn\u00fc (bug\u00fcn) \u00f6\u011fle namaz\u0131n\u0131n ard\u0131ndan Ankara Kar\u015f\u0131yaka Camii&#8217;nden kald\u0131r\u0131lacakt\u0131r.<\/p>\n<p style=\"color: #000000;\">Kendisine\u00a0ve yak\u0131nlar\u0131na ba\u015fsa\u011fl\u0131\u011f\u0131 dileriz.<\/p>\n<p style=\"color: rgb(0, 0, 0); text-align: center;\"><strong>\u00c7a\u011fda\u015f Eczac\u0131lar Derne\u011fi<\/strong><\/p>\n","protected":false},"excerpt":{"rendered":"<p>Derne\u011fimizin Genel Ba\u015fkan\u0131, \u00e7al\u0131\u015fma arkada\u015f\u0131m\u0131z Ecz. Nurdan Demirkan\u2019\u0131n annesi \u00a0Ay\u015fe Demirkan vefat etmi\u015ftir. Cenazesi 8 Eyl\u00fcl 2014 Pazartesi g\u00fcn\u00fc (bug\u00fcn)&#46;&#46;&#46;<\/p>\n","protected":false},"author":1,"featured_media":0,"comment_status":"closed","ping_status":"closed","sticky":false,"template":"","format":"standard","meta":{"_jetpack_memberships_contains_paid_content":false,"footnotes":""},"categories":[1],"tags":[],"class_list":["post-4481","post","type-post","status-publish","format-standard","hentry","category-ced"],"aioseo_notices":[],"jetpack_featured_media_url":"","jetpack_sharing_enabled":true,"jetpack-related-posts":[],"_links":{"self":[{"href":"http:\/\/www.ced.org.tr\/index.php?rest_route=\/wp\/v2\/posts\/4481","targetHints":{"allow":["GET"]}}],"collection":[{"href":"http:\/\/www.ced.org.tr\/index.php?rest_route=\/wp\/v2\/posts"}],"about":[{"href":"http:\/\/www.ced.org.tr\/index.php?rest_route=\/wp\/v2\/types\/post"}],"author":[{"embeddable":true,"href":"http:\/\/www.ced.org.tr\/index.php?rest_route=\/wp\/v2\/users\/1"}],"replies":[{"embeddable":true,"href":"http:\/\/www.ced.org.tr\/index.php?rest_route=%2Fwp%2Fv2%2Fcomments&post=4481"}],"version-history":[{"count":1,"href":"http:\/\/www.ced.org.tr\/index.php?rest_route=\/wp\/v2\/posts\/4481\/revisions"}],"predecessor-version":[{"id":4482,"href":"http:\/\/www.ced.org.tr\/index.php?rest_route=\/wp\/v2\/posts\/4481\/revisions\/4482"}],"wp:attachment":[{"href":"http:\/\/www.ced.org.tr\/index.php?rest_route=%2Fwp%2Fv2%2Fmedia&parent=4481"}],"wp:term":[{"taxonomy":"category","embeddable":true,"href":"http:\/\/www.ced.org.tr\/index.php?rest_route=%2Fwp%2Fv2%2Fcategories&post=4481"},{"taxonomy":"post_tag","embeddable":true,"href":"http:\/\/www.ced.org.tr\/index.php?rest_route=%2Fwp%2Fv2%2Ftags&post=4481"}],"curies":[{"name":"wp","href":"https:\/\/api.w.org\/{rel}","templated":true}]}}