{"id":4483,"date":"2014-09-12T16:26:13","date_gmt":"2014-09-12T13:26:13","guid":{"rendered":"http:\/\/www.ced.org.tr\/?p=4483"},"modified":"2014-09-12T16:26:49","modified_gmt":"2014-09-12T13:26:49","slug":"turkiye-12-eylul-ile-hicbir-zaman-hesaplasmadi","status":"publish","type":"post","link":"http:\/\/www.ced.org.tr\/?p=4483","title":{"rendered":"T\u00fcrkiye, 12 Eyl\u00fcl ile hi\u00e7bir zaman hesapla\u015fmad\u0131"},"content":{"rendered":"<p><a href=\"http:\/\/www.ced.org.tr\/wp-content\/uploads\/2014\/09\/12_eylul.jpg\"><img loading=\"lazy\" decoding=\"async\" class=\"aligncenter size-full wp-image-4484\" src=\"http:\/\/www.ced.org.tr\/wp-content\/uploads\/2014\/09\/12_eylul.jpg\" alt=\"12_eylul\" width=\"555\" height=\"288\" srcset=\"http:\/\/www.ced.org.tr\/wp-content\/uploads\/2014\/09\/12_eylul.jpg 555w, http:\/\/www.ced.org.tr\/wp-content\/uploads\/2014\/09\/12_eylul-300x155.jpg 300w\" sizes=\"auto, (max-width: 555px) 100vw, 555px\" \/><\/a>12 eyl\u00fcl darbesi toplumsal hayat\u0131 darmada\u011f\u0131n etti.<\/p>\n<p>Sendikala\u015fma kald\u0131r\u0131ld\u0131, \u00e7al\u0131\u015fanlar\u0131n k\u0131dem tazminat\u0131 gibi kazan\u0131mlar\u0131 daralt\u0131ld\u0131, \u00fccretler ve sosyal haklar budand\u0131, grev hakk\u0131 yasakland\u0131.<\/p>\n<p>Siyaset yeniden tasarland\u0131.<\/p>\n<p>Bireyci, halktan uzak,\u00a0 halk\u0131n m\u00fccadelesine yabanc\u0131la\u015fm\u0131\u015f siyasetten el etek \u00e7ekmi\u015f nesiller yeti\u015ftirmeyi ama\u00e7land\u0131.<\/p>\n<p>Toplumsal de\u011ferleri, idealleri, ba\u015far\u0131 \u00f6l\u00e7\u00fctlerini, ahlak\u0131 ve insan ili\u015fkilerini esastan de\u011fi\u015ftirdi..<\/p>\n<p>Sol sindirilince, sosyal g\u00fcvencesizlik, yoksulla\u015fma i\u015f\u00e7i \u00f6l\u00fcmleri birbirini kovalad\u0131.<\/p>\n<p>Bug\u00fcn 12 Eyl\u00fcl\u00fcn miras\u00e7\u0131s\u0131 olan iktidarlar \u00fclkeyi\u00a0 <strong>12 eyl\u00fcl&#8217;\u00fcn \u00a0kanunlar\u0131yla ve y\u00f6ntemleriyle <\/strong>y\u00f6netmeye <strong>devam ediyor.<\/strong><\/p>\n","protected":false},"excerpt":{"rendered":"<p>12 eyl\u00fcl darbesi toplumsal hayat\u0131 darmada\u011f\u0131n etti. Sendikala\u015fma kald\u0131r\u0131ld\u0131, \u00e7al\u0131\u015fanlar\u0131n k\u0131dem tazminat\u0131 gibi kazan\u0131mlar\u0131 daralt\u0131ld\u0131, \u00fccretler ve sosyal haklar budand\u0131,&#46;&#46;&#46;<\/p>\n","protected":false},"author":1,"featured_media":4484,"comment_status":"closed","ping_status":"closed","sticky":false,"template":"","format":"standard","meta":{"_jetpack_memberships_contains_paid_content":false,"footnotes":""},"categories":[1],"tags":[],"class_list":["post-4483","post","type-post","status-publish","format-standard","has-post-thumbnail","hentry","category-ced"],"aioseo_notices":[],"jetpack_featured_media_url":"http:\/\/www.ced.org.tr\/wp-content\/uploads\/2014\/09\/12_eylul.jpg","jetpack_sharing_enabled":true,"jetpack-related-posts":[],"_links":{"self":[{"href":"http:\/\/www.ced.org.tr\/index.php?rest_route=\/wp\/v2\/posts\/4483","targetHints":{"allow":["GET"]}}],"collection":[{"href":"http:\/\/www.ced.org.tr\/index.php?rest_route=\/wp\/v2\/posts"}],"about":[{"href":"http:\/\/www.ced.org.tr\/index.php?rest_route=\/wp\/v2\/types\/post"}],"author":[{"embeddable":true,"href":"http:\/\/www.ced.org.tr\/index.php?rest_route=\/wp\/v2\/users\/1"}],"replies":[{"embeddable":true,"href":"http:\/\/www.ced.org.tr\/index.php?rest_route=%2Fwp%2Fv2%2Fcomments&post=4483"}],"version-history":[{"count":2,"href":"http:\/\/www.ced.org.tr\/index.php?rest_route=\/wp\/v2\/posts\/4483\/revisions"}],"predecessor-version":[{"id":4486,"href":"http:\/\/www.ced.org.tr\/index.php?rest_route=\/wp\/v2\/posts\/4483\/revisions\/4486"}],"wp:featuredmedia":[{"embeddable":true,"href":"http:\/\/www.ced.org.tr\/index.php?rest_route=\/wp\/v2\/media\/4484"}],"wp:attachment":[{"href":"http:\/\/www.ced.org.tr\/index.php?rest_route=%2Fwp%2Fv2%2Fmedia&parent=4483"}],"wp:term":[{"taxonomy":"category","embeddable":true,"href":"http:\/\/www.ced.org.tr\/index.php?rest_route=%2Fwp%2Fv2%2Fcategories&post=4483"},{"taxonomy":"post_tag","embeddable":true,"href":"http:\/\/www.ced.org.tr\/index.php?rest_route=%2Fwp%2Fv2%2Ftags&post=4483"}],"curies":[{"name":"wp","href":"https:\/\/api.w.org\/{rel}","templated":true}]}}