{"id":4487,"date":"2014-09-15T13:17:23","date_gmt":"2014-09-15T10:17:23","guid":{"rendered":"http:\/\/www.ced.org.tr\/?p=4487"},"modified":"2014-09-15T21:12:23","modified_gmt":"2014-09-15T18:12:23","slug":"kubali-saglikcilar-ebola-icin-afrikada","status":"publish","type":"post","link":"http:\/\/www.ced.org.tr\/?p=4487","title":{"rendered":"K\u00fcbal\u0131 sa\u011fl\u0131k\u00e7\u0131lar Ebola i\u00e7in Afrika\u2019da"},"content":{"rendered":"<div style=\"color: #222222;\">Aralar\u0131nda doktor, hem\u015fire, epidemiyolog ve hastal\u0131k kontrol uzmanlar\u0131n\u0131n bulundu\u011fu 165 sa\u011fl\u0131k \u00e7al\u0131\u015fan\u0131 K\u00fcba taraf\u0131ndan Ebola salg\u0131n\u0131ndan etkinlenmi\u015f Afrika \u00fclkelerine g\u00f6nderiliyor.<\/div>\n<p><!--more--><\/p>\n<div style=\"color: #222222;\"><span style=\"font-size: medium;\">D\u00fcnya Sa\u011fl\u0131k \u00d6rg\u00fct\u00fc(DS\u00d6) genel direkt\u00f6r\u00fc Margaret Chan \u015fu ana kadar Ebola\u2019ya kar\u015f\u0131 bir \u00fclkeden gelen en b\u00fcy\u00fck sa\u011fl\u0131k g\u00f6revlisi deste\u011fi dolay\u0131s\u0131yla K\u00fcba\u2019ya te\u015fekk\u00fcr ederek\u00a0<strong>&#8221;K\u00fcba&#8217;n\u0131n se\u00e7kin doktor ve hem\u015fire yeti\u015ftirme yetene\u011fi ve dost \u00fclkelere yard\u0131m konusunda c\u00f6mertli\u011fi ile d\u00fcnyada \u00fcnl\u00fc oldu\u011funu&#8221;<\/strong>\u00a0belirten s\u00f6zleriyle K\u00fcba&#8217;y\u0131 \u00f6vd\u00fc.<\/span><\/div>\n<div style=\"color: #222222;\"><\/div>\n<div style=\"color: #222222;\"><a style=\"color: #1155cc;\" href=\"http:\/\/www.birgun.net\/news\/view\/kubali-saglikcilar-ebola-icin-afrikada\/5482\" target=\"_blank\">http:\/\/www.birgun.net\/news\/<wbr \/>view\/kubali-saglikcilar-ebola-<wbr \/>icin-afrikada\/5482<\/a><\/div>\n","protected":false},"excerpt":{"rendered":"<p>Aralar\u0131nda doktor, hem\u015fire, epidemiyolog ve hastal\u0131k kontrol uzmanlar\u0131n\u0131n bulundu\u011fu 165 sa\u011fl\u0131k \u00e7al\u0131\u015fan\u0131 K\u00fcba taraf\u0131ndan Ebola salg\u0131n\u0131ndan etkinlenmi\u015f Afrika \u00fclkelerine g\u00f6nderiliyor.<\/p>\n","protected":false},"author":1,"featured_media":0,"comment_status":"closed","ping_status":"closed","sticky":false,"template":"","format":"standard","meta":{"_jetpack_memberships_contains_paid_content":false,"footnotes":""},"categories":[62],"tags":[],"class_list":["post-4487","post","type-post","status-publish","format-standard","hentry","category-sagliktan-haberler"],"aioseo_notices":[],"jetpack_featured_media_url":"","jetpack_sharing_enabled":true,"jetpack-related-posts":[],"_links":{"self":[{"href":"http:\/\/www.ced.org.tr\/index.php?rest_route=\/wp\/v2\/posts\/4487","targetHints":{"allow":["GET"]}}],"collection":[{"href":"http:\/\/www.ced.org.tr\/index.php?rest_route=\/wp\/v2\/posts"}],"about":[{"href":"http:\/\/www.ced.org.tr\/index.php?rest_route=\/wp\/v2\/types\/post"}],"author":[{"embeddable":true,"href":"http:\/\/www.ced.org.tr\/index.php?rest_route=\/wp\/v2\/users\/1"}],"replies":[{"embeddable":true,"href":"http:\/\/www.ced.org.tr\/index.php?rest_route=%2Fwp%2Fv2%2Fcomments&post=4487"}],"version-history":[{"count":1,"href":"http:\/\/www.ced.org.tr\/index.php?rest_route=\/wp\/v2\/posts\/4487\/revisions"}],"predecessor-version":[{"id":4488,"href":"http:\/\/www.ced.org.tr\/index.php?rest_route=\/wp\/v2\/posts\/4487\/revisions\/4488"}],"wp:attachment":[{"href":"http:\/\/www.ced.org.tr\/index.php?rest_route=%2Fwp%2Fv2%2Fmedia&parent=4487"}],"wp:term":[{"taxonomy":"category","embeddable":true,"href":"http:\/\/www.ced.org.tr\/index.php?rest_route=%2Fwp%2Fv2%2Fcategories&post=4487"},{"taxonomy":"post_tag","embeddable":true,"href":"http:\/\/www.ced.org.tr\/index.php?rest_route=%2Fwp%2Fv2%2Ftags&post=4487"}],"curies":[{"name":"wp","href":"https:\/\/api.w.org\/{rel}","templated":true}]}}