{"id":4490,"date":"2014-09-15T21:10:09","date_gmt":"2014-09-15T18:10:09","guid":{"rendered":"http:\/\/www.ced.org.tr\/?p=4490"},"modified":"2014-09-15T21:12:52","modified_gmt":"2014-09-15T18:12:52","slug":"beyin-alzheimera-direniyor","status":"publish","type":"post","link":"http:\/\/www.ced.org.tr\/?p=4490","title":{"rendered":"Beyin Alzheimer&#8217;a direniyor"},"content":{"rendered":"<p>Yap\u0131lan ara\u015ft\u0131rmalar beynin Alzheimer&#8217;\u0131n verdi\u011fi baz\u0131 zararlara direndi\u011fini ortaya \u00e7\u0131kard\u0131.<\/p>\n<div>Beynin Alzheimer\u2019\u0131n verdi\u011fi zarar\u0131 telafi edebilece\u011fi ortaya \u00e7\u0131kt\u0131.<\/div>\n<p><!--more--><\/p>\n<p>ABD\u2019deki California \u00dcniversitesi\u2019nden bilim adamlar\u0131n\u0131n ara\u015ft\u0131rmas\u0131, beynin Alzheimer\u2019\u0131n yol a\u00e7t\u0131\u011f\u0131 baz\u0131 de\u011fi\u015fikliklere \u201cdirenebildi\u011fini\u201d g\u00f6sterdi.<\/p>\n<p>Bilim adamlar\u0131, baz\u0131 ki\u015filerin, d\u00fc\u015f\u00fcnme becerisinin kaybolmamas\u0131na yarayan fazladan sinir g\u00fcc\u00fcne sahip oldu\u011funu belirledi.<\/p>\n<p>Sa\u011fl\u0131kl\u0131 olan 71 yeti\u015fkinin kat\u0131ld\u0131\u011f\u0131 ara\u015ft\u0131rmada bu ki\u015filerden bir dizi foto\u011fraf\u0131 detayl\u0131 \u015fekilde hat\u0131rlamalar\u0131 istendi. Bu s\u0131rada kat\u0131l\u0131mc\u0131lar\u0131n beyin g\u00f6r\u00fcnt\u00fcleri incelendi.<\/p>\n<p>Beyninde amiloid proteini \u201cdepolar\u0131\u201d bulunan ki\u015filerin testlerde daha ba\u015far\u0131l\u0131 oldu\u011fu g\u00f6r\u00fcld\u00fc.<\/p>\n<p>Kat\u0131l\u0131mc\u0131 say\u0131s\u0131 az olsa da sonu\u00e7lar Alzheimer i\u00e7in yeni tedavi y\u00f6ntemlerine \u0131\u015f\u0131k tutuyor.<\/p>\n<div>Ara\u015ft\u0131rman\u0131n sonu\u00e7lar\u0131 \u201cNature Neuroscience\u201d dergisinde yay\u0131mland\u0131.<\/div>\n<div><\/div>\n<div><a href=\"http:\/\/www.birgun.net\/news\/view\/beyin-alzheimera-direniyor\/5520\" target=\"_blank\">http:\/\/www.birgun.net\/news\/<wbr \/>view\/beyin-alzheimera-<wbr \/>direniyor\/5520<\/a><\/div>\n","protected":false},"excerpt":{"rendered":"<p>Yap\u0131lan ara\u015ft\u0131rmalar beynin Alzheimer&#8217;\u0131n verdi\u011fi baz\u0131 zararlara direndi\u011fini ortaya \u00e7\u0131kard\u0131. Beynin Alzheimer\u2019\u0131n verdi\u011fi zarar\u0131 telafi edebilece\u011fi ortaya \u00e7\u0131kt\u0131.<\/p>\n","protected":false},"author":1,"featured_media":0,"comment_status":"closed","ping_status":"closed","sticky":false,"template":"","format":"standard","meta":{"_jetpack_memberships_contains_paid_content":false,"footnotes":""},"categories":[62],"tags":[],"class_list":["post-4490","post","type-post","status-publish","format-standard","hentry","category-sagliktan-haberler"],"aioseo_notices":[],"jetpack_featured_media_url":"","jetpack_sharing_enabled":true,"jetpack-related-posts":[],"_links":{"self":[{"href":"http:\/\/www.ced.org.tr\/index.php?rest_route=\/wp\/v2\/posts\/4490","targetHints":{"allow":["GET"]}}],"collection":[{"href":"http:\/\/www.ced.org.tr\/index.php?rest_route=\/wp\/v2\/posts"}],"about":[{"href":"http:\/\/www.ced.org.tr\/index.php?rest_route=\/wp\/v2\/types\/post"}],"author":[{"embeddable":true,"href":"http:\/\/www.ced.org.tr\/index.php?rest_route=\/wp\/v2\/users\/1"}],"replies":[{"embeddable":true,"href":"http:\/\/www.ced.org.tr\/index.php?rest_route=%2Fwp%2Fv2%2Fcomments&post=4490"}],"version-history":[{"count":1,"href":"http:\/\/www.ced.org.tr\/index.php?rest_route=\/wp\/v2\/posts\/4490\/revisions"}],"predecessor-version":[{"id":4491,"href":"http:\/\/www.ced.org.tr\/index.php?rest_route=\/wp\/v2\/posts\/4490\/revisions\/4491"}],"wp:attachment":[{"href":"http:\/\/www.ced.org.tr\/index.php?rest_route=%2Fwp%2Fv2%2Fmedia&parent=4490"}],"wp:term":[{"taxonomy":"category","embeddable":true,"href":"http:\/\/www.ced.org.tr\/index.php?rest_route=%2Fwp%2Fv2%2Fcategories&post=4490"},{"taxonomy":"post_tag","embeddable":true,"href":"http:\/\/www.ced.org.tr\/index.php?rest_route=%2Fwp%2Fv2%2Ftags&post=4490"}],"curies":[{"name":"wp","href":"https:\/\/api.w.org\/{rel}","templated":true}]}}