{"id":4496,"date":"2014-09-15T21:14:23","date_gmt":"2014-09-15T18:14:23","guid":{"rendered":"http:\/\/www.ced.org.tr\/?p=4496"},"modified":"2014-09-15T21:14:23","modified_gmt":"2014-09-15T18:14:23","slug":"uyku-ilaclari-bunama-riskini-artiriyor","status":"publish","type":"post","link":"http:\/\/www.ced.org.tr\/?p=4496","title":{"rendered":"Uyku ila\u00e7lar\u0131 &#8216;bunama riskini art\u0131r\u0131yor&#8217;"},"content":{"rendered":"<div>\n<div>\n<div>\n<div>\n<p>Helen Briggs BBC Sa\u011fl\u0131k Edit\u00f6r\u00fc<\/p>\n<\/div>\n<\/div>\n<\/div>\n<\/div>\n<div>\n<div>BBC T\u00fcrk\u00e7e 10 EYL\u00dcL 2014<\/div>\n<\/div>\n<div>\n<p>Kanadal\u0131 yeti\u015fkinler \u00fczerinde yap\u0131lan bir ara\u015ft\u0131rma, uzun s\u00fcre anksiyete ve uyku hap\u0131 kullan\u0131lmas\u0131n\u0131n Alzheimer hastal\u0131\u011f\u0131 ile ili\u015fkili olabilece\u011fini ortaya koydu.<\/p>\n<p>Ge\u00e7mi\u015fte \u00fc\u00e7 ay veya daha fazla s\u00fcreyle <strong><em>benzodiazepine<\/em><\/strong> alan ki\u015filerde, bunama riski % 51 artt\u0131.<\/p>\n<p><a href=\"http:\/\/www.bbc.co.uk\/turkce\/haberler\/2014\/09\/140910_uyku_hapi_anksiyete.shtml\" target=\"_blank\">http:\/\/www.bbc.co.uk\/turkce\/<wbr \/>haberler\/2014\/09\/140910_uyku_<wbr \/>hapi_anksiyete.shtml<\/a><\/p>\n<div><\/div>\n<div>Ara\u015ft\u0131rma kapsam\u0131nda Quebec&#8217;te ya\u015fayan ve benzodiazepine kullanan 66 ya\u015f \u00fczeri 2000 dolay\u0131nda Alzheimer hastas\u0131 incelendi.<\/div>\n<p>Bu hastalar ayn\u0131 toplulukta ya\u015fayan 7 bin dolay\u0131nda sa\u011fl\u0131kl\u0131 insanla kar\u015f\u0131la\u015ft\u0131r\u0131ld\u0131.<\/p>\n<p>Benzodiazepine kullananlarda Alzheimer riskinin artt\u0131\u011f\u0131 g\u00f6zlenmekle birlikte, bunun nedeni hen\u00fcz anla\u015f\u0131lamad\u0131.<\/p>\n<p>Frans\u0131z ve Kanadal\u0131 ara\u015ft\u0131rma ekibi bu ba\u011flant\u0131n\u0131n kesin olmamas\u0131na ra\u011fmen s\u00f6z konusu ila\u00e7 tedavisinin \u00fc\u00e7 aydan fazla kullan\u0131lmamas\u0131 konusunda bir uyar\u0131 niteli\u011fi ta\u015f\u0131d\u0131\u011f\u0131n\u0131 kaydetti.<\/p>\n<p>\u0130ngiltere sa\u011fl\u0131k sistemi rehberinde, bu ila\u00e7lar\u0131n en fazla 12 hafta s\u00fcreyle kullan\u0131lmas\u0131 \u00f6neriliyor.<\/p>\n<h2>&#8216;Kamu sa\u011fl\u0131\u011f\u0131 a\u00e7\u0131s\u0131ndan kayg\u0131 verici&#8217;<\/h2>\n<div>\n<div>Bordeaux \u00dcniversitesi ara\u015ft\u0131rmac\u0131lar\u0131ndan Sophie Billioti de Gage, &#8220;Benzodiazepine kullan\u0131m\u0131yla Alzheimer hastal\u0131\u011f\u0131na yakalanma riskinin artmas\u0131 aras\u0131nda bir ili\u015fki var. Bu t\u00fcr ila\u00e7lar\u0131n, gerek olmad\u0131\u011f\u0131 halde uzun s\u00fcre kullan\u0131lmas\u0131 kamu sa\u011fl\u0131\u011f\u0131 a\u00e7\u0131s\u0131ndan kayg\u0131 verici.&#8221; dedi.<\/div>\n<\/div>\n<p>\u0130ngiltere&#8217;deki Alzheimer Ara\u015ft\u0131rma kurumu m\u00fcd\u00fcr\u00fc Dr. Eric Karran &#8220;Bu \u00e7al\u0131\u015fma benzodiazepine&#8217;lerle Alzheimer hastal\u0131\u011f\u0131 aras\u0131nda bir ili\u015fki oldu\u011funu a\u00e7\u0131k\u00e7a g\u00f6steriyor ama bunun nedenini anlamak g\u00fc\u00e7. Benzodiazepine&#8217;ler anksiyete ve uyku bozuklu\u011funun tedavisinde kullan\u0131l\u0131yor; ama bu sorunlar Alzheimer&#8217;\u0131n erken belirtileri de olabilir.&#8221; dedi.<\/p>\n<p>Avrupa N\u00f6ropsikofarmakoloji Fak\u00fcltesi&#8217;nin ba\u015fkan\u0131 Prof. Guy Goodwin de, &#8220;bulgular, bu ila\u00e7lar\u0131n hastal\u0131\u011fa yol a\u00e7t\u0131\u011f\u0131 anlam\u0131na gelebilir. Ama daha b\u00fcy\u00fck olas\u0131l\u0131k, bu ila\u00e7lar\u0131n zaten hastal\u0131\u011fa yakalanm\u0131\u015f olan hastalara veriliyor olabilece\u011fi&#8221; dedi.<\/p>\n<p>Alzheimer Derne\u011fi&#8217;nde ara\u015ft\u0131rma ba\u015fkanl\u0131\u011f\u0131 yapan Dr. James Pickett, \u0130ngiltere&#8217;de 1,5 milyon ki\u015finin benzodiazepine kulland\u0131\u011f\u0131n\u0131 kaydederek son bulgular\u0131n bu ila\u00e7lar hakk\u0131nda soru i\u015faretleri yaratt\u0131\u011f\u0131n\u0131 s\u00f6yledi.<\/p>\n<\/div>\n","protected":false},"excerpt":{"rendered":"<p>Helen Briggs BBC Sa\u011fl\u0131k Edit\u00f6r\u00fc BBC T\u00fcrk\u00e7e 10 EYL\u00dcL 2014 Kanadal\u0131 yeti\u015fkinler \u00fczerinde yap\u0131lan bir ara\u015ft\u0131rma, uzun s\u00fcre anksiyete ve&#46;&#46;&#46;<\/p>\n","protected":false},"author":1,"featured_media":0,"comment_status":"closed","ping_status":"closed","sticky":false,"template":"","format":"standard","meta":{"_jetpack_memberships_contains_paid_content":false,"footnotes":""},"categories":[62],"tags":[],"class_list":["post-4496","post","type-post","status-publish","format-standard","hentry","category-sagliktan-haberler"],"aioseo_notices":[],"jetpack_featured_media_url":"","jetpack_sharing_enabled":true,"jetpack-related-posts":[],"_links":{"self":[{"href":"http:\/\/www.ced.org.tr\/index.php?rest_route=\/wp\/v2\/posts\/4496","targetHints":{"allow":["GET"]}}],"collection":[{"href":"http:\/\/www.ced.org.tr\/index.php?rest_route=\/wp\/v2\/posts"}],"about":[{"href":"http:\/\/www.ced.org.tr\/index.php?rest_route=\/wp\/v2\/types\/post"}],"author":[{"embeddable":true,"href":"http:\/\/www.ced.org.tr\/index.php?rest_route=\/wp\/v2\/users\/1"}],"replies":[{"embeddable":true,"href":"http:\/\/www.ced.org.tr\/index.php?rest_route=%2Fwp%2Fv2%2Fcomments&post=4496"}],"version-history":[{"count":1,"href":"http:\/\/www.ced.org.tr\/index.php?rest_route=\/wp\/v2\/posts\/4496\/revisions"}],"predecessor-version":[{"id":4497,"href":"http:\/\/www.ced.org.tr\/index.php?rest_route=\/wp\/v2\/posts\/4496\/revisions\/4497"}],"wp:attachment":[{"href":"http:\/\/www.ced.org.tr\/index.php?rest_route=%2Fwp%2Fv2%2Fmedia&parent=4496"}],"wp:term":[{"taxonomy":"category","embeddable":true,"href":"http:\/\/www.ced.org.tr\/index.php?rest_route=%2Fwp%2Fv2%2Fcategories&post=4496"},{"taxonomy":"post_tag","embeddable":true,"href":"http:\/\/www.ced.org.tr\/index.php?rest_route=%2Fwp%2Fv2%2Ftags&post=4496"}],"curies":[{"name":"wp","href":"https:\/\/api.w.org\/{rel}","templated":true}]}}