{"id":4498,"date":"2014-09-15T21:16:32","date_gmt":"2014-09-15T18:16:32","guid":{"rendered":"http:\/\/www.ced.org.tr\/?p=4498"},"modified":"2014-09-15T21:16:32","modified_gmt":"2014-09-15T18:16:32","slug":"eboladan-olenlerin-sayisi-1900u-gecti","status":"publish","type":"post","link":"http:\/\/www.ced.org.tr\/?p=4498","title":{"rendered":"Ebola&#8217;dan \u00f6lenlerin say\u0131s\u0131 1900&#8217;\u00fc ge\u00e7ti"},"content":{"rendered":"<div>4 EYL\u00dcL 2014<\/div>\n<div>BBC<\/div>\n<div><\/div>\n<div>\n<div>\n<div>D\u00fcnya Sa\u011fl\u0131k \u00d6rg\u00fct\u00fc (WHO), Bat\u0131 Afrika&#8217;da Ebola salg\u0131n\u0131 nedeniyle \u00f6lenlerin say\u0131s\u0131n\u0131n 1900&#8217;\u00fc ge\u00e7ti\u011fini, \u00f6l\u00fcmlerin y\u00fczde 40&#8217;\u0131n\u0131n son \u00fc\u00e7 hafta i\u00e7inde ger\u00e7ekle\u015fti\u011fini belirtti.<\/div>\n<\/div>\n<p>WHO Ba\u015fkan\u0131 Margaret Chan Gine, Sierra Leone ve Liberya&#8217;da teyit edilmi\u015f veya muhtemel 3500 vaka oldu\u011funu s\u00f6yledi.<\/p>\n<div><\/div>\n<div>\n<div>Chan, bu \u00fclkelerde salg\u0131nlar\u0131n h\u0131zla yol ald\u0131\u011f\u0131n\u0131 s\u00f6yledi.<\/div>\n<\/div>\n<p>WHO, Per\u015fembe g\u00fcn\u00fc Cenevre&#8217;de Ebola salg\u0131n\u0131yla m\u00fccadeleyle ilgili bir toplant\u0131 ger\u00e7ekle\u015ftirecek.<\/p>\n<p>Toplant\u0131ya salg\u0131n kontrol uzmanlar\u0131, sa\u011fl\u0131k ara\u015ft\u0131rmac\u0131lar\u0131, Ebola salg\u0131n\u0131yla kar\u015f\u0131 kar\u015f\u0131ya kalan \u00fclkelerin yetkilileri ve t\u0131p eti\u011fi uzmanlar\u0131 kat\u0131lacak.<\/p>\n<p>Chan salg\u0131ndan, &#8220;Bug\u00fcne kadar g\u00f6rd\u00fcklerimizin en geni\u015f \u00f6l\u00e7eklisi, en \u015fiddetlisi ve en karma\u015f\u0131\u011f\u0131&#8221; diye bahsetti.<\/p>\n<p>Bu arada S\u0131n\u0131r Tan\u0131mayan Doktorlar \u00f6rg\u00fct\u00fc de, Ebola salg\u0131n\u0131n\u0131n \u00f6nlenebilmesi i\u00e7in k\u00fcresel bir askeri m\u00fcdahaleye gerek oldu\u011funu s\u00f6yledi.<\/p>\n<p>Birle\u015fmi\u015f Milletler&#8217;de bir konu\u015fma yapan \u00f6rg\u00fct\u00fcn ba\u015fkan\u0131 Dr. Joanne Lui, &#8220;Bat\u0131 Afrika&#8217;ya s\u0131rt d\u00f6n\u00fcl\u00fcyor&#8221; dedi ve bu g\u00fcne kadar yap\u0131lan yard\u0131m \u00e7a\u011fr\u0131lar\u0131n\u0131n duymazdan gelindi\u011fini s\u00f6yledi.<\/p>\n<p>Lui, &#8220;Tarihteki en k\u00f6t\u00fc Ebola salg\u0131n\u0131n\u0131 6 ayd\u0131r s\u00fcr\u00fcyor, d\u00fcnya Ebola ile sava\u015f\u0131 kaybediyor&#8221; diye konu\u015ftu.<\/p>\n<p>Ebola vir\u00fcs\u00fc ilk olarak 1976&#8217;da Demokratik Kongo Cumhuriyeti&#8217;nde g\u00f6r\u00fclm\u00fc\u015ft\u00fc. Vir\u00fcs v\u00fccut s\u0131v\u0131lar\u0131 yoluyla bula\u015f\u0131yor.<\/p>\n<p>Meyve yarasas\u0131 gibi hayvanlar vir\u00fcs\u00fc ta\u015f\u0131yabiliyor ve kan ya da orman hayvanlar\u0131n\u0131n etinin t\u00fcketilmesi sonucu insanlara da ge\u00e7ebiliyor.<\/p>\n<p>Hastal\u0131\u011f\u0131n belirtileri aras\u0131nda y\u00fcksek ate\u015f, kanama ve merkezi sinir sisteminin hasar g\u00f6rmesi say\u0131l\u0131yor.<\/p>\n<p>Vir\u00fcs bula\u015fanlar\u0131n \u00f6l\u00fcm oran\u0131 y\u00fczde 90&#8217;lara \u00e7\u0131kabiliyor. Ancak son salg\u0131ndaki \u00f6l\u00fcm oran\u0131 y\u00fczde 55 d\u00fczeyinde. Vir\u00fcs\u00fcn kulu\u00e7ka d\u00f6nemi iki ile 21 g\u00fcn aras\u0131nda de\u011fi\u015fiyor<\/p>\n<p><a href=\"http:\/\/www.bbc.co.uk\/turkce\/haberler\/2014\/09\/140903_ebola_1900.shtml\" target=\"_blank\">http:\/\/www.bbc.co.uk\/turkce\/<wbr \/>haberler\/2014\/09\/140903_ebola_<wbr \/>1900.shtml<\/a><\/p>\n<\/div>\n","protected":false},"excerpt":{"rendered":"<p>4 EYL\u00dcL 2014 BBC D\u00fcnya Sa\u011fl\u0131k \u00d6rg\u00fct\u00fc (WHO), Bat\u0131 Afrika&#8217;da Ebola salg\u0131n\u0131 nedeniyle \u00f6lenlerin say\u0131s\u0131n\u0131n 1900&#8217;\u00fc ge\u00e7ti\u011fini, \u00f6l\u00fcmlerin y\u00fczde 40&#8217;\u0131n\u0131n&#46;&#46;&#46;<\/p>\n","protected":false},"author":1,"featured_media":0,"comment_status":"closed","ping_status":"closed","sticky":false,"template":"","format":"standard","meta":{"_jetpack_memberships_contains_paid_content":false,"footnotes":""},"categories":[62],"tags":[],"class_list":["post-4498","post","type-post","status-publish","format-standard","hentry","category-sagliktan-haberler"],"aioseo_notices":[],"jetpack_featured_media_url":"","jetpack_sharing_enabled":true,"jetpack-related-posts":[],"_links":{"self":[{"href":"http:\/\/www.ced.org.tr\/index.php?rest_route=\/wp\/v2\/posts\/4498","targetHints":{"allow":["GET"]}}],"collection":[{"href":"http:\/\/www.ced.org.tr\/index.php?rest_route=\/wp\/v2\/posts"}],"about":[{"href":"http:\/\/www.ced.org.tr\/index.php?rest_route=\/wp\/v2\/types\/post"}],"author":[{"embeddable":true,"href":"http:\/\/www.ced.org.tr\/index.php?rest_route=\/wp\/v2\/users\/1"}],"replies":[{"embeddable":true,"href":"http:\/\/www.ced.org.tr\/index.php?rest_route=%2Fwp%2Fv2%2Fcomments&post=4498"}],"version-history":[{"count":1,"href":"http:\/\/www.ced.org.tr\/index.php?rest_route=\/wp\/v2\/posts\/4498\/revisions"}],"predecessor-version":[{"id":4499,"href":"http:\/\/www.ced.org.tr\/index.php?rest_route=\/wp\/v2\/posts\/4498\/revisions\/4499"}],"wp:attachment":[{"href":"http:\/\/www.ced.org.tr\/index.php?rest_route=%2Fwp%2Fv2%2Fmedia&parent=4498"}],"wp:term":[{"taxonomy":"category","embeddable":true,"href":"http:\/\/www.ced.org.tr\/index.php?rest_route=%2Fwp%2Fv2%2Fcategories&post=4498"},{"taxonomy":"post_tag","embeddable":true,"href":"http:\/\/www.ced.org.tr\/index.php?rest_route=%2Fwp%2Fv2%2Ftags&post=4498"}],"curies":[{"name":"wp","href":"https:\/\/api.w.org\/{rel}","templated":true}]}}