{"id":4500,"date":"2014-09-15T21:18:30","date_gmt":"2014-09-15T18:18:30","guid":{"rendered":"http:\/\/www.ced.org.tr\/?p=4500"},"modified":"2014-09-15T21:18:30","modified_gmt":"2014-09-15T18:18:30","slug":"ebola-asisi-maymunlarda-basarili-sonuc-verdi","status":"publish","type":"post","link":"http:\/\/www.ced.org.tr\/?p=4500","title":{"rendered":"Ebola a\u015f\u0131s\u0131 maymunlarda ba\u015far\u0131l\u0131 sonu\u00e7 verdi"},"content":{"rendered":"<div>\n<div>\n<div>\n<div>\n<p>James Gallagher BBC News Sa\u011fl\u0131k editor\u00fc<\/p>\n<p>8 Eyl\u00fcl\u00a02014<\/p>\n<\/div>\n<\/div>\n<\/div>\n<\/div>\n<div>\u00a0ABD Ulusal Sa\u011fl\u0131k Enstit\u00fcleri taraf\u0131ndan maymunlar \u00fczerinde yap\u0131lan deneyler, ebola a\u015f\u0131s\u0131 sayesinde salg\u0131na kar\u015f\u0131 ba\u011f\u0131\u015f\u0131kl\u0131\u011f\u0131n en az 10 ay s\u00fcrebilece\u011fini g\u00f6sterdi.<\/div>\n<div>\n<p>Ara\u015ft\u0131rmac\u0131lar, bu sonucun insanlar \u00fczerinde yap\u0131lan deneylerin de ba\u015far\u0131ya ula\u015fmas\u0131 umudu do\u011furdu\u011funu s\u00f6yl\u00fcyor.<\/p>\n<div>\n<div>Ara\u015ft\u0131rma kapsam\u0131nda a\u015f\u0131lanan maymunlar ebola vir\u00fcs\u00fcne &#8220;uzun vadeli&#8221; ba\u011f\u0131\u015f\u0131kl\u0131k geli\u015ftirdi.<\/div>\n<\/div>\n<p>A\u015f\u0131n\u0131n insanlar \u00fczerinde denenmesine de bu hafta ABD&#8217;de ba\u015fland\u0131.<\/p>\n<div>\n<div>\n<h3>Ebola \u00f6l\u00fcmleri<\/h3>\n<div>\n<div>\n<ul>\n<li>1.089 Liberya<\/li>\n<\/ul>\n<ul>\n<li>517 Gine<\/li>\n<\/ul>\n<ul>\n<li>491 Sierra Leone<\/li>\n<\/ul>\n<ul>\n<li>8 Nijerya<\/li>\n<\/ul>\n<\/div>\n<\/div>\n<\/div>\n<\/div>\n<p>\u0130ngiltere ve Afrika&#8217;daki baz\u0131 \u00fclkelerde de deneyler yap\u0131lacak.<\/p>\n<p>D\u00fcnya Sa\u011fl\u0131k \u00d6rg\u00fct\u00fc \u015fu anda Bat\u0131 Afrika&#8217;daki salg\u0131nda 2 binden fazla ki\u015finin \u00f6ld\u00fc\u011f\u00fcn\u00fc s\u00f6yl\u00fcyor.<\/p>\n<p>Ebolan\u0131n yay\u0131lmas\u0131n\u0131 \u00f6nlemek i\u00e7in \u00e7e\u015fitli deneysel tedaviler g\u00fcndemde.<\/p>\n<h2>Zay\u0131f dayan\u0131kl\u0131l\u0131k<\/h2>\n<p>\u0130nsanlar \u00fczerinde deneylere ba\u015flama karar\u0131n\u0131n dayand\u0131\u011f\u0131 hayvan ara\u015ft\u0131rmalar\u0131n\u0131n sonucu Nature adl\u0131 t\u0131p dergisinde yay\u0131mland\u0131.<\/p>\n<p>Deneyde, \u00f6l\u00fcmc\u00fcl dozda ebola vir\u00fcs\u00fc verilen d\u00f6rt maymunun hepsinin be\u015f hafta sonra hayatta oldu\u011fu g\u00f6r\u00fcld\u00fc.<\/p>\n<p>Buna kar\u015f\u0131n, sadece yar\u0131s\u0131 a\u015f\u0131lamadan 10 ay sonra bir enfeksiyonu atlatt\u0131.<\/p>\n<p>\u015eimdilik bu t\u00fcr bir a\u015f\u0131n\u0131n insanlarda ne kadar ba\u015far\u0131l\u0131 olabilece\u011finin en iyi kan\u0131t\u0131 bu.<\/p>\n<div>\n<div>\n<h2>\u0130nsanlar \u00fczerinde deney<\/h2>\n<p><span style=\"font-size: 13px;\">A\u015f\u0131n\u0131n insanlar \u00fczerinde denenmesine de ba\u015fland\u0131.39 ya\u015f\u0131ndaki bir kad\u0131na ge\u00e7en hafta a\u015f\u0131 yap\u0131ld\u0131.Ayr\u0131ca sadece Zaire ebola t\u00fcrlerine kar\u015f\u0131 ayr\u0131 a\u015f\u0131 \u00e7al\u0131\u015fmalar\u0131 olacak.<\/span><\/div>\n<\/div>\n<p>Bu deneyler Mali ve Gambiya&#8217;n\u0131n yan\u0131 s\u0131ra ABD&#8217;de ve \u0130ngiltere&#8217;deki Oxford \u00dcniversitesi&#8217;nde ger\u00e7ekle\u015fecek.<\/p>\n<p>Bu \u00e7al\u0131\u015fmalarda insanlara, takip eden g\u00fc\u00e7lendirici a\u015f\u0131lar\u0131n de\u011fil sadece ilk a\u015f\u0131n\u0131n yap\u0131laca\u011f\u0131 belirtiliyor.<\/p>\n<h2>Geleneksel y\u00f6ntem uyar\u0131s\u0131<\/h2>\n<div>\n<div>\u015eu anda mevcut doz say\u0131s\u0131 400 ile 4 bin aras\u0131nda de\u011fi\u015fiyor.<\/div>\n<\/div>\n<p>E\u011fer ba\u011f\u0131\u015f\u0131kl\u0131k i\u00e7in \u00e7ok a\u015f\u0131 gerekiyorsa k\u00fc\u00e7\u00fck doz, daha k\u00fc\u00e7\u00fck miktarlar yeterli ise 4000&#8217;lik doz kullan\u0131labiliyor.<\/p>\n<div>\n<div>Deneylerde al\u0131nan ba\u015far\u0131l\u0131 sonu\u00e7lara kar\u015f\u0131n D\u00fcnya Sa\u011fl\u0131k \u00d6rg\u00fct\u00fc uyar\u0131da bulundu.<\/div>\n<\/div>\n<p>DS\u00d6, a\u015f\u0131 umudu ortaya \u00e7\u0131kt\u0131 diye salg\u0131nla m\u00fccadele etmekte etkin olan di\u011fer y\u00f6ntemlerin terk edilmemesi gerekti\u011fini s\u00f6yledi.<\/p>\n<\/div>\n","protected":false},"excerpt":{"rendered":"<p>James Gallagher BBC News Sa\u011fl\u0131k editor\u00fc 8 Eyl\u00fcl\u00a02014 \u00a0ABD Ulusal Sa\u011fl\u0131k Enstit\u00fcleri taraf\u0131ndan maymunlar \u00fczerinde yap\u0131lan deneyler, ebola a\u015f\u0131s\u0131 sayesinde&#46;&#46;&#46;<\/p>\n","protected":false},"author":1,"featured_media":0,"comment_status":"closed","ping_status":"closed","sticky":false,"template":"","format":"standard","meta":{"_jetpack_memberships_contains_paid_content":false,"footnotes":""},"categories":[62],"tags":[],"class_list":["post-4500","post","type-post","status-publish","format-standard","hentry","category-sagliktan-haberler"],"aioseo_notices":[],"jetpack_featured_media_url":"","jetpack_sharing_enabled":true,"jetpack-related-posts":[],"_links":{"self":[{"href":"http:\/\/www.ced.org.tr\/index.php?rest_route=\/wp\/v2\/posts\/4500","targetHints":{"allow":["GET"]}}],"collection":[{"href":"http:\/\/www.ced.org.tr\/index.php?rest_route=\/wp\/v2\/posts"}],"about":[{"href":"http:\/\/www.ced.org.tr\/index.php?rest_route=\/wp\/v2\/types\/post"}],"author":[{"embeddable":true,"href":"http:\/\/www.ced.org.tr\/index.php?rest_route=\/wp\/v2\/users\/1"}],"replies":[{"embeddable":true,"href":"http:\/\/www.ced.org.tr\/index.php?rest_route=%2Fwp%2Fv2%2Fcomments&post=4500"}],"version-history":[{"count":1,"href":"http:\/\/www.ced.org.tr\/index.php?rest_route=\/wp\/v2\/posts\/4500\/revisions"}],"predecessor-version":[{"id":4501,"href":"http:\/\/www.ced.org.tr\/index.php?rest_route=\/wp\/v2\/posts\/4500\/revisions\/4501"}],"wp:attachment":[{"href":"http:\/\/www.ced.org.tr\/index.php?rest_route=%2Fwp%2Fv2%2Fmedia&parent=4500"}],"wp:term":[{"taxonomy":"category","embeddable":true,"href":"http:\/\/www.ced.org.tr\/index.php?rest_route=%2Fwp%2Fv2%2Fcategories&post=4500"},{"taxonomy":"post_tag","embeddable":true,"href":"http:\/\/www.ced.org.tr\/index.php?rest_route=%2Fwp%2Fv2%2Ftags&post=4500"}],"curies":[{"name":"wp","href":"https:\/\/api.w.org\/{rel}","templated":true}]}}