{"id":4503,"date":"2014-09-16T19:38:42","date_gmt":"2014-09-16T16:38:42","guid":{"rendered":"http:\/\/www.ced.org.tr\/?p=4503"},"modified":"2014-09-16T19:38:42","modified_gmt":"2014-09-16T16:38:42","slug":"ishal-salgini-devlet-sirri","status":"publish","type":"post","link":"http:\/\/www.ced.org.tr\/?p=4503","title":{"rendered":"\u0130shal salg\u0131n\u0131 devlet s\u0131rr\u0131!"},"content":{"rendered":"<p>Ankara\u2019da A\u011fustos ay\u0131ndan bu yana g\u00f6r\u00fclen ishal salg\u0131n\u0131 \u201cdevlet s\u0131rr\u0131\u201dna d\u00f6n\u00fc\u015f\u00fcyor. Melih G\u00f6k\u00e7ek, canl\u0131 yay\u0131nda su i\u00e7erek sorunu \u00f6rtbas etmeye \u00e7al\u0131\u015f\u0131rken, Sa\u011fl\u0131k Bakanl\u0131\u011f\u0131 yetkilileri ile yerel y\u00f6neticiler kamuoyuna a\u00e7\u0131klama yapmaktan ka\u00e7\u0131n\u0131yor<\/p>\n<div><a href=\"http:\/\/www.birgun.net\/news\/view\/ishal-salgini-devlet-sirri\/5566\" target=\"_blank\">http:\/\/www.birgun.net\/news\/<wbr \/>view\/ishal-salgini-devlet-<wbr \/>sirri\/5566<\/a><\/div>\n","protected":false},"excerpt":{"rendered":"<p>Ankara\u2019da A\u011fustos ay\u0131ndan bu yana g\u00f6r\u00fclen ishal salg\u0131n\u0131 \u201cdevlet s\u0131rr\u0131\u201dna d\u00f6n\u00fc\u015f\u00fcyor. Melih G\u00f6k\u00e7ek, canl\u0131 yay\u0131nda su i\u00e7erek sorunu \u00f6rtbas etmeye&#46;&#46;&#46;<\/p>\n","protected":false},"author":1,"featured_media":0,"comment_status":"closed","ping_status":"closed","sticky":false,"template":"","format":"standard","meta":{"_jetpack_memberships_contains_paid_content":false,"footnotes":""},"categories":[62],"tags":[],"class_list":["post-4503","post","type-post","status-publish","format-standard","hentry","category-sagliktan-haberler"],"aioseo_notices":[],"jetpack_featured_media_url":"","jetpack_sharing_enabled":true,"jetpack-related-posts":[],"_links":{"self":[{"href":"http:\/\/www.ced.org.tr\/index.php?rest_route=\/wp\/v2\/posts\/4503","targetHints":{"allow":["GET"]}}],"collection":[{"href":"http:\/\/www.ced.org.tr\/index.php?rest_route=\/wp\/v2\/posts"}],"about":[{"href":"http:\/\/www.ced.org.tr\/index.php?rest_route=\/wp\/v2\/types\/post"}],"author":[{"embeddable":true,"href":"http:\/\/www.ced.org.tr\/index.php?rest_route=\/wp\/v2\/users\/1"}],"replies":[{"embeddable":true,"href":"http:\/\/www.ced.org.tr\/index.php?rest_route=%2Fwp%2Fv2%2Fcomments&post=4503"}],"version-history":[{"count":1,"href":"http:\/\/www.ced.org.tr\/index.php?rest_route=\/wp\/v2\/posts\/4503\/revisions"}],"predecessor-version":[{"id":4504,"href":"http:\/\/www.ced.org.tr\/index.php?rest_route=\/wp\/v2\/posts\/4503\/revisions\/4504"}],"wp:attachment":[{"href":"http:\/\/www.ced.org.tr\/index.php?rest_route=%2Fwp%2Fv2%2Fmedia&parent=4503"}],"wp:term":[{"taxonomy":"category","embeddable":true,"href":"http:\/\/www.ced.org.tr\/index.php?rest_route=%2Fwp%2Fv2%2Fcategories&post=4503"},{"taxonomy":"post_tag","embeddable":true,"href":"http:\/\/www.ced.org.tr\/index.php?rest_route=%2Fwp%2Fv2%2Ftags&post=4503"}],"curies":[{"name":"wp","href":"https:\/\/api.w.org\/{rel}","templated":true}]}}