{"id":4507,"date":"2014-09-18T18:43:13","date_gmt":"2014-09-18T15:43:13","guid":{"rendered":"http:\/\/www.ced.org.tr\/?p=4507"},"modified":"2014-09-18T18:43:13","modified_gmt":"2014-09-18T15:43:13","slug":"new-york-times-turkiyeden-iside-militan-akiyor","status":"publish","type":"post","link":"http:\/\/www.ced.org.tr\/?p=4507","title":{"rendered":"New York Times: &#8216;T\u00fcrkiye&#8217;den I\u015e\u0130D&#8217;e militan ak\u0131yor&#8217;"},"content":{"rendered":"<div>\n<div>16\/09\/2014 10:39<\/div>\n<h5>T\u00fcrkiye&#8217;nin I\u015e\u0130D&#8217;in petrol ticaretine g\u00f6z yumdu\u011fu haberleriyle Cumhurba\u015fkan\u0131 Recep Tayyip Erdo\u011fan&#8217;\u0131n tepkisini \u00e7eken New York Times gazetesi, T\u00fcrkiye&#8217;den I\u015e\u0130D&#8217;e kat\u0131l\u0131m\u0131n y\u00fcksek oldu\u011funu iddia ederek Ankara&#8217;da I\u015e\u0130D sempatizanlar\u0131 ve ma\u011fdurlar\u0131yla konu\u015ftu.<\/h5>\n<\/div>\n<div>\n<div>\n<div>\n<div>\n<p><strong>RAD\u0130KAL &#8211;<\/strong> ABD merkezli New York Times gazetesi, T\u00fcrkiye &#8216;den Irak \u015eam \u0130slam Devleti&#8217;ne kat\u0131l\u0131m\u0131n y\u00fcksek oldu\u011funu iddia etti. &#8220;T\u00fcrkiye&#8217;den I\u015e\u0130D&#8217;e sabit bir \u015fekilde militan ak\u0131yor&#8221; ba\u015fl\u0131kl\u0131 haberde, gazetenin Ankara &#8216;daki I\u015e\u0130D sempatizanlar\u0131 ve ma\u011fdurlar\u0131yla g\u00f6r\u00fc\u015fmelerine yer veriliyor. Makalenin bir k\u0131sm\u0131 \u015fu \u015fekilde:<\/p>\n<p>&#8220;T\u00fcrkiye&#8217;nin ba\u015fkentinin en fakir mahallelerinden birinde, gen\u00e7li\u011finin \u00e7o\u011funu uyu\u015fturucu ba\u011f\u0131ml\u0131s\u0131 olarak ge\u00e7iren Can, on \u00e7ocukluk arkada\u015f\u0131yla d\u00fcnyan\u0131n en a\u015f\u0131r\u0131 u\u00e7 cihat\u00e7\u0131 \u00f6rg\u00fct\u00fcne kat\u0131lmak amac\u0131yla Suriye&#8217;ye gitti\u011finde kaybedecek fazla bir \u015feyinin olmad\u0131\u011f\u0131n\u0131 d\u00fc\u015f\u00fcnm\u00fc\u015f.<\/p>\n<p>27 ya\u015f\u0131ndaki Can, Suriye&#8217;nin Rakka kentindeki I\u015e\u0130D&#8217;in e\u011fitim kamp\u0131nda 15 g\u00fcn kald\u0131ktan sonra bir sava\u015f birimine g\u00f6nderilmi\u015f. Bu s\u00fcrede iki ki\u015fiyi \u00f6ld\u00fcrm\u00fc\u015f ve halka a\u00e7\u0131k bir infaza kat\u0131lm\u0131\u015f. I\u015e\u0130D militanlar\u0131 Can&#8217;a, bir adam\u0131 canl\u0131 canl\u0131 g\u00f6md\u00fckten sonra tam anlam\u0131yla bir I\u015e\u0130D sava\u015f\u00e7\u0131s\u0131 oldu\u011funu s\u00f6ylemi\u015fler.<\/p>\n<p>&#8220;Orada sava\u015fmak transa ge\u00e7meye benziyor&#8221; diyen Can, \u00f6rg\u00fct\u00fcn misillemesinden korktu\u011fu i\u00e7in haberde yaln\u0131zca g\u00f6bek ad\u0131n\u0131n kullan\u0131lmas\u0131n\u0131 istiyor. Can, &#8220;Herkes, &#8216;Allahu Ekber&#8217; diye ba\u011f\u0131r\u0131yordu ve bu size, kandan korkmadan veya da\u011f\u0131lan ba\u011f\u0131rsaklardan i\u011frenmeden d\u00fc\u015fman\u0131 \u00f6ld\u00fcrmek i\u00e7in ilahi bir g\u00fc\u00e7 veriyor&#8221; s\u00f6zleriyle ya\u015fad\u0131klar\u0131n\u0131 anlatt\u0131.<\/p>\n<p><strong>HACIBAYRAM M\u0130L\u0130TAN DEV\u015e\u0130RMEN\u0130N MERKEZ\u0130<\/strong><\/p>\n<p>Avrupa ve ABD&#8217;den kat\u0131lanlar da dahil olmak \u00fczere y\u00fczlerce yabanc\u0131 sava\u015f\u00e7\u0131, Suriye ve Irak&#8217;ta geni\u015f topraklar\u0131 elinde bulunduran I\u015e\u0130D&#8217;e kat\u0131ld\u0131. Ancak, \u00f6rg\u00fct\u00fcn en b\u00fcy\u00fck militan kayna\u011f\u0131, NATO \u00fcyesi kom\u015fusu T\u00fcrkiye.<\/p>\n<p>T\u00fcrkiye, Suriye&#8217;deki ayaklanman\u0131n ilk g\u00fcnlerinde \u00fclke i\u00e7inde ve d\u0131\u015f\u0131nda a\u00e7\u0131k s\u0131n\u0131r politikas\u0131 nedeniyle \u00e7ok ele\u015ftirilmi\u015fti. Uzmanlar, bunun I\u015e\u0130D&#8217;in y\u00fckseli\u015finde kritik rol oynad\u0131\u011f\u0131n\u0131 ifade ediyor. T\u00fcrkiye, isyanc\u0131lar\u0131n Suriye Devlet Ba\u015fkan\u0131 Be\u015far Esad&#8217;\u0131 kolayl\u0131kla devirece\u011fine inand\u0131, ancak sava\u015f ilerledik\u00e7e a\u015f\u0131r\u0131 u\u00e7 \u00f6rg\u00fctler ya\u015fanan kaostan yararlanmaya ba\u015flad\u0131.<\/p>\n<p>Ankara&#8217;n\u0131n turist b\u00f6lgesinin ortas\u0131ndaki k\u00f6hne bir mahalle olan Hac\u0131bayram, ge\u00e7en y\u0131l boyunca I\u015e\u0130D&#8217;in militan dev\u015firme merkezi haline geldi. Hac\u0131bayram&#8217;da ya\u015fayanlar, en az 100 b\u00f6lge sakininin I\u015e\u0130D sava\u015f\u00e7\u0131s\u0131 olmak i\u00e7in Suriye&#8217;ye gitti\u011fini s\u00f6yledi.<\/p>\n<p><strong>HER D\u00d6N\u00dc\u015e\u00dcNDE YEN\u0130 K\u0130\u015e\u0130LERLE<\/strong><\/p>\n<p>Mahallenin 30 y\u0131ll\u0131k muhtar\u0131 Arif Akba\u015f, &#8220;T\u00fcm bunlar, uzun, kaba sakall\u0131 bir yabanc\u0131n\u0131n mahallede belirmesiyle ba\u015flad\u0131. Daha sonra, t\u00fcm uyu\u015fturucu ba\u011f\u0131ml\u0131lar\u0131 camiye gitmeye ba\u015flad\u0131&#8221; s\u00f6zleriyle mahallede I\u015e\u0130D&#8217;in nas\u0131l var olmaya ba\u015flad\u0131\u011f\u0131n\u0131 anlatt\u0131.<\/p>\n<p>Mahalleden I\u015e\u0130D&#8217;e kat\u0131lan ilk isimlerden biri olan O\u011fuzhan G\u00f6zlemcio\u011flu, \u00f6rg\u00fctte Muhammed Selef olarak tan\u0131n\u0131yor. G\u00f6zlemcio\u011flu, \u00fc\u00e7 y\u0131l i\u00e7inde Rakka&#8217;da b\u00f6lgesel komutan seviyesine y\u00fckselmi\u015f. Hac\u0131bayram sakinleri, G\u00f6zlemcio\u011flu&#8217;nun Ankara&#8217;ya s\u0131kl\u0131kla geldi\u011fini ve Suriye&#8217;ye her d\u00f6n\u00fc\u015f\u00fcnde yan\u0131nda mutlaka yeni dev\u015firdi\u011fi militanlar\u0131n oldu\u011funu belirtti.<\/p>\n<p><strong>TEK B\u0130R OKUL YOK<\/strong><\/p>\n<p>H\u00fck\u00fcmetin d\u00fc\u015f\u00fck gelirlilere yard\u0131m da\u011f\u0131tmas\u0131na yard\u0131mc\u0131 olan Hac\u0131bayram sakini Mehmet Arabac\u0131, b\u00f6lgede ya\u015fayan gen\u00e7lerin, internette G\u00f6zlemcio\u011flu&#8217;nun elinde silah olan foto\u011fraflar\u0131n\u0131 g\u00f6rd\u00fc\u011f\u00fcn\u00fc ve bunun onlar\u0131n ilgisini \u00e7ekti\u011fini ifade etti. Agresif bir kentsel d\u00f6n\u00fc\u015f\u00fcm projesi kapsam\u0131nda, belediyenin ge\u00e7en y\u0131l b\u00f6lgedeki tek okulu y\u0131kmas\u0131n\u0131n ard\u0131ndan, \u00e7ocuklar internette daha fazla vakit ge\u00e7irmeye ba\u015flam\u0131\u015f. Arabac\u0131, &#8220;\u015eu anda \u00e7evrede yedi tane camii var, ancak bir tane bile okul yok&#8221; dedi ve ekledi, &#8220;Buradaki \u00e7ocuklar\u0131n hayat\u0131 o kadar bo\u015f ki, herhangi bir eyleme kat\u0131lmak i\u00e7in bir bahane bulabiliyorlar.&#8221;<\/p>\n<p><strong>\u00c7OCUKLAR SAVA\u015e OYUNLARI OYNUYOR<\/strong><\/p>\n<p>B\u00f6lgedeki y\u0131k\u0131lm\u0131\u015f bir binan\u0131n enkaz\u0131nda oyun oynayan iki \u00e7ocuk, oyuncak silahlarla bir sava\u015f sahnesini canland\u0131r\u0131yor. Gen\u00e7 bir Suriyeli yanlar\u0131ndan ge\u00e7ti\u011finde, onu takip ediyorlar, yere yat\u0131r\u0131yorlar ve oyuncak silahlar\u0131n\u0131 k\u0131z\u0131n ba\u015f\u0131na day\u0131yorlar. K\u00fc\u00e7\u00fck \u00e7ocuklardan biri, &#8220;Seni \u00f6ld\u00fcrece\u011fim&#8221; diye ba\u011f\u0131r\u0131yor ve daha sonra makineli t\u00fcfek sesleri \u00e7\u0131karmaya ba\u015fl\u0131yorlar.<\/p>\n<p>Oyuna kat\u0131lan \u00e7ocuklardan biri h\u0131zl\u0131ca ilgisini kaybediyor ve uzakla\u015f\u0131yor. &#8220;Oyuncaklar s\u0131k\u0131c\u0131&#8221; diyor \u00e7ocuk, &#8220;Benim evimde ger\u00e7ek silahlar\u0131m var.&#8221;<\/p>\n<p>Yak\u0131nlarda bir marketin sahibi olan \u00e7ocu\u011fun babas\u0131, I\u015e\u0130D&#8217;in \u0130slam\u00ee y\u00f6netim g\u00f6r\u00fc\u015f\u00fcn\u00fc tamamen destekledi\u011fini ve \u00e7ocuklar\u0131n\u0131 ya\u015flar\u0131 biraz daha b\u00fcy\u00fcd\u00fc\u011f\u00fcnde Rakka&#8217;ya g\u00f6ndermeyi umdu\u011funu a\u00e7\u0131klad\u0131.<\/p>\n<p>Kim oldu\u011funu saklamak i\u00e7in yaln\u0131zca isminin ba\u015f harflerini veren market sahibi T.C.,&#8221;T\u00fcrkiye&#8217;de uygulanan \u0130slam&#8217;\u0131n kirlenmi\u015f versiyonu dine bir hakarettir. \u0130slam Devleti&#8217;nde Allah&#8217;\u0131n emretti\u011fi disiplinde bir ya\u015fam s\u00fcr\u00fcyorsunuz ve sonra \u00f6d\u00fcllendiriliyorsunuz. Oradaki \u00e7ocuklar\u0131n parklar\u0131 ve y\u00fczme havuzlar\u0131 var. Burada, benim \u00e7ocuklar\u0131m toz toprak i\u00e7inde oynuyor&#8221; dedi.<\/p>\n<p><strong>I\u015e\u0130D&#8217;E KATILDI\u011eI \u0130\u00c7\u0130N P\u0130\u015eMAN OLDU<\/strong><\/p>\n<p>Can, birlikte I\u015e\u0130D&#8217;e kat\u0131ld\u0131\u011f\u0131 10 arkada\u015f\u0131ndan ikisiyle, Rakka&#8217;da \u00fc\u00e7 ay kald\u0131ktan sonra T\u00fcrkiye&#8217;ye d\u00f6nd\u00fc\u011f\u00fcnde, yapt\u0131klar\u0131ndan pi\u015fmanl\u0131k duyuyormu\u015f. &#8220;I\u015e\u0130D \u00e7ok vah\u015fi&#8221; diyen Can, &#8220;Onlar, Kuran&#8217;\u0131 kendi \u00e7\u0131karlar\u0131na g\u00f6re yorumluyor. Allah hi\u00e7bir zaman M\u00fcsl\u00fcmanlara M\u00fcsl\u00fcmanlar\u0131 \u00f6ld\u00fcrme emri vermemi\u015ftir&#8221; s\u00f6zleriyle g\u00f6r\u00fc\u015flerinin nas\u0131l de\u011fi\u015fti\u011fini ifade etti.<\/p>\n<p>Ne var ki, T\u00fcrkiye&#8217;deki d\u00fc\u015f\u00fck gelirli b\u00f6lgelere hitap etti\u011fi i\u00e7in \u00f6rg\u00fcte maddi sebeplerle kat\u0131lan \u00e7ok ki\u015fi var. Can, &#8220;Sava\u015ft\u0131\u011f\u0131n\u0131z zaman size g\u00fcnde 150 dolar veriyorlar. Her \u015fey de bedava oluyor. D\u00fckkan sahipleri bile size korkudan bedava \u00fcr\u00fcnler veriyor&#8221; dedi.<\/p>\n<p><strong>SORU\u015eTURMA BA\u015eLATILMADI<\/strong><\/p>\n<p>I\u015e\u0130D&#8217;in Hac\u0131bayram&#8217;daki militan dev\u015firmeleri medyan\u0131n ilgisini, Haziran&#8217;da 14 ya\u015f\u0131nda \u00f6rg\u00fcte kat\u0131lan birinin Rakka&#8217;da yaraland\u0131ktan sonra mahalleye d\u00f6nmesiyle \u00e7ekmi\u015fti. \u00c7ocu\u011fun babas\u0131 Yusuf, h\u00fck\u00fcmetin bu konuda herhangi bir resm\u00ee soru\u015fturma ba\u015flatmad\u0131\u011f\u0131n\u0131 ve b\u00f6lge sakinlerinin, yetkilileri harekete ge\u00e7memekle su\u00e7lad\u0131\u011f\u0131n\u0131 s\u00f6yledi.<\/p>\n<p>\u0130\u00e7i\u015fleri Bakanl\u0131\u011f\u0131 ve Emniyet Genel M\u00fcd\u00fcrl\u00fc\u011f\u00fc konu hakk\u0131ndaki yorum isteklerine yan\u0131t vermedi.<\/p>\n<p>Son g\u00fcnlerde Ankara&#8217;da, Erdo\u011fan ve Davuto\u011flu, radikal Selefiler taraf\u0131ndan kullan\u0131lan ve I\u015e\u0130D militanlar\u0131na nezaret eden bir camiiden yakla\u015f\u0131k 91 metre uzakta bulunan tarih\u00ee Hac\u0131 Bayram Veli Camii&#8217;nde namaz k\u0131lmaya geldi. Erdo\u011fan ve Davuto\u011flu&#8217;nun mahalleyi ziyaret edecekleri duyuldu\u011funda, b\u00f6lgede ya\u015fayanlar\u0131n bir k\u0131sm\u0131 h\u0131zl\u0131ca liderlerin pe\u015finden ko\u015ftu ve I\u015e\u0130D ma\u011fduriyetlerini dile getirmek istedi.<\/p>\n<p><strong>&#8216;GAZETEC\u0130LER\u0130 \u00d6LD\u00dcRECE\u011e\u0130Z&#8217;<\/strong><\/p>\n<p>T\u00fcm bunlar olurken, ailesinin d\u00fckkan\u0131nda vakit ge\u00e7iren 10 ya\u015f\u0131ndaki bir \u00e7ocuk, liderleri g\u00f6rmek i\u00e7in ko\u015fturan kalabal\u0131kla dalga ge\u00e7iyordu. \u00c7ocuk, babas\u0131n\u0131n yapt\u0131\u011f\u0131 ve I\u015e\u0130D&#8217;in ABD&#8217;li gazeteci James Foley&#8217;nin kafas\u0131n\u0131n kesilmesini \u00f6ven uzun bir konu\u015fmas\u0131n\u0131 dinlemeyi yeni bitirmi\u015fti. &#8220;O bir ajand\u0131 ve \u00f6lmeyi hak ediyordu&#8221; diyor babas\u0131 o\u011fluna g\u00fclerek. \u00c7ocuk da babas\u0131na, &#8220;Gazeteciler, bu \u00fclkenin kafirleri; hepsini \u00f6ld\u00fcrece\u011fiz&#8221; yan\u0131t\u0131n\u0131 veriyor.&#8221;<\/p>\n<p><strong>\u00c7EV\u0130R\u0130: NE\u015eE \u0130D\u0130L<\/strong><\/p>\n<p><a href=\"http:\/\/www.radikal.com.tr\/dunya\/nyt_turkiyeden_iside_militan_akiyor-1213014\">http:\/\/www.radikal.com.tr\/dunya\/nyt_turkiyeden_iside_militan_akiyor-1213014<\/a><\/p>\n<p>&nbsp;<\/p>\n<\/div>\n<\/div>\n<\/div>\n<\/div>\n","protected":false},"excerpt":{"rendered":"<p>16\/09\/2014 10:39 T\u00fcrkiye&#8217;nin I\u015e\u0130D&#8217;in petrol ticaretine g\u00f6z yumdu\u011fu haberleriyle Cumhurba\u015fkan\u0131 Recep Tayyip Erdo\u011fan&#8217;\u0131n tepkisini \u00e7eken New York Times gazetesi, T\u00fcrkiye&#8217;den&#46;&#46;&#46;<\/p>\n","protected":false},"author":1,"featured_media":0,"comment_status":"closed","ping_status":"closed","sticky":false,"template":"","format":"standard","meta":{"_jetpack_memberships_contains_paid_content":false,"footnotes":""},"categories":[1],"tags":[],"class_list":["post-4507","post","type-post","status-publish","format-standard","hentry","category-ced"],"aioseo_notices":[],"jetpack_featured_media_url":"","jetpack_sharing_enabled":true,"jetpack-related-posts":[],"_links":{"self":[{"href":"http:\/\/www.ced.org.tr\/index.php?rest_route=\/wp\/v2\/posts\/4507","targetHints":{"allow":["GET"]}}],"collection":[{"href":"http:\/\/www.ced.org.tr\/index.php?rest_route=\/wp\/v2\/posts"}],"about":[{"href":"http:\/\/www.ced.org.tr\/index.php?rest_route=\/wp\/v2\/types\/post"}],"author":[{"embeddable":true,"href":"http:\/\/www.ced.org.tr\/index.php?rest_route=\/wp\/v2\/users\/1"}],"replies":[{"embeddable":true,"href":"http:\/\/www.ced.org.tr\/index.php?rest_route=%2Fwp%2Fv2%2Fcomments&post=4507"}],"version-history":[{"count":1,"href":"http:\/\/www.ced.org.tr\/index.php?rest_route=\/wp\/v2\/posts\/4507\/revisions"}],"predecessor-version":[{"id":4508,"href":"http:\/\/www.ced.org.tr\/index.php?rest_route=\/wp\/v2\/posts\/4507\/revisions\/4508"}],"wp:attachment":[{"href":"http:\/\/www.ced.org.tr\/index.php?rest_route=%2Fwp%2Fv2%2Fmedia&parent=4507"}],"wp:term":[{"taxonomy":"category","embeddable":true,"href":"http:\/\/www.ced.org.tr\/index.php?rest_route=%2Fwp%2Fv2%2Fcategories&post=4507"},{"taxonomy":"post_tag","embeddable":true,"href":"http:\/\/www.ced.org.tr\/index.php?rest_route=%2Fwp%2Fv2%2Ftags&post=4507"}],"curies":[{"name":"wp","href":"https:\/\/api.w.org\/{rel}","templated":true}]}}