{"id":4509,"date":"2014-09-18T18:47:03","date_gmt":"2014-09-18T15:47:03","guid":{"rendered":"http:\/\/www.ced.org.tr\/?p=4509"},"modified":"2014-09-18T18:52:46","modified_gmt":"2014-09-18T15:52:46","slug":"film-ekimi-2014","status":"publish","type":"post","link":"http:\/\/www.ced.org.tr\/?p=4509","title":{"rendered":"Film Ekimi 2014"},"content":{"rendered":"<p><strong>\u0130stanbul K\u00fclt\u00fcr Sanat Vakf\u0131 (\u0130KSV) taraf\u0131ndan 13. kez d\u00fczenlenen Filmekimi&#8217;nin \u0130stanbul aya\u011f\u0131 11-17 Ekim tarihlerinde yap\u0131lacak<\/strong><\/p>\n<p><strong>Filmekimi<\/strong>\u2019nin 13&#8217;\u00fcnc\u00fcs\u00fcnde pr\u00f6miyerini Sundance, Cannes, Venedik ve Toronto gibi festivallerde yapan, <strong>Godard<\/strong><strong>, Cronenberg<\/strong>, <strong>Leigh<\/strong> ve <strong>Sissako<\/strong> gibi ustalar\u0131n son yap\u0131tlar\u0131n\u0131n da aralar\u0131nda bulundu\u011fu filmler sinemaseverlerin be\u011fenisine sunulacak.<strong>11-17 Ekim<\/strong> tarihlerinde, 7 g\u00fcn boyunca <strong>\u0130stanbul<\/strong>\u2019da olacak <strong>13. Filmekimi<\/strong>, Ekim ay\u0131 boyunca da T\u00fcrkiye\u2019nin d\u00f6rt bir yan\u0131ndaki sinema salonlar\u0131n\u0131 ziyaret edecek.Filmekimi, bu y\u0131l da <strong>Ankara<\/strong>, <strong>\u0130zmir<\/strong>, <strong>Bursa<\/strong>, <strong>Diyarbak\u0131r<\/strong>,<strong> Urfa<\/strong> ve<strong> Trabzon<\/strong>\u2019a u\u011frayacak.<\/p>\n<p><a href=\"http:\/\/filmekimi.iksv.org\/tr\/index.asp\" target=\"_blank\">http:\/\/filmekimi.iksv.org\/tr\/<wbr \/>index.asp<\/a><\/p>\n<p><a href=\"http:\/\/www.ced.org.tr\/wp-content\/uploads\/2014\/09\/filmekimi2014.jpg\"><img loading=\"lazy\" decoding=\"async\" class=\"aligncenter size-full wp-image-4510\" src=\"http:\/\/www.ced.org.tr\/wp-content\/uploads\/2014\/09\/filmekimi2014.jpg\" alt=\"filmekimi2014\" width=\"282\" height=\"400\" srcset=\"http:\/\/www.ced.org.tr\/wp-content\/uploads\/2014\/09\/filmekimi2014.jpg 282w, http:\/\/www.ced.org.tr\/wp-content\/uploads\/2014\/09\/filmekimi2014-211x300.jpg 211w\" sizes=\"auto, (max-width: 282px) 100vw, 282px\" \/><\/a><\/p>\n","protected":false},"excerpt":{"rendered":"<p>\u0130stanbul K\u00fclt\u00fcr Sanat Vakf\u0131 (\u0130KSV) taraf\u0131ndan 13. kez d\u00fczenlenen Filmekimi&#8217;nin \u0130stanbul aya\u011f\u0131 11-17 Ekim tarihlerinde yap\u0131lacak Filmekimi\u2019nin 13&#8217;\u00fcnc\u00fcs\u00fcnde pr\u00f6miyerini Sundance,&#46;&#46;&#46;<\/p>\n","protected":false},"author":1,"featured_media":4510,"comment_status":"closed","ping_status":"closed","sticky":false,"template":"","format":"standard","meta":{"_jetpack_memberships_contains_paid_content":false,"footnotes":""},"categories":[61],"tags":[],"class_list":["post-4509","post","type-post","status-publish","format-standard","has-post-thumbnail","hentry","category-kultur-sanat"],"aioseo_notices":[],"jetpack_featured_media_url":"http:\/\/www.ced.org.tr\/wp-content\/uploads\/2014\/09\/filmekimi2014.jpg","jetpack_sharing_enabled":true,"jetpack-related-posts":[],"_links":{"self":[{"href":"http:\/\/www.ced.org.tr\/index.php?rest_route=\/wp\/v2\/posts\/4509","targetHints":{"allow":["GET"]}}],"collection":[{"href":"http:\/\/www.ced.org.tr\/index.php?rest_route=\/wp\/v2\/posts"}],"about":[{"href":"http:\/\/www.ced.org.tr\/index.php?rest_route=\/wp\/v2\/types\/post"}],"author":[{"embeddable":true,"href":"http:\/\/www.ced.org.tr\/index.php?rest_route=\/wp\/v2\/users\/1"}],"replies":[{"embeddable":true,"href":"http:\/\/www.ced.org.tr\/index.php?rest_route=%2Fwp%2Fv2%2Fcomments&post=4509"}],"version-history":[{"count":2,"href":"http:\/\/www.ced.org.tr\/index.php?rest_route=\/wp\/v2\/posts\/4509\/revisions"}],"predecessor-version":[{"id":4512,"href":"http:\/\/www.ced.org.tr\/index.php?rest_route=\/wp\/v2\/posts\/4509\/revisions\/4512"}],"wp:featuredmedia":[{"embeddable":true,"href":"http:\/\/www.ced.org.tr\/index.php?rest_route=\/wp\/v2\/media\/4510"}],"wp:attachment":[{"href":"http:\/\/www.ced.org.tr\/index.php?rest_route=%2Fwp%2Fv2%2Fmedia&parent=4509"}],"wp:term":[{"taxonomy":"category","embeddable":true,"href":"http:\/\/www.ced.org.tr\/index.php?rest_route=%2Fwp%2Fv2%2Fcategories&post=4509"},{"taxonomy":"post_tag","embeddable":true,"href":"http:\/\/www.ced.org.tr\/index.php?rest_route=%2Fwp%2Fv2%2Ftags&post=4509"}],"curies":[{"name":"wp","href":"https:\/\/api.w.org\/{rel}","templated":true}]}}