{"id":4514,"date":"2014-10-08T17:36:11","date_gmt":"2014-10-08T14:36:11","guid":{"rendered":"http:\/\/www.ced.org.tr\/?p=4514"},"modified":"2014-10-08T17:36:11","modified_gmt":"2014-10-08T14:36:11","slug":"artik-yeter","status":"publish","type":"post","link":"http:\/\/www.ced.org.tr\/?p=4514","title":{"rendered":"Art\u0131k \u201cYETER!\u201d"},"content":{"rendered":"<div>\n<p>21. y\u00fczy\u0131l\u0131n Ortado\u011fu\u2019sunda binlerce erkek kafalar\u0131 kesilerek katledilmi\u015ftir. <strong>Art\u0131k \u201cYETER!\u201d<\/strong><\/p>\n<p>Ya\u015fl\u0131lar, kronik hastal\u0131\u011f\u0131 olanlar, gebeler, \u00e7ocuklar \u00e7at\u0131\u015fma ve zorunlu g\u00f6\u00e7 yollar\u0131nda harap olmu\u015flard\u0131r. <strong>Art\u0131k \u201cYETER!\u201d<\/strong><\/p>\n<\/div>\n<h1><span style=\"font-size: large;\">\u00a0<\/span>TTB Merkez Konseyi Ulusal ve Uluslararas\u0131 Kamuoyunu Bu Katliama Kar\u015f\u0131 Ses \u00c7\u0131kartmaya \u00c7a\u011f\u0131r\u0131yor<\/h1>\n<p><!--more--><\/p>\n<div>\n<div>\u00a007 Ekim 2014<\/div>\n<div><\/div>\n<div>\n\u00dclkemizin Suriye s\u0131n\u0131r\u0131nda Kobane kantonu a\u011f\u0131r te\u00e7hizatl\u0131 silahlar\u0131yla cihat\u00e7\u0131 bir \u00e7etenin sald\u0131r\u0131lar\u0131na maruz kalmakta ve T\u00fcrkiye Cumhuriyeti Devleti bu \u00e7etelere teknik destek vermekle itham edilmektedir. Bu silahl\u0131 ter\u00f6r \u00f6rg\u00fct\u00fcn\u00fcn uygulad\u0131\u011f\u0131 vah\u015fet Ezidi, T\u00fcrkmen, Arap, Alevi, K\u00fcrt binlerce insan\u0131n katledilmesine, binlerce kad\u0131n\u0131n cinsel \u015fiddet u\u011framas\u0131na, y\u00fczbinlerce \u00e7ocu\u011fun sa\u011fl\u0131ks\u0131z ko\u015fullarda ya\u015fam m\u00fccadelesi vermesine neden olmu\u015f, y\u00fczbinlerce insan\u0131 yerinden yurdundan etmi\u015ftir.<\/div>\n<\/div>\n<p>Uluslararas\u0131 kamuoyu ve T\u00fcrkiye Cumhuriyeti Devleti bu ter\u00f6r \u00f6rg\u00fct\u00fcn\u00fcn uygulad\u0131\u011f\u0131 katliamlar\u0131 adeta bir seyirci edas\u0131yla izlemi\u015f, hatta bununla da yetinmeyip bu katliamlar\u0131 Suriye Devleti\u2019ne y\u00f6nelik bir askeri operasyon i\u00e7in f\u0131rsata d\u00f6n\u00fc\u015ft\u00fcrebilmi\u015f, T\u00fcrkiye B\u00fcy\u00fck Millet Meclisi tarihe d\u00fc\u015f\u00fclecek utan\u00e7 verici bir leke olarak tezkereyi onaylayabilmi\u015ftir.<\/p>\n<p><strong>Art\u0131k \u201cYETER!\u201d <\/strong>diyoruz.<\/p>\n<p>\u00dclkemiz ve Ortado\u011fu, sadece yak\u0131n tarihte ya\u015fananlar g\u00f6z \u00f6n\u00fcne al\u0131nd\u0131\u011f\u0131nda dahi g\u00f6r\u00fclebilir ki, kana doymu\u015ftur. <strong>Art\u0131k \u201cYETER!\u201d<\/strong><\/p>\n<p>B\u00f6lgedeki \u00e7at\u0131\u015fma ko\u015fullar\u0131 binlerce \u00e7ocu\u011fu sa\u011fl\u0131ks\u0131z ko\u015fullarda, boylar\u0131ndan \u00e7ok b\u00fcy\u00fck ya\u015fam m\u00fccadeleleri vermeye zorlam\u0131\u015f; \u00e7ocuklar ya\u015famlar\u0131n\u0131n hen\u00fcz ba\u015flang\u0131c\u0131nda \u015fiddetin her haliyle tan\u0131\u015fmak zorunda kalm\u0131\u015ft\u0131r. <strong>Art\u0131k \u201cYETER!\u201d<\/strong><\/p>\n<p>Binlerce kad\u0131n cihat\u00e7\u0131 \u00e7eteler taraf\u0131ndan al\u0131konmu\u015f, bedenleri cihat\u00e7\u0131lar i\u00e7in \u201chelal\u201d g\u00f6r\u00fclerek cinsel \u015fiddetin en a\u011f\u0131r halleriyle ba\u015f ba\u015fa kalm\u0131\u015flard\u0131r. Binlercesi e\u015flerini, ailelerini kaybetmi\u015f, bu travmatik ko\u015fullarda verilecek ya\u015fam m\u00fccadelesinde tek ba\u015flar\u0131na kalm\u0131\u015flard\u0131r. Binlerce kad\u0131n, yurdunu, onurunu, tarihini korumak i\u00e7in silaha sar\u0131lm\u0131\u015f olup, y\u00fczlercesi \u00e7at\u0131\u015fma ko\u015fullar\u0131nda ya\u015fam\u0131n\u0131 yitirmi\u015ftir. <strong>Art\u0131k \u201cYETER!\u201d<\/strong><\/p>\n<p>21. y\u00fczy\u0131l\u0131n Ortado\u011fu\u2019sunda binlerce erkek kafalar\u0131 kesilerek katledilmi\u015ftir. <strong>Art\u0131k \u201cYETER!\u201d<\/strong><\/p>\n<p>Ya\u015fl\u0131lar, kronik hastal\u0131\u011f\u0131 olanlar, gebeler, \u00e7ocuklar \u00e7at\u0131\u015fma ve zorunlu g\u00f6\u00e7 yollar\u0131nda harap olmu\u015flard\u0131r. <strong>Art\u0131k \u201cYETER!\u201d<\/strong><\/p>\n<p>Biz bu \u00fclkenin ya\u015famdan ve bar\u0131\u015ftan yana saf tutan hekimleri olarak \u201cArt\u0131k YETER!\u201d diyoruz. Bu vah\u015fi katliam\u0131 bir f\u0131rsata d\u00f6n\u00fc\u015ft\u00fcrerek yeni sava\u015flar i\u00e7in bahaneler \u00fcretme \u00e7abalar\u0131na derhal bir son verilmelidir.<\/p>\n<p>Kobane\u2019de korkulan sokak \u00e7at\u0131\u015fmalar\u0131n\u0131n ba\u015flad\u0131\u011f\u0131, \u00f6l\u00fc ve yaral\u0131 say\u0131s\u0131n\u0131n ciddi \u00f6l\u00e7\u00fcde artmakta oldu\u011fu \u015fu g\u00fcnlerde ulusal ve uluslararas\u0131 kamuoyunu bu katliama kar\u015f\u0131 ses \u00e7\u0131kartmaya, Kobane halk\u0131yla \u00a0dayan\u0131\u015fmaya \u00e7a\u011f\u0131r\u0131yoruz.<\/p>\n<p>Biliyoruz ki insan ya\u015fam\u0131ndan daha de\u011ferli ve halklar\u0131n refah\u0131ndan daha kutsal hi\u00e7 bir \u015fey olamaz.<\/p>\n<p><strong>Art\u0131k \u201cYETER!\u201d<\/strong><\/p>\n<p><strong>T\u00fcrk Tabipleri Birli\u011fi<\/strong><br \/>\n<strong>Merkez Konseyi<\/strong><\/p>\n","protected":false},"excerpt":{"rendered":"<p>21. y\u00fczy\u0131l\u0131n Ortado\u011fu\u2019sunda binlerce erkek kafalar\u0131 kesilerek katledilmi\u015ftir. Art\u0131k \u201cYETER!\u201d Ya\u015fl\u0131lar, kronik hastal\u0131\u011f\u0131 olanlar, gebeler, \u00e7ocuklar \u00e7at\u0131\u015fma ve zorunlu g\u00f6\u00e7&#46;&#46;&#46;<\/p>\n","protected":false},"author":1,"featured_media":0,"comment_status":"closed","ping_status":"closed","sticky":false,"template":"","format":"standard","meta":{"_jetpack_memberships_contains_paid_content":false,"footnotes":""},"categories":[1],"tags":[],"class_list":["post-4514","post","type-post","status-publish","format-standard","hentry","category-ced"],"aioseo_notices":[],"jetpack_featured_media_url":"","jetpack_sharing_enabled":true,"jetpack-related-posts":[],"_links":{"self":[{"href":"http:\/\/www.ced.org.tr\/index.php?rest_route=\/wp\/v2\/posts\/4514","targetHints":{"allow":["GET"]}}],"collection":[{"href":"http:\/\/www.ced.org.tr\/index.php?rest_route=\/wp\/v2\/posts"}],"about":[{"href":"http:\/\/www.ced.org.tr\/index.php?rest_route=\/wp\/v2\/types\/post"}],"author":[{"embeddable":true,"href":"http:\/\/www.ced.org.tr\/index.php?rest_route=\/wp\/v2\/users\/1"}],"replies":[{"embeddable":true,"href":"http:\/\/www.ced.org.tr\/index.php?rest_route=%2Fwp%2Fv2%2Fcomments&post=4514"}],"version-history":[{"count":1,"href":"http:\/\/www.ced.org.tr\/index.php?rest_route=\/wp\/v2\/posts\/4514\/revisions"}],"predecessor-version":[{"id":4515,"href":"http:\/\/www.ced.org.tr\/index.php?rest_route=\/wp\/v2\/posts\/4514\/revisions\/4515"}],"wp:attachment":[{"href":"http:\/\/www.ced.org.tr\/index.php?rest_route=%2Fwp%2Fv2%2Fmedia&parent=4514"}],"wp:term":[{"taxonomy":"category","embeddable":true,"href":"http:\/\/www.ced.org.tr\/index.php?rest_route=%2Fwp%2Fv2%2Fcategories&post=4514"},{"taxonomy":"post_tag","embeddable":true,"href":"http:\/\/www.ced.org.tr\/index.php?rest_route=%2Fwp%2Fv2%2Ftags&post=4514"}],"curies":[{"name":"wp","href":"https:\/\/api.w.org\/{rel}","templated":true}]}}