{"id":4516,"date":"2014-10-08T17:38:38","date_gmt":"2014-10-08T14:38:38","guid":{"rendered":"http:\/\/www.ced.org.tr\/?p=4516"},"modified":"2014-10-08T17:38:38","modified_gmt":"2014-10-08T14:38:38","slug":"sahra-hastanesine-ihtiyac-var","status":"publish","type":"post","link":"http:\/\/www.ced.org.tr\/?p=4516","title":{"rendered":"Sahra Hastanesine \u0130htiya\u00e7 Var"},"content":{"rendered":"<div>TTB Merkez Konseyi \u00dcyesi \u015eeyhmus G\u00f6kalp Suru\u00e7\u2019ta Kobane\u2019den gelen yaral\u0131lara sa\u011fl\u0131k hizmeti verirken ya\u015fad\u0131klar\u0131 sorunlar\u0131 ve oradaki son durumu ve ihtiya\u00e7lar\u0131 anlatt\u0131.<\/div>\n<div><\/div>\n<div>7 Ekim 2014<\/div>\n<p><!--more--><\/p>\n<p><a href=\"http:\/\/www.muhalefet.org\/haber-sahra-hastanesine-ihtiyac-var-12-12336.aspx\" target=\"_blank\">http:\/\/www.muhalefet.org\/<wbr \/>haber-sahra-hastanesine-<wbr \/>ihtiyac-var-12-12336.aspx<\/a><\/p>\n<div>\n<p><strong>Siz Suru\u00e7\u2019tas\u0131n\u0131z, Kobane\u2019den gelen yaral\u0131lara sa\u011fl\u0131k hizmeti vermek i\u00e7in, oradak durumdan bahsedebilir misiniz biraz?<\/strong><\/p>\n<p>\u015e\u00f6yle s\u00f6yleyim d\u00fcn 70 tane yaral\u0131 geldi, bug\u00fcn 18 tane yaral\u0131 geldi buraya. D\u00fcn 9 tane \u00f6l\u00fcm vakas\u0131 gelmi\u015fti bug\u00fcn de 2 yane \u00f6l\u00fcm vard\u0131. Gelenlerin %70\u2019i sava\u015f\u00e7\u0131 militanlar, %30\u2019u da sivil halktan. Gelen yaral\u0131lar\u0131n \u00f6zellikleri daha \u00e7ok g\u00f6\u011f\u00fcs yaralanmas\u0131, kafa yaralanmas\u0131, el ve ayaklar\u0131nda ate\u015fli silah yaralanmalar\u0131.<\/p>\n<p>S\u0131k\u0131nt\u0131lardan biri \u015fu, bazen kar\u015f\u0131 taraftan bu I\u015e\u0130D \u00e7eteleri bizim hastalar\u0131 ald\u0131\u011f\u0131m\u0131z s\u0131n\u0131r kap\u0131s\u0131n\u0131n yak\u0131n\u0131na havan topu at\u0131yorlar, dolay\u0131s\u0131yla hastalar yaral\u0131 gelip orada bekliyor, bu beklemeler kan kayb\u0131na ve zaman kayb\u0131na yol a\u00e7\u0131yor.<\/p>\n<p>\u0130kincisi, burada g\u00f6n\u00fcll\u00fc hekimler takviyesi yapt\u0131k TTB ve SES olarak, Sa\u011fl\u0131k Bakanl\u0131\u011f\u0131\u2019ndan bize gelen herhangi bir bilgi yok. Burada kendimiz bir koordinasyon birimi kurduk, TTB,SES ve Ba\u015fhekimliteki arkada\u015flarla. Suru\u00e7 Devlet Hastanesi\u2019nin ko\u015fullar\u0131 buraya az geliyor, kald\u0131rm\u0131yor buradaki ko\u015fullar\u0131. 50 yatakl\u0131 hastane ve mesela burada g\u00f6\u011f\u00fcs cerrah\u0131 yok, beyin cerrahisi yok, bunlar\u0131 d\u0131\u015far\u0131dan takviye ederek getirtiyoruz.<\/p>\n<p><strong>S\u0131n\u0131rdan yaral\u0131lar\u0131n ge\u00e7i\u015flerinde T\u00fcrkiye\u2019den bir engelleme ile kar\u015f\u0131la\u015f\u0131yor musunuz?<br \/>\n<\/strong><br \/>\nS\u0131n\u0131rdan ge\u00e7i\u015fleri bir saat b\u0131rak\u0131yorlar, bir saat engelliyorlar. Yani \u00e7ok de\u011fi\u015fken bir tutum ve tav\u0131r var. Bu de\u011fi\u015fken tavr\u0131 a\u015fmak i\u00e7in bizler de burada yerel y\u00f6neticilerle devreye giriyoruz bazen 1 saatimizi alan g\u00f6r\u00fc\u015fme trafi\u011fi yap\u0131yoruz. Bu da yaral\u0131lar i\u00e7in \u00e7ok b\u00fcy\u00fck kan kayb\u0131na yol a\u00e7\u0131yor. Bir sahra hastanesine ihtiya\u00e7 var burada. D\u0131\u015far\u0131ndan buraya bir doktor takviyesine ihtiya\u00e7 var, Urfa\u2019ya, Diyarbak\u0131r\u2019a\u2026 Biz burada triaj yap\u0131yoruz, acil de\u011ferlendirme, m\u00fcdahale ve sonras\u0131nda Diyarbak\u0131r\u2019a, Urfa\u2019ya y\u00f6nlendiriyoruz, o alanlarda da mutlaka deste\u011fe, Ad\u0131yaman\u2019da mesela, Antep\u2019te deste\u011fe ihtiya\u00e7 var. \u015eu anda Diyarbak\u0131r\u2019da, Urfa\u2019da hemen hemen hastanelerde bo\u015f yatak yok.<\/p>\n<p><strong>G\u00f6n\u00fcll\u00fc Hekim \u00e7a\u011fr\u0131s\u0131 vard\u0131 TTB\u2019nin, \u015fimdiye kadar ka\u00e7 ki\u015fi geldi?<\/strong><\/p>\n<p>Bug\u00fcn itibariyle bize g\u00f6n\u00fcll\u00fc olarak ba\u015fvuran 50 tane hekim var. Bunlar\u0131n bir k\u0131sm\u0131 buradalar, vaka al\u0131yorlar, Bir k\u0131sm\u0131 da kimisi yar\u0131n gelecek kimisi haftasonu gelecek\u2026<\/p>\n<p><strong>\u00d6nemli g\u00f6rd\u00fc\u011f\u00fcn\u00fcz, eklemek istedi\u011finiz bir\u015fey var m\u0131?<\/strong><\/p>\n<p>\u00d6nemli g\u00f6rd\u00fc\u011f\u00fcm \u015fey \u015fu, Sa\u011fl\u0131k Bakanl\u0131\u011f\u0131\u2019ndan mutlaka TTB Merkez Konseyi ile irtibatta olmal\u0131, Suru\u00e7 yerelinde ve Sa\u011fl\u0131k Bakanl\u0131\u011f\u0131\u2019ndaki yetkililerle birlikte bir koordinasyon kurulmal\u0131 ki bu s\u0131k\u0131nt\u0131lar\u0131 a\u015fabilelim.<\/p>\n<p><strong>\u015eu anda herhangi bir g\u00f6r\u00fc\u015fme oldu mu?<\/strong><\/p>\n<p>Yok g\u00f6r\u00fc\u015fmeler hep dolayl\u0131 oluyor, bu da zaman kayb\u0131na yol a\u00e7\u0131yor ama biliyorsun biz zamanla yar\u0131\u015f\u0131yoruz burada, hastata m\u00fcdahale ederke zaman bizim i\u00e7in \u00e7ok kritik, zamandan tasarruf i\u00e7in bu t\u00fcr koodinasyonlar elzem.<\/p>\n<\/div>\n","protected":false},"excerpt":{"rendered":"<p>TTB Merkez Konseyi \u00dcyesi \u015eeyhmus G\u00f6kalp Suru\u00e7\u2019ta Kobane\u2019den gelen yaral\u0131lara sa\u011fl\u0131k hizmeti verirken ya\u015fad\u0131klar\u0131 sorunlar\u0131 ve oradaki son durumu ve&#46;&#46;&#46;<\/p>\n","protected":false},"author":1,"featured_media":0,"comment_status":"closed","ping_status":"closed","sticky":false,"template":"","format":"standard","meta":{"_jetpack_memberships_contains_paid_content":false,"footnotes":""},"categories":[1],"tags":[],"class_list":["post-4516","post","type-post","status-publish","format-standard","hentry","category-ced"],"aioseo_notices":[],"jetpack_featured_media_url":"","jetpack_sharing_enabled":true,"jetpack-related-posts":[],"_links":{"self":[{"href":"http:\/\/www.ced.org.tr\/index.php?rest_route=\/wp\/v2\/posts\/4516","targetHints":{"allow":["GET"]}}],"collection":[{"href":"http:\/\/www.ced.org.tr\/index.php?rest_route=\/wp\/v2\/posts"}],"about":[{"href":"http:\/\/www.ced.org.tr\/index.php?rest_route=\/wp\/v2\/types\/post"}],"author":[{"embeddable":true,"href":"http:\/\/www.ced.org.tr\/index.php?rest_route=\/wp\/v2\/users\/1"}],"replies":[{"embeddable":true,"href":"http:\/\/www.ced.org.tr\/index.php?rest_route=%2Fwp%2Fv2%2Fcomments&post=4516"}],"version-history":[{"count":1,"href":"http:\/\/www.ced.org.tr\/index.php?rest_route=\/wp\/v2\/posts\/4516\/revisions"}],"predecessor-version":[{"id":4517,"href":"http:\/\/www.ced.org.tr\/index.php?rest_route=\/wp\/v2\/posts\/4516\/revisions\/4517"}],"wp:attachment":[{"href":"http:\/\/www.ced.org.tr\/index.php?rest_route=%2Fwp%2Fv2%2Fmedia&parent=4516"}],"wp:term":[{"taxonomy":"category","embeddable":true,"href":"http:\/\/www.ced.org.tr\/index.php?rest_route=%2Fwp%2Fv2%2Fcategories&post=4516"},{"taxonomy":"post_tag","embeddable":true,"href":"http:\/\/www.ced.org.tr\/index.php?rest_route=%2Fwp%2Fv2%2Ftags&post=4516"}],"curies":[{"name":"wp","href":"https:\/\/api.w.org\/{rel}","templated":true}]}}