{"id":4519,"date":"2014-10-28T23:35:58","date_gmt":"2014-10-28T21:35:58","guid":{"rendered":"http:\/\/www.ced.org.tr\/?p=4519"},"modified":"2014-10-28T23:37:06","modified_gmt":"2014-10-28T21:37:06","slug":"saglikta-ortacaga-donus","status":"publish","type":"post","link":"http:\/\/www.ced.org.tr\/?p=4519","title":{"rendered":"Sa\u011fl\u0131kta Orta\u00e7a\u011f\u2019a d\u00f6n\u00fc\u015f"},"content":{"rendered":"<p>Birg\u00fcn &#8211; 28 Ekim 2014<\/p>\n<div>\n<p>Sa\u011fl\u0131k alan\u0131nda Orta\u00e7a\u011f\u2019a d\u00f6n\u00fc\u015f\u00fcn yolunu a\u00e7acak Geleneksel ve Tamamlay\u0131c\u0131 T\u0131p Uygulamalar\u0131 Y\u00f6netmeli\u011fi Resmi Gazete\u2019de yay\u0131mland\u0131.<\/p>\n<\/div>\n<p><!--more--><\/p>\n<div>\n<p>TTB Genel Sekreteri \u015eener, \u201cT\u0131bb\u0131n alternatifi olmaz. Bu \u015farlatanl\u0131kt\u0131r. TTB bu y\u00f6netmeli\u011fe dava a\u00e7acak\u201d derken ATO Genel Sekreteri Basa, \u201cY\u00f6netmeli\u011fin amac\u0131 sa\u011fl\u0131k turizmine kap\u0131 a\u00e7mak. Akla ziyan bu uygulamay\u0131 kabul etmiyoruz\u201d dedi.<\/p>\n<p>Geleneksel ve Tamamlay\u0131c\u0131 T\u0131p Uygulamalar\u0131 Y\u00f6netmeli\u011fi sa\u011fl\u0131k emek\u00e7ilerinin t\u00fcm itirazlar\u0131na ra\u011fmen Resmi Gazete&#8217;de yay\u0131mlanarak y\u00fcr\u00fcrl\u00fc\u011fe girdi. Y\u00f6netmelikle sa\u011fl\u0131k alan\u0131nda orta\u00e7a\u011fa d\u00f6n\u00fc\u015f ya\u015fanaca\u011f\u0131 dile getirilirken, TTB Genel Sekreteri \u015eener, \u201cT\u0131bb\u0131n alternatifi olmaz. T\u0131bb\u0131n alternatifi b\u00fcy\u00fcc\u00fcl\u00fckt\u00fcr, \u015farlatanl\u0131kt\u0131r. TTB bu y\u00f6netmeli\u011fe dava a\u00e7acak\u201d dedi.<br \/>\n<strong><br \/>\nMERD\u0130VEN ALTI ME\u015eRULA\u015eIYOR<\/strong><br \/>\nUzun s\u00fcredir sa\u011fl\u0131k emek\u00e7ilerinin g\u00fcndeminde olan ve tart\u0131\u015fma yaratan y\u00f6netmelik ile \u2018merdiven alt\u0131\u2019 olarak isimlendirilen ve sa\u011fl\u0131k emek\u00e7ilerinin \u2018bilimsellikten uzak\u2019 diyerek itiraz etti\u011fi geleneksel y\u00f6ntemler me\u015frula\u015ft\u0131r\u0131ld\u0131.<\/p>\n<p>Y\u00f6netmeli\u011fe g\u00f6re, bakanl\u0131k\u00e7a Geleneksel ve Tamamlay\u0131c\u0131 T\u0131p Uygulamalar\u0131 Bilim Komisyonu olu\u015fturulacak. Sa\u011fl\u0131k Hizmetleri Genel M\u00fcd\u00fcr\u00fc veya g\u00f6revlendirece\u011fi yetkilinin ba\u015fkanl\u0131\u011f\u0131nda kurulacak ve 11 \u00fcyeden olu\u015facak olan komisyon, \u201cuygulamalar ile ilgili y\u00f6nlendirici, ayd\u0131nlat\u0131c\u0131 ve bilimsel \u00e7al\u0131\u015fmalar yapmak ve yapt\u0131rmak, ihtiya\u00e7 duyulan konularda \u00e7al\u0131\u015fma yapmak \u00fczere alt komisyonlar kurmak\u201d ile g\u00f6revlendirildi.<\/p>\n<p><strong>TTB&#8217;den dava<\/strong><br \/>\nT\u00fcrk Tabipleri Birli\u011fi (TTB) Genel Sekreteri Prof. Dr. \u00d6zden \u015eener ve Ankara Tabip Odas\u0131 (ATO) Genel Sekreteri Dr. Ebru Basa BirG\u00fcn\u2019e konu\u015ftu.<\/p>\n<p>Prof. Dr. \u00d6zden \u015eener: T\u0131bb\u0131n alternatifi olmaz. T\u0131bb\u0131n alternatifi b\u00fcy\u00fcc\u00fcl\u00fckt\u00fcr, \u015farlatanl\u0131kt\u0131r. Bilimsel olarak kan\u0131tlanmayan y\u00f6ntemler ile ger\u00e7ek bir tedavi sa\u011flanamaz. Bilimsel olmayan e\u011fitim \u00fcniversitelere ders ad\u0131 alt\u0131nda yerle\u015ftirilerek me\u015frula\u015ft\u0131r\u0131lmaya \u00e7al\u0131\u015f\u0131l\u0131yor. Piyasaya faydal\u0131 olmak ad\u0131na Bakanl\u0131k taraf\u0131ndan hayata ge\u00e7irilecek bu uygulamaya itiraz ediyoruz. Uzmanl\u0131k Dernekleri ile y\u00fcr\u00fctt\u00fc\u011f\u00fcm\u00fcz \u00e7al\u0131\u015fmalar do\u011frultusunda bu y\u00f6netmelik i\u00e7in TTB olarak dava a\u00e7aca\u011f\u0131z. Bilimsellikten uzak, orta\u00e7a\u011f zihniyetinin hortlad\u0131\u011f\u0131 bu y\u00f6netmeli\u011fe itiraz etti\u011fimizin alt\u0131n\u0131 \u00e7izece\u011fiz.<\/p>\n<p><strong>AKLA Z\u0130YAN UYGULAMA<\/strong><br \/>\nDr. Ebru Basa: Bilimsel olaca\u011f\u0131 iddia edilen ama bilimsellikten uzak bu uygulama kabul edilemez. \u2018Geleneksel\u2019 ad\u0131 kullan\u0131larak masumane bir uygulama gibi g\u00f6sterilen bu y\u00f6netmelik ile sanki merdivan alt\u0131 uygulamalar kontrol edilecekmi\u015f gibi g\u00f6sterilse de bu y\u00f6netmelik ile merdiven alt\u0131 uygulamalar me\u015frula\u015f\u0131yor. Bu y\u00f6netmeli\u011fin bir di\u011fer amac\u0131 da sa\u011fl\u0131k turizmine kap\u0131 a\u00e7mak. Akla ziyan bu uygulamay\u0131 kabul etmiyoruz.<\/p>\n<p><strong>Uygulama sertifikas\u0131 yetecek<\/strong><br \/>\nY\u00f6netmeli\u011fe g\u00f6re, uygulamalar, bakanl\u0131k\u00e7a yetkilendirilmi\u015f \u00fcnite ile uygulama merkezlerinde \u201cuygulama sertifikas\u0131\u201d bulunan tabip ve sadece di\u015f hekimli\u011fi alan\u0131nda olmak \u00fczere di\u015f tabibi taraf\u0131ndan yap\u0131labilecek. Temel e\u011fitimi bulunan sa\u011fl\u0131k meslek mensuplar\u0131 merkez ve \u00fcnitelerde sertifikal\u0131 tabiplere uygulamada yard\u0131mc\u0131 olabilecek. A\u00e7\u0131lacak muayenehanelerde \u00fccretlendirme ise bakanl\u0131k\u00e7a belirlenecek. Y\u00f6netmelik kapsam\u0131ndaki sertifikal\u0131 e\u011fitimler, Sa\u011fl\u0131k Bakanl\u0131\u011f\u0131 Sertifikal\u0131 E\u011fitim Y\u00f6netmeli\u011fi kapsam\u0131nda, bakanl\u0131k\u00e7a yetkilendirilmi\u015f merkezler taraf\u0131ndan verilecek. Ayr\u0131ca\u00a0 akupunktur, hipnoz ve refleksolojiyi de i\u00e7ine alan 15 geleneksel y\u00f6ntem kullan\u0131lacak.<\/p>\n<p><strong>SA\u011eLIK TUR\u0130ZMC\u0130LER\u0130NE YARIYOR<\/strong><br \/>\nY\u00f6netmelikle turizm belgeli konaklama tesislerinde geleneksel ve tamamlay\u0131c\u0131 t\u0131p uygulamalar\u0131n\u0131n yap\u0131laca\u011f\u0131 klinikler a\u00e7\u0131lmas\u0131na da olanak sa\u011fland\u0131. Y\u00f6netmelikte, \u201cK\u00fclt\u00fcr ve Turizm Bakanl\u0131\u011f\u0131\u2019ndan belgeli konaklama tesislerinde, tesiste konaklayan ve sadece akut tedavisi tamamlanm\u0131\u015f ki\u015filere uygulanmak kayd\u0131yla bakanl\u0131k\u00e7a uygun g\u00f6r\u00fclen uygulamalara y\u00f6nelik birim, planlama kapsam\u0131nda kurulabilir. Konaklama tesisinin bulundu\u011fu ildeki \u00f6zel hastaneler ile Ayakta Te\u015fhis ve Tedavi Yap\u0131lan \u00d6zel Sa\u011fl\u0131k Kurulu\u015flar\u0131 Hakk\u0131nda Y\u00f6netmelik kapsam\u0131ndaki \u00f6zel sa\u011fl\u0131k kurulu\u015flar\u0131 taraf\u0131ndan kendi kadro ve kapasitesinin kullan\u0131lmas\u0131 kayd\u0131yla planlamadan istisna olarak konaklama tesislerinde birim olarak a\u00e7\u0131labilir\u201d maddesi ise y\u00f6netmeli\u011fin sa\u011fl\u0131k turizmcilerinin i\u015fine yarad\u0131\u011f\u0131n\u0131 g\u00f6zler \u00f6n\u00fcne serdi.<\/p>\n<p><em>Haber: Burcu Cansu\/BirG\u00fcn<\/em><\/p>\n<\/div>\n<p><!--more--><\/p>\n<p><!--more--><\/p>\n<p><!--more--><\/p>\n<p><!--more--><\/p>\n<p><span style=\"color: #b21117; font-family: arial, sans-serif; font-size: 12.8000001907349px; line-height: normal;\">\u00a0<\/span><\/p>\n","protected":false},"excerpt":{"rendered":"<p>Birg\u00fcn &#8211; 28 Ekim 2014 Sa\u011fl\u0131k alan\u0131nda Orta\u00e7a\u011f\u2019a d\u00f6n\u00fc\u015f\u00fcn yolunu a\u00e7acak Geleneksel ve Tamamlay\u0131c\u0131 T\u0131p Uygulamalar\u0131 Y\u00f6netmeli\u011fi Resmi Gazete\u2019de yay\u0131mland\u0131.<\/p>\n","protected":false},"author":1,"featured_media":0,"comment_status":"closed","ping_status":"closed","sticky":false,"template":"","format":"standard","meta":{"_jetpack_memberships_contains_paid_content":false,"footnotes":""},"categories":[63],"tags":[],"class_list":["post-4519","post","type-post","status-publish","format-standard","hentry","category-basinda-saglik"],"aioseo_notices":[],"jetpack_featured_media_url":"","jetpack_sharing_enabled":true,"jetpack-related-posts":[],"_links":{"self":[{"href":"http:\/\/www.ced.org.tr\/index.php?rest_route=\/wp\/v2\/posts\/4519","targetHints":{"allow":["GET"]}}],"collection":[{"href":"http:\/\/www.ced.org.tr\/index.php?rest_route=\/wp\/v2\/posts"}],"about":[{"href":"http:\/\/www.ced.org.tr\/index.php?rest_route=\/wp\/v2\/types\/post"}],"author":[{"embeddable":true,"href":"http:\/\/www.ced.org.tr\/index.php?rest_route=\/wp\/v2\/users\/1"}],"replies":[{"embeddable":true,"href":"http:\/\/www.ced.org.tr\/index.php?rest_route=%2Fwp%2Fv2%2Fcomments&post=4519"}],"version-history":[{"count":1,"href":"http:\/\/www.ced.org.tr\/index.php?rest_route=\/wp\/v2\/posts\/4519\/revisions"}],"predecessor-version":[{"id":4520,"href":"http:\/\/www.ced.org.tr\/index.php?rest_route=\/wp\/v2\/posts\/4519\/revisions\/4520"}],"wp:attachment":[{"href":"http:\/\/www.ced.org.tr\/index.php?rest_route=%2Fwp%2Fv2%2Fmedia&parent=4519"}],"wp:term":[{"taxonomy":"category","embeddable":true,"href":"http:\/\/www.ced.org.tr\/index.php?rest_route=%2Fwp%2Fv2%2Fcategories&post=4519"},{"taxonomy":"post_tag","embeddable":true,"href":"http:\/\/www.ced.org.tr\/index.php?rest_route=%2Fwp%2Fv2%2Ftags&post=4519"}],"curies":[{"name":"wp","href":"https:\/\/api.w.org\/{rel}","templated":true}]}}